{"id":111405,"date":"2018-03-12T05:25:22","date_gmt":"2018-03-12T08:25:22","guid":{"rendered":"https:\/\/senoticias.com.br\/se\/?p=111405"},"modified":"2018-03-13T06:25:24","modified_gmt":"2018-03-13T09:25:24","slug":"jackson-celebra-historia-de-marcelo-deda-com-monumento-em-homenagem-ao-ex-governador","status":"publish","type":"post","link":"https:\/\/senoticias.com.br\/se\/jackson-celebra-historia-de-marcelo-deda-com-monumento-em-homenagem-ao-ex-governador\/","title":{"rendered":"Jackson Barreto e Eliane Aquino inauguram o Monumento Marcelo D\u00e9da"},"content":{"rendered":"<p style=\"text-align: justify;\">Ao inaugurar o Monumento Marcelo D\u00e9da no final da tarde deste domingo, 11, o governador Jackson Barreto ouviu de Eliane Aquino, vi\u00fava do ex-governador, um agradecimento especial. Ela ressaltou que a execu\u00e7\u00e3o da obra s\u00f3 foi poss\u00edvel por conta do compromisso de Jackson Barreto em preservar a mem\u00f3ria de D\u00e9da.<\/p>\n<p style=\"text-align: justify;\">\u201cJackson Barreto \u00e9 um amigo irm\u00e3o que abra\u00e7ou o projeto e convocou o Instituto Banese para execut\u00e1-lo\u201d, afirmou a vice-prefeita de Aracaju ao agradecer emocionada ao governador.<\/p>\n<div id=\"attachment_111407\" style=\"width: 609px\" class=\"wp-caption aligncenter\"><a href=\"https:\/\/senoticias.com.br\/se\/wp-content\/uploads\/2018\/03\/384b6299ba92c114f31832571e719021-e1520842923678.jpeg\"><img loading=\"lazy\" decoding=\"async\" aria-describedby=\"caption-attachment-111407\" class=\"size-full wp-image-111407\" src=\"https:\/\/senoticias.com.br\/se\/wp-content\/uploads\/2018\/03\/384b6299ba92c114f31832571e719021-e1520842923678.jpeg\" alt=\"\" width=\"599\" height=\"417\" \/><\/a><p id=\"caption-attachment-111407\" class=\"wp-caption-text\">O Monumento Marcelo D\u00e9da est\u00e1 cravado no Parque da Sementeira, entre as \u00e1rvores plantadas por ele e Eliane Aquino (foto: Marcelle Cristinne\/ASN)<\/p><\/div>\n<p dir=\"ltr\" style=\"text-align: justify;\">O Monumento Marcelo D\u00e9da est\u00e1 cravado no Parque da Sementeira, entre as \u00e1rvores plantadas por ele e Eliane Aquino. A constru\u00e7\u00e3o do monumento foi feita pelo governo do Estado e pelo Instituto Banese. O Instituto Marcelo D\u00e9da colaborou com a log\u00edstica para implanta\u00e7\u00e3o do projeto.<\/p>\n<p dir=\"ltr\" style=\"text-align: justify;\">A solenidade contou com a presen\u00e7a dos cinco filhos do ex-governador, da sua m\u00e3e Zilda D\u00e9da, irm\u00e3s, do senador Humberto Costa (PE), do ex-governador da Bahia Jacques Wagner, da primeira dama do Acre,C\u00e2ndida Viana, do vice-governador Belivaldo Chagas.<\/p>\n<p dir=\"ltr\" style=\"text-align: justify;\">A data foi escolhida especialmente por ser o dia do 58\u00ba anivers\u00e1rio de nascimento de Marcelo D\u00e9da, caso ele ainda estivesse vivo.\u00a0 A solenidade tamb\u00e9m marca a abertura da programa\u00e7\u00e3o oficial das comemora\u00e7\u00f5es dos 163 anos de Aracaju, que ocorrer\u00e1 no dia 17 de mar\u00e7o.<\/p>\n<p dir=\"ltr\" style=\"text-align: justify;\">Jackson Barreto afirmou que o Monumento Marcelo D\u00e9da servir\u00e1 para as futuras gera\u00e7\u00f5es, ao visitarem a Sementeira, terem a oportunidade de conhecer um pouco da vida de um homem p\u00fablico que foi uma grande express\u00e3o nacional. \u201cUm homem que muito fez pelo nosso estado, muito fez pela nossa cidade e que marcou a sua vida de forma muito efetiva em defesa da liberdade, da democracia, dos princ\u00edpios da \u00e9tica, que \u00e9 muito importante\u201d, acentuou.<\/p>\n<p dir=\"ltr\" style=\"text-align: justify;\">O governador tamb\u00e9m disse que a homenagem marca a passagem dos 58 anos de Marcelo D\u00e9da, caso ele ainda estivesse vivo. \u201cComo seu amigo, amigo de Eliane Aquino e de sua fam\u00edlia, eu fui convocado para dar minha contribui\u00e7\u00e3o para a realiza\u00e7\u00e3o desse evento. Aqui est\u00e1 o monumento pronto. Gra\u00e7as a Deus, buscamos as condi\u00e7\u00f5es para deix\u00e1-lo pronto na data de seu anivers\u00e1rio\u201d, ressaltou.<\/p>\n<p dir=\"ltr\" style=\"text-align: justify;\">Jackson Barreto destacou ainda a import\u00e2ncia pol\u00edtica de Marcelo D\u00e9da para Sergipe e para o Brasil. \u201cEle seria o grande nome nacional do seu partido para a elei\u00e7\u00e3o presidencial, n\u00e3o apenas por conta da sua intelig\u00eancia e compet\u00eancia, mas pelo seu compromisso com a democracia, a liberdade e, acima de tudo, com a \u00e9tica na vida p\u00fablica que foi a grande marca de Marcelo D\u00e9da. N\u00e3o foi s\u00f3 uma homenagem por fazer um monumento, mas um hino de amor e lealdade a um amigo\u201d, disse.<\/p>\n<p dir=\"ltr\" style=\"text-align: justify;\">\u201cNeste dia de homenagem, n\u00e3o tenho a menor d\u00favida de que ele est\u00e1 por aqui\u201d, finalizou ao dizer que o momento \u00e9 para entoar a m\u00fasica de Milton Nascimento, Can\u00e7\u00e3o da Am\u00e9rica: \u201cAmigo \u00e9 coisa pra se guardar no lado esquerdo do peito&#8230;\u201d.<\/p>\n<p dir=\"ltr\" style=\"text-align: justify;\">A vice-prefeita e vi\u00fava de Marcelo D\u00e9da Eliane Aquino disse que o Monumento \u00e9 um presente n\u00e3o s\u00f3 para a fam\u00edlia e os amigos, mas para toda a cidade. \u201cEntreg\u00e1-lo para a popula\u00e7\u00e3o \u00e9 um momento de muita alegria. Queremos que essa obra dialogue com as atuais e com as futuras gera\u00e7\u00f5es. Que ele seja uma grande fonte de inspira\u00e7\u00e3o para quem est\u00e1 ou que deseja entrar na pol\u00edtica. \u00c9 o legado de um homem que lutou muito por sua terra e por seu pa\u00eds\u201d, afirmou ao dizer que, ao inaugurar o monumento, tem a sensa\u00e7\u00e3o de dever cumprido e que deve isso ao empenho do governador Jackson Barreto.<\/p>\n<p dir=\"ltr\" style=\"text-align: justify;\">O senador Humberto Costa veio prestigiar a inaugura\u00e7\u00e3o do Monumento de Marcelo D\u00e9da e disse que \u00e9 um momento de muita alegria para quem \u00e9 amigo dele. Humberto Costa tamb\u00e9m \u00e9 compadre de D\u00e9da por ter batizado o seu filho Jo\u00e3o Marcelo. \u201cConsidero D\u00e9da um dos maiores pol\u00edticos que tivemos em nosso pa\u00eds. Um orador sem d\u00favida inigual\u00e1vel e um pol\u00edtico preocupado com as condi\u00e7\u00f5es de vida do seu povo, com a democracia, a liberdade e a boa aplica\u00e7\u00e3o dos recursos p\u00fablicos. Isso \u00e9 muito relevante para n\u00f3s num tempo t\u00e3o dif\u00edcil como vivemos hoje\u201d, afirmou.<\/p>\n<p dir=\"ltr\" style=\"text-align: justify;\">O ex-governador Jaques Wagner disse que veio participar da inaugura\u00e7\u00e3o como forma de prestar a sua homenagem ao amigo Marcelo D\u00e9da. \u201cD\u00e9da era um pol\u00edtico fant\u00e1stico. Tinha uma capacidade de dialogar com os advers\u00e1rios. Era um poeta na pol\u00edtica, adorava fazer discurso falando de poesia. Me lembro dele, j\u00e1 doente, no Pal\u00e1cio do Planalto, fez um discurso num evento que foi algo memor\u00e1vel. \u00c9 uma pessoa diferenciada, uma alma enorme, um homem preparado, sempre trabalhou muito. Vim aqui prestar essa homenagem. Sempre tive muito carinho, muito respeito pela verdade que ele sempre foi\u201d, ressaltou.<\/p>\n<p dir=\"ltr\" style=\"text-align: justify;\">Visivelmente emocionado, o prefeito Edvaldo Nogueira afirmou que Marcelo D\u00e9da foi um grande amigo de mais de 30 anos e um aliado pol\u00edtico em que teve uma conviv\u00eancia muito grande. Ele lembrou que entraram juntos, em 1979, na Universidade Federal de Sergipe, Edvaldo fazendo Medicina e D\u00e9da Direito e talharam no movimento estudantil a carreira pol\u00edtica de ambos, al\u00e9m de \u00a0consolidaram uma grande amizade.<\/p>\n<p dir=\"ltr\" style=\"text-align: justify;\">Edvaldo reconheceu que Marcelo D\u00e9da foi o mais brilhante de sua gera\u00e7\u00e3o. \u201cTinha uma vasta cultura, mente inquietante, falava com propriedade sobre qualquer coisa. Tinha uma sagacidade pol\u00edtica e era comprometido com os que mais precisavam. Era um homem de posi\u00e7\u00e3o, de partido e nunca abriu m\u00e3o de suas ideias\u201d, destacou.<\/p>\n<p dir=\"ltr\" style=\"text-align: justify;\">A jornalista Iasmim D\u00e9da, filha de Marcelo D\u00e9da, considera a homenagem ao seu pai de grande import\u00e2ncia para a popula\u00e7\u00e3o. \u201cMeu pai exerceu diversos cargos p\u00fablicos e deixou um legado que agora est\u00e1 materializado com essa obra para a popula\u00e7\u00e3o aproveitar. N\u00e3o \u00e9 uma coisa distante, est\u00e1 no meio de um parque em que a popula\u00e7\u00e3o ter\u00e1 acesso para conhecer a hist\u00f3ria dele, as crian\u00e7as brincarem na fonte. \u00c9 um monumento vivo em que as pessoas podem interagir e conhecer um pouco da hist\u00f3ria dele\u201d, afirmou.<\/p>\n<p dir=\"ltr\" style=\"text-align: justify;\">O presidente do Instituto Banese, \u00c9zio D\u00e9da, discorreu sobre o monumento, relatando que ele \u00e9 um espa\u00e7o de reflex\u00e3o e contempla\u00e7\u00e3o.<\/p>\n<p dir=\"ltr\"><strong>Monumento<\/strong><\/p>\n<p dir=\"ltr\" style=\"text-align: justify;\">Sob as \u00e1rvores que ele plantou junto com Eliane Aquino foram depositadas as suas cinzas e tamb\u00e9m colocada uma c\u00e1psula do tempo com uma pequena biografia dele. \u00c0 sombra dessa \u00e1rvore, foi erguida uma est\u00e1tua, onde ele est\u00e1 sentado num banco e tem \u00e0s m\u00e3os uma representa\u00e7\u00e3o do jornal \u2018A Semana\u2019, de Sim\u00e3o Dias.<\/p>\n<p>Entre as \u00e1rvores que receberam parte das cinzas do governador, foi implantado um espelho d\u2019\u00e1gua e um grande disco que traz gravado em granito o mapa de Sergipe. Uma nascente foi colocada em cima da localiza\u00e7\u00e3o do munic\u00edpio de Sim\u00e3o Dias, terra natal de Marcelo D\u00e9da.<\/p>\n<p>Ao redor do espa\u00e7o do espelho d\u00b4\u00e1gua h\u00e1 53 estrelas, que representam os anos vividos por D\u00e9da. Combinadas com o azul escuro do c\u00e9u, as estrelas acender\u00e3o \u00e0 noite. Embaixo do grande disco, ao centro do monumento, luzes de led dar\u00e3o efeito de que o ambiente estar\u00e1 flutuando em conson\u00e2ncia com o toque do vento.<\/p>\n<p>Ao fundo do monumento est\u00e3o seis pain\u00e9is, cinco representam cada d\u00e9cada vivida por D\u00e9da, desde o seu nascimento at\u00e9 o seu falecimento em dezembro de 2013. Os pain\u00e9is contam informa\u00e7\u00f5es biogr\u00e1ficas do ex-governador.<\/p>\n<p>No meio desses pain\u00e9is, um poema foi cravado como lembran\u00e7a da orat\u00f3ria e dos discursos marcantes do ex-governador. Assim como o grande disco, o local tamb\u00e9m recebeu l\u00e2mpadas de led que possibilitar\u00e3o a contempla\u00e7\u00e3o do espa\u00e7o \u00e0 noite.<\/p>\n<p>O monumento foi erguido atendendo os crit\u00e9rios de acessibilidade, com duas rampas laterais. O espa\u00e7o em homenagem a Marcelo D\u00e9da ter\u00e1 uma escadaria principal. No local, as pessoas poder\u00e3o se refrescar com a \u00e1gua pot\u00e1vel que escorre da fonte.<\/p>\n<p>Duas \u00e1rvores &#8211; Pau-Brasil e Ip\u00ea &#8211; plantadas pelo governador Marcelo D\u00e9da e por sua vi\u00fava, complementam o monumento. Uma terceira \u00e1rvore, que fica ao lado, recebeu as cinzas do ex-senador Jos\u00e9 Eduardo Dutra, falecido em 2015.<\/p>\n<p dir=\"ltr\"><strong>Acompanhe tamb\u00e9m o SE Not\u00edcias no<\/strong><span class=\"apple-converted-space\"><b>\u00a0<\/b><\/span><a href=\"https:\/\/twitter.com\/Senoticias\" target=\"_blank\" rel=\"noopener\"><b>Twitter<\/b><\/a><strong>,<\/strong><span class=\"apple-converted-space\"><b>\u00a0<\/b><\/span><a href=\"https:\/\/www.facebook.com\/senoticias1\" target=\"_blank\" rel=\"noopener\"><b>Facebook<\/b><span class=\"apple-converted-space\"><b>\u00a0<\/b><\/span><\/a><strong>e no<\/strong><span class=\"apple-converted-space\"><b>\u00a0<\/b><\/span><a href=\"https:\/\/www.instagram.com\/senoticias\/\" target=\"_blank\" rel=\"noopener\"><b>Instagram<\/b><\/a><\/p>\n<p dir=\"ltr\"><a href=\"https:\/\/senoticias.com.br\/se\/wp-content\/uploads\/2018\/02\/Logomarca-fone-SE-4-2-1.jpg\"><img loading=\"lazy\" decoding=\"async\" class=\"aligncenter size-full wp-image-111094\" src=\"https:\/\/senoticias.com.br\/se\/wp-content\/uploads\/2018\/02\/Logomarca-fone-SE-4-2-1.jpg\" alt=\"\" width=\"599\" height=\"78\" srcset=\"https:\/\/senoticias.com.br\/se\/wp-content\/uploads\/2018\/02\/Logomarca-fone-SE-4-2-1.jpg 599w, https:\/\/senoticias.com.br\/se\/wp-content\/uploads\/2018\/02\/Logomarca-fone-SE-4-2-1-300x39.jpg 300w\" sizes=\"(max-width: 599px) 100vw, 599px\" \/><\/a><\/p>\n<p dir=\"ltr\"><strong><em>Ag\u00eancia Sergipe de Not\u00edcias<\/em><\/strong><\/p>\n","protected":false},"excerpt":{"rendered":"<p>Ao inaugurar o Monumento Marcelo D\u00e9da no final da tarde deste domingo, 11, o governador Jackson Barreto ouviu de Eliane Aquino, vi\u00fava do ex-governador, um agradecimento especial. Ela ressaltou que a execu\u00e7\u00e3o da obra s\u00f3 foi poss\u00edvel por conta do compromisso de Jackson Barreto em preservar a mem\u00f3ria de D\u00e9da. \u201cJackson Barreto \u00e9 um amigo [&hellip;]<\/p>\n","protected":false},"author":6552,"featured_media":111407,"comment_status":"closed","ping_status":"closed","sticky":false,"template":"","format":"standard","meta":{"footnotes":""},"categories":[15,6],"tags":[1564,8988,114,8291,9004,3749,9003],"class_list":{"0":"post-111405","1":"post","2":"type-post","3":"status-publish","4":"format-standard","5":"has-post-thumbnail","7":"category-destaques","8":"category-politica","9":"tag-eliane-aquino","10":"tag-instituto-marcelo-deda","11":"tag-jackson-barreto","12":"tag-marcelo-deda","13":"tag-monumento-marcelo-deda","14":"tag-parque-da-sementeira","15":"tag-zilda-deda"},"_links":{"self":[{"href":"https:\/\/senoticias.com.br\/se\/wp-json\/wp\/v2\/posts\/111405"}],"collection":[{"href":"https:\/\/senoticias.com.br\/se\/wp-json\/wp\/v2\/posts"}],"about":[{"href":"https:\/\/senoticias.com.br\/se\/wp-json\/wp\/v2\/types\/post"}],"author":[{"embeddable":true,"href":"https:\/\/senoticias.com.br\/se\/wp-json\/wp\/v2\/users\/6552"}],"replies":[{"embeddable":true,"href":"https:\/\/senoticias.com.br\/se\/wp-json\/wp\/v2\/comments?post=111405"}],"version-history":[{"count":0,"href":"https:\/\/senoticias.com.br\/se\/wp-json\/wp\/v2\/posts\/111405\/revisions"}],"wp:featuredmedia":[{"embeddable":true,"href":"https:\/\/senoticias.com.br\/se\/wp-json\/wp\/v2\/media\/111407"}],"wp:attachment":[{"href":"https:\/\/senoticias.com.br\/se\/wp-json\/wp\/v2\/media?parent=111405"}],"wp:term":[{"taxonomy":"category","embeddable":true,"href":"https:\/\/senoticias.com.br\/se\/wp-json\/wp\/v2\/categories?post=111405"},{"taxonomy":"post_tag","embeddable":true,"href":"https:\/\/senoticias.com.br\/se\/wp-json\/wp\/v2\/tags?post=111405"}],"curies":[{"name":"wp","href":"https:\/\/api.w.org\/{rel}","templated":true}]}}