{"id":111385,"date":"2018-03-11T08:23:53","date_gmt":"2018-03-11T11:23:53","guid":{"rendered":"https:\/\/senoticias.com.br\/se\/?p=111385"},"modified":"2018-03-11T08:23:53","modified_gmt":"2018-03-11T11:23:53","slug":"em-itabaiana-luciano-bispo-recebe-lideres-politicos-em-ato-de-apoio-a-belivaldo-chagas","status":"publish","type":"post","link":"https:\/\/senoticias.com.br\/se\/em-itabaiana-luciano-bispo-recebe-lideres-politicos-em-ato-de-apoio-a-belivaldo-chagas\/","title":{"rendered":"Em Itabaiana, Luciano Bispo, recebe l\u00edderes pol\u00edticos em ato de apoio a Belivaldo Chagas"},"content":{"rendered":"<p>&nbsp;<\/p>\n<p style=\"text-align: justify;\">\nNo in\u00edcio da tarde deste s\u00e1bado, 10, o deputado estadual e presidente da Assembleia Legislativa, Luciano Bispo, ofereceu um almo\u00e7o, em Itabaiana, para lideran\u00e7as pol\u00edticas de todo estado em prol da pr\u00e9-candidatura de Belivaldo Chagas ao governo do Estado.<\/p>\n<div id=\"attachment_111386\" style=\"width: 609px\" class=\"wp-caption aligncenter\"><a href=\"https:\/\/senoticias.com.br\/se\/wp-content\/uploads\/2018\/03\/Luciano-Bispo-SE-Noticias-e1520767198902.png\"><img loading=\"lazy\" decoding=\"async\" aria-describedby=\"caption-attachment-111386\" class=\"size-full wp-image-111386\" src=\"https:\/\/senoticias.com.br\/se\/wp-content\/uploads\/2018\/03\/Luciano-Bispo-SE-Noticias-e1520767198902.png\" alt=\"\" width=\"599\" height=\"337\" \/><\/a><p id=\"caption-attachment-111386\" class=\"wp-caption-text\">O prefeito de S\u00e3o Crist\u00f3v\u00e3o, Marcos Santana falou em nome de todos os prefeitos (foto: Or\u00e1cio Oliveira)<\/p><\/div>\n<p style=\"text-align: justify;\">O ato contou com a presen\u00e7a do governador Jackson Barreto, de prefeitos, dos deputados federais F\u00e1bio Mitidieri, Jo\u00e3o Daniel; dos deputados estaduais Zezinho Guimar\u00e3es, Jeferson Andrade, Lu\u00eds Mitidieri, Jairo de Gl\u00f3ria, Robson Viana, presidentes de partidos, vice-prefeitos, vereadores, ex-prefeitos e lideran\u00e7as pol\u00edticas de todas as regi\u00f5es do estado.<\/p>\n<p style=\"text-align: justify;\">O governador Jackson Barreto disse que este ato fortalece a pr\u00e9-candidatura de Belivaldo Chagas, um homem que tem todos os valores que o povo de Sergipe precisa para um governador.<\/p>\n<p style=\"text-align: justify;\">\u201cBelivaldo tem uma hist\u00f3ria de vida limpa, um homem \u00e9tico, leal e tem compromisso com o povo. \u00c9 trabalhador e competente\u201d, afirmou.<\/p>\n<p>Belivaldo Chagas agradeceu ao deputado Luciano Bispo. \u201cObrigado por esse presente de estar junto desses amigos de todo estado aqui em Itabaiana. O anivers\u00e1rio \u00e9 de Luciano, mas quem ganhou o presente fui eu\u201d, lembrou Belivaldo.<\/p>\n<p style=\"text-align: justify;\">O vice-governador fez quest\u00e3o de mandar um recado para a oposi\u00e7\u00e3o. \u201cQuero dizer aos meus opositores: Eu n\u00e3o tenho medo porque sou uma pessoa de f\u00e9 e de coragem. Fa\u00e7o parte de um grupo que pensa em Sergipe e n\u00e3o em interesses pr\u00f3prios, em papai, em filhinho, na prefeitura em 2020 e em interesses pessoais\u201d, alfinetou.<\/p>\n<p style=\"text-align: justify;\">O deputado estadual e anfitri\u00e3o Luciano Bispo agradeceu a presen\u00e7a das lideran\u00e7as de todos estado. \u201cN\u00f3s aqui fazemos pol\u00edtica com amor e lealdade. Aqui \u00e9 s\u00f3 uma pequena amostra da lideran\u00e7a de Jackson Barreto e de todo esse grupo. Vamos somar e trabalhar porque dos candidatos que est\u00e3o se colocando, o mais competente, mais honesto, homem de palavra, \u00e9 Belivaldo Chagas\u201d, afirmou Bispo.<\/p>\n<p style=\"text-align: justify;\">O presidente do Partido dos Trabalhadores, Rog\u00e9rio Carvalho, fez quest\u00e3o de enfatizar que o povo j\u00e1 sabe o que quer. \u201cO povo j\u00e1 sabe o melhor caminho, \u00e9 o caminho da mesa farta, do cr\u00e9dito, de tudo aquilo que o Brasil conquistou e que est\u00e1 se perdendo. O povo j\u00e1 sabe o que quer e vai exigir que estejamos do lado dele e n\u00f3s estaremos\u201d, afirmou.<\/p>\n<p style=\"text-align: justify;\">O deputado federal F\u00e1bio Mitidieri disse que estava ali ao lado dos amigos, pessoas que ele n\u00e3o tem vergonha de apresentar. \u201cDisse que a hist\u00f3ria de vida de Jackson Barreto vai fazer com que o povo de Sergipe reconhe\u00e7a e lhe d\u00ea o lugar que ele merece\u201d, disse F\u00e1bio.<\/p>\n<p style=\"text-align: justify;\">Sobre Belivaldo Chagas, ele disse que no momento em que o Brasil passa por uma crise moral, Belivaldo \u00e9 o nome que Sergipe precisa.<\/p>\n<p style=\"text-align: justify;\">O prefeito de S\u00e3o Crist\u00f3v\u00e3o, falou em nome de todos os prefeitos, Marcos Santana disse que esse projeto precisa continuar para avan\u00e7ar na constru\u00e7\u00e3o, de forma decente e honesta, do futuro de Sergipe. \u201c Belivaldo Chagas \u00e9 um homem que n\u00e3o tem projeto pessoal, mas que pode direcionar o futuro de Sergipe&#8221;.<\/p>\n<p style=\"text-align: justify;\">A vice-prefeita de Aracaju, Eliane Aquino, disse que n\u00e3o poderia deixar de comparecer a um ato de um grupo que ela acompanha h\u00e1 quase 20 anos. \u201cEsse grupo mudou Aracaju, depois mudou Sergipe. Belivaldo \u00e9 um irm\u00e3o do cora\u00e7\u00e3o. Independe do partido que ele esteja, eu o sigo por ter certeza de que ele \u00e9 o nome mais preparado para governar Sergipe\u201d, disse Eliane.<\/p>\n<p>&nbsp;<\/p>\n<p><a href=\"https:\/\/senoticias.com.br\/se\/wp-content\/uploads\/2018\/02\/Logomarca-fone-SE-4-2-1.jpg\"><img loading=\"lazy\" decoding=\"async\" class=\"aligncenter size-full wp-image-111094\" src=\"https:\/\/senoticias.com.br\/se\/wp-content\/uploads\/2018\/02\/Logomarca-fone-SE-4-2-1.jpg\" alt=\"\" width=\"599\" height=\"78\" srcset=\"https:\/\/senoticias.com.br\/se\/wp-content\/uploads\/2018\/02\/Logomarca-fone-SE-4-2-1.jpg 599w, https:\/\/senoticias.com.br\/se\/wp-content\/uploads\/2018\/02\/Logomarca-fone-SE-4-2-1-300x39.jpg 300w\" sizes=\"(max-width: 599px) 100vw, 599px\" \/><\/a><\/p>\n<p>&nbsp;<\/p>\n<p><strong>Acompanhe tamb\u00e9m o SE Not\u00edcias no<\/strong><span class=\"apple-converted-space\"><b>\u00a0<\/b><\/span><a href=\"https:\/\/twitter.com\/Senoticias\" target=\"_blank\" rel=\"noopener\"><b>Twitter<\/b><\/a><strong>,<\/strong><span class=\"apple-converted-space\"><b>\u00a0<\/b><\/span><a href=\"https:\/\/www.facebook.com\/senoticias1\" target=\"_blank\" rel=\"noopener\"><b>Facebook<\/b><span class=\"apple-converted-space\"><b>\u00a0<\/b><\/span><\/a><strong>e no<\/strong><span class=\"apple-converted-space\"><b>\u00a0<\/b><\/span><a href=\"https:\/\/www.instagram.com\/senoticias\/\" target=\"_blank\" rel=\"noopener\"><b>Instagram<\/b><\/a><\/p>\n<p>Com informa\u00e7\u00f5es da Assessoria de Comunica\u00e7\u00e3o\/Evento<\/p>\n","protected":false},"excerpt":{"rendered":"<p>&nbsp; No in\u00edcio da tarde deste s\u00e1bado, 10, o deputado estadual e presidente da Assembleia Legislativa, Luciano Bispo, ofereceu um almo\u00e7o, em Itabaiana, para lideran\u00e7as pol\u00edticas de todo estado em prol da pr\u00e9-candidatura de Belivaldo Chagas ao governo do Estado. O ato contou com a presen\u00e7a do governador Jackson Barreto, de prefeitos, dos deputados federais [&hellip;]<\/p>\n","protected":false},"author":6552,"featured_media":111386,"comment_status":"closed","ping_status":"closed","sticky":false,"template":"","format":"standard","meta":{"footnotes":""},"categories":[15,6],"tags":[2806,236,114,140,1498,675],"class_list":{"0":"post-111385","1":"post","2":"type-post","3":"status-publish","4":"format-standard","5":"has-post-thumbnail","7":"category-destaques","8":"category-politica","9":"tag-belivaldo-chagas","10":"tag-itabaiana","11":"tag-jackson-barreto","12":"tag-luciano-bispo","13":"tag-marcos-santana","14":"tag-prefeito-de-sao-cristovao"},"_links":{"self":[{"href":"https:\/\/senoticias.com.br\/se\/wp-json\/wp\/v2\/posts\/111385"}],"collection":[{"href":"https:\/\/senoticias.com.br\/se\/wp-json\/wp\/v2\/posts"}],"about":[{"href":"https:\/\/senoticias.com.br\/se\/wp-json\/wp\/v2\/types\/post"}],"author":[{"embeddable":true,"href":"https:\/\/senoticias.com.br\/se\/wp-json\/wp\/v2\/users\/6552"}],"replies":[{"embeddable":true,"href":"https:\/\/senoticias.com.br\/se\/wp-json\/wp\/v2\/comments?post=111385"}],"version-history":[{"count":0,"href":"https:\/\/senoticias.com.br\/se\/wp-json\/wp\/v2\/posts\/111385\/revisions"}],"wp:featuredmedia":[{"embeddable":true,"href":"https:\/\/senoticias.com.br\/se\/wp-json\/wp\/v2\/media\/111386"}],"wp:attachment":[{"href":"https:\/\/senoticias.com.br\/se\/wp-json\/wp\/v2\/media?parent=111385"}],"wp:term":[{"taxonomy":"category","embeddable":true,"href":"https:\/\/senoticias.com.br\/se\/wp-json\/wp\/v2\/categories?post=111385"},{"taxonomy":"post_tag","embeddable":true,"href":"https:\/\/senoticias.com.br\/se\/wp-json\/wp\/v2\/tags?post=111385"}],"curies":[{"name":"wp","href":"https:\/\/api.w.org\/{rel}","templated":true}]}}