{"id":111369,"date":"2018-03-10T09:06:44","date_gmt":"2018-03-10T12:06:44","guid":{"rendered":"https:\/\/senoticias.com.br\/se\/?p=111369"},"modified":"2018-03-12T05:29:20","modified_gmt":"2018-03-12T08:29:20","slug":"monumento-marcelo-deda-sera-inaugurado-neste-domingo-em-aracaju","status":"publish","type":"post","link":"https:\/\/senoticias.com.br\/se\/monumento-marcelo-deda-sera-inaugurado-neste-domingo-em-aracaju\/","title":{"rendered":"Monumento Marcelo D\u00e9da ser\u00e1 inaugurado neste domingo em Aracaju"},"content":{"rendered":"<p style=\"text-align: justify;\">O governador Jackson Barreto e o prefeito de Aracaju, Edvaldo Nogueira, inauguram neste domingo, no Parque Augusto Franco (Sementeira), o Monumento em homenagem ao ex-governador Marcelo D\u00e9da. A data marca tamb\u00e9m a passagem do dia do 58\u00ba anivers\u00e1rio de nascimento do falecido governador e a solenidade marca a abertura dos programa\u00e7\u00e3o oficial da comemora\u00e7\u00e3o dos 153 anos de transfer\u00eancia de capital para Aracaju.<\/p>\n<div id=\"attachment_111371\" style=\"width: 609px\" class=\"wp-caption aligncenter\"><a href=\"https:\/\/senoticias.com.br\/se\/wp-content\/uploads\/2018\/03\/grande-186759-e1520683819795.jpg\"><img loading=\"lazy\" decoding=\"async\" aria-describedby=\"caption-attachment-111371\" class=\"size-full wp-image-111371\" src=\"https:\/\/senoticias.com.br\/se\/wp-content\/uploads\/2018\/03\/grande-186759-e1520683819795.jpg\" alt=\"\" width=\"599\" height=\"398\" \/><\/a><p id=\"caption-attachment-111371\" class=\"wp-caption-text\">Monumento fica no Parque da Sementeira (foto:\u00a0Marcelle Cristinne\/ASN)<\/p><\/div>\n<p style=\"text-align: justify;\">O Monumento ao Governador Marcelo D\u00e9da ser\u00e1 um espa\u00e7o de reflex\u00e3o e contempla\u00e7\u00e3o. \u00c0 sombra de uma \u00e1rvore foi erguida uma est\u00e1tua de D\u00e9da com uma representa\u00e7\u00e3o do jornal \u2018A Semana\u2019, de Sim\u00e3o Dias. As cinzas do Governador Marcelo D\u00e9da foram colocadas, sob a \u00e1rvore e ao largo do monumento. A constru\u00e7\u00e3o do Monumento foi feita pelo Governo do Estado e pelo Instituto Banese. O Instituto Marcelo D\u00e9da colaborou com a log\u00edstica para implanta\u00e7\u00e3o do Projeto.<\/p>\n<p><strong>Monumento\u00a0<\/strong><\/p>\n<p style=\"text-align: justify;\">Entre as \u00e1rvores que receberam as cinzas do ex-governador foi implantado um espelho d\u2019\u00e1gua e um grande disco, que traz gravado em granito o mapa de Sergipe. Uma nascente foi colocada em cima da localiza\u00e7\u00e3o do munic\u00edpio de Sim\u00e3o Dias, terra natal do Governador. Ainda ali, por\u00e9m na parte de baixo, foi depositada parte das cinzas dele. Ao redor do espa\u00e7o do espelho d\u00b4\u00e1gua, h\u00e1 53 estrelas, que representam os anos vividos por D\u00e9da. Combinadas com o azul escuro do c\u00e9u, as estrelas acender\u00e3o \u00e0 noite. Embaixo do grande disco, ao centro do Monumento, luzes de led dar\u00e3o efeito de que o ambiente estar\u00e1 flutuando, em conson\u00e2ncia com o toque do vento. Ao fundo, est\u00e3o seis pain\u00e9is, cinco representam cada d\u00e9cada vivida por D\u00e9da desde o nascimento, com informa\u00e7\u00f5es biogr\u00e1ficas. No meio dos totens, um poema estar\u00e1 cravado como lembran\u00e7a da orat\u00f3ria e dos discursos marcantes de D\u00e9da. Assim como o grande disco, o local tamb\u00e9m receber\u00e1 l\u00e2mpadas de led, que possibilitar\u00e3o a contempla\u00e7\u00e3o do espa\u00e7o \u00e0 noite.<\/p>\n<p style=\"text-align: justify;\">O Monumento foi erguido atendendo os crit\u00e9rios de acessibilidade, com duas rampas laterais; O espa\u00e7o em homenagem a Marcelo D\u00e9da ter\u00e1 uma escadaria principal. No local, as pessoas poder\u00e3o se refrescar com a \u00e1gua pot\u00e1vel que escorre da fonte. Duas \u00e1rvores &#8211; Pau-Brasil e Ip\u00ea &#8211; plantadas pelo Governador Marcelo D\u00e9da e por sua vi\u00fava, a Vice Prefeita Eliane Aquino, complementam o Monumento \u2013 a segunda \u00e1rvore recebeu as cinzas do ex-senador Jos\u00e9 Eduardo Dutra, falecido em 2015.<\/p>\n<p><strong>Instituto Marcelo D\u00e9da<\/strong><\/p>\n<p style=\"text-align: justify;\">Fundado em 22\/04\/2014, o IMD \u00e9 uma organiza\u00e7\u00e3o da sociedade civil, sem fins lucrativos, que entre seus objetivos e finalidades visa ao tratamento, cust\u00f3dia e a promo\u00e7\u00e3o do arquivo pessoal de Marcelo D\u00e9da Chagas, ex-governador de Sergipe, ex-prefeito de Aracaju, ex-deputado federal, ex-deputado estadual e um dos fundadores do Partido dos Trabalhadores, falecido em 02\/12\/2013. O IMD tamb\u00e9m tem por finalidade a difus\u00e3o das cren\u00e7as, do ide\u00e1rio pol\u00edtico, social e cultural que fundamentaram Marcelo D\u00e9da em vida, al\u00e9m do estabelecimento e fomento de programas, projetos e a\u00e7\u00f5es que enfatizem valores da igualdade, cidadania, justi\u00e7a social e promo\u00e7\u00e3o do desenvolvimento econ\u00f4mico e social para o combate \u00e0 pobreza.<\/p>\n<p>&nbsp;<\/p>\n<p><a href=\"https:\/\/senoticias.com.br\/se\/wp-content\/uploads\/2018\/02\/Logomarca-fone-SE-4-2-1.jpg\"><img loading=\"lazy\" decoding=\"async\" class=\"aligncenter size-full wp-image-111094\" src=\"https:\/\/senoticias.com.br\/se\/wp-content\/uploads\/2018\/02\/Logomarca-fone-SE-4-2-1.jpg\" alt=\"\" width=\"599\" height=\"78\" srcset=\"https:\/\/senoticias.com.br\/se\/wp-content\/uploads\/2018\/02\/Logomarca-fone-SE-4-2-1.jpg 599w, https:\/\/senoticias.com.br\/se\/wp-content\/uploads\/2018\/02\/Logomarca-fone-SE-4-2-1-300x39.jpg 300w\" sizes=\"(max-width: 599px) 100vw, 599px\" \/><\/a><\/p>\n<p>&nbsp;<\/p>\n<p><strong>Acompanhe tamb\u00e9m o SE Not\u00edcias no<\/strong><span class=\"apple-converted-space\"><b>\u00a0<\/b><\/span><a href=\"https:\/\/twitter.com\/Senoticias\" target=\"_blank\" rel=\"noopener\"><b>Twitter<\/b><\/a><strong>,<\/strong><span class=\"apple-converted-space\"><b>\u00a0<\/b><\/span><a href=\"https:\/\/www.facebook.com\/senoticias1\" target=\"_blank\" rel=\"noopener\"><b>Facebook<\/b><span class=\"apple-converted-space\"><b>\u00a0<\/b><\/span><\/a><strong>e no<\/strong><span class=\"apple-converted-space\"><b>\u00a0<\/b><\/span><a href=\"https:\/\/www.instagram.com\/senoticias\/\" target=\"_blank\" rel=\"noopener\"><b>Instagram<\/b><\/a><strong>.<\/strong><\/p>\n<p>O qu\u00ea:\u00a0 Inaugura\u00e7\u00e3o do Monumento Marcelo D\u00e9da<\/p>\n<p>Quando: 11\/03\/2018, \u00e0s 17h<\/p>\n<p>Onde: Parque Gov. Augusto Franco (Sementeira)<\/p>\n<p><em>Fonte: ASN<\/em><\/p>\n","protected":false},"excerpt":{"rendered":"<p>O governador Jackson Barreto e o prefeito de Aracaju, Edvaldo Nogueira, inauguram neste domingo, no Parque Augusto Franco (Sementeira), o Monumento em homenagem ao ex-governador Marcelo D\u00e9da. A data marca tamb\u00e9m a passagem do dia do 58\u00ba anivers\u00e1rio de nascimento do falecido governador e a solenidade marca a abertura dos programa\u00e7\u00e3o oficial da comemora\u00e7\u00e3o dos [&hellip;]<\/p>\n","protected":false},"author":6552,"featured_media":111371,"comment_status":"closed","ping_status":"closed","sticky":false,"template":"","format":"standard","meta":{"footnotes":""},"categories":[6,1],"tags":[8987,8988,8291,8986,8989,3749],"class_list":{"0":"post-111369","1":"post","2":"type-post","3":"status-publish","4":"format-standard","5":"has-post-thumbnail","7":"category-politica","8":"category-sem-categoria","9":"tag-governador-marcelo-deda","10":"tag-instituto-marcelo-deda","11":"tag-marcelo-deda","12":"tag-monumento","13":"tag-parque-augusto-franco","14":"tag-parque-da-sementeira"},"_links":{"self":[{"href":"https:\/\/senoticias.com.br\/se\/wp-json\/wp\/v2\/posts\/111369"}],"collection":[{"href":"https:\/\/senoticias.com.br\/se\/wp-json\/wp\/v2\/posts"}],"about":[{"href":"https:\/\/senoticias.com.br\/se\/wp-json\/wp\/v2\/types\/post"}],"author":[{"embeddable":true,"href":"https:\/\/senoticias.com.br\/se\/wp-json\/wp\/v2\/users\/6552"}],"replies":[{"embeddable":true,"href":"https:\/\/senoticias.com.br\/se\/wp-json\/wp\/v2\/comments?post=111369"}],"version-history":[{"count":0,"href":"https:\/\/senoticias.com.br\/se\/wp-json\/wp\/v2\/posts\/111369\/revisions"}],"wp:featuredmedia":[{"embeddable":true,"href":"https:\/\/senoticias.com.br\/se\/wp-json\/wp\/v2\/media\/111371"}],"wp:attachment":[{"href":"https:\/\/senoticias.com.br\/se\/wp-json\/wp\/v2\/media?parent=111369"}],"wp:term":[{"taxonomy":"category","embeddable":true,"href":"https:\/\/senoticias.com.br\/se\/wp-json\/wp\/v2\/categories?post=111369"},{"taxonomy":"post_tag","embeddable":true,"href":"https:\/\/senoticias.com.br\/se\/wp-json\/wp\/v2\/tags?post=111369"}],"curies":[{"name":"wp","href":"https:\/\/api.w.org\/{rel}","templated":true}]}}