{"id":111363,"date":"2018-03-09T22:05:48","date_gmt":"2018-03-10T01:05:48","guid":{"rendered":"https:\/\/senoticias.com.br\/se\/?p=111363"},"modified":"2018-03-12T06:43:22","modified_gmt":"2018-03-12T09:43:22","slug":"mpf-recorre-para-suspender-atividade-de-pousada-em-neopolis","status":"publish","type":"post","link":"https:\/\/senoticias.com.br\/se\/mpf-recorre-para-suspender-atividade-de-pousada-em-neopolis\/","title":{"rendered":"Minist\u00e9rio P\u00fablico Federal recorre para suspender atividade de pousada em Ne\u00f3polis"},"content":{"rendered":"<div style=\"text-align: justify;\">\n<p><span style=\"font-family: Verdana;\"><span style=\"font-family: Verdana;\">O Minist\u00e9rio P\u00fablico Federal em Sergipe recorreu contra decis\u00e3o da Justi\u00e7a Federal em Sergipe em a\u00e7\u00e3o que pede a suspens\u00e3o das atividades do Restaurante e Priv\u00ea Rio Belo, em Ne\u00f3polis (SE). O empreendimento foi constru\u00eddo \u00e0s margens do S\u00e3o Francisco, em \u00e1rea de preserva\u00e7\u00e3o permanente. Para o MPF, a licen\u00e7a ambiental para funcionamento da pousada pela Administra\u00e7\u00e3o Estadual do Meio ambiente (Adema), foi expedida ilegalmente.<\/span><\/span><\/p>\n<div id=\"attachment_111366\" style=\"width: 609px\" class=\"wp-caption aligncenter\"><a href=\"https:\/\/senoticias.com.br\/se\/wp-content\/uploads\/2018\/03\/Restaurante-Prive-Belo-Neopolis-SE-Noticias-1-e1520644112521.jpg\"><img loading=\"lazy\" decoding=\"async\" aria-describedby=\"caption-attachment-111366\" class=\"size-full wp-image-111366\" src=\"https:\/\/senoticias.com.br\/se\/wp-content\/uploads\/2018\/03\/Restaurante-Prive-Belo-Neopolis-SE-Noticias-1-e1520644112521.jpg\" alt=\"\" width=\"599\" height=\"419\" \/><\/a><p id=\"caption-attachment-111366\" class=\"wp-caption-text\">Para MPF, licen\u00e7a ambiental concedida pela Adema foi emitida ilegalmente; empreendimento fica \u00e0s margens do S\u00e3o Francisco, em \u00e1rea de preserva\u00e7\u00e3o permanente (foto: arquivo\/Restaurante Prive Rio Belo)<\/p><\/div>\n<\/div>\n<div><span style=\"font-family: Verdana;\">\u00a0<\/span><\/div>\n<div style=\"text-align: justify;\"><span style=\"font-family: Verdana;\">Al\u00e9m da empresa, s\u00e3o r\u00e9us na a\u00e7\u00e3o a Adema, o Munic\u00edpio de Ne\u00f3polis e a Uni\u00e3o. Em primeira inst\u00e2ncia, a Justi\u00e7a Federal negou os pedidos de suspens\u00e3o das atividades e recupera\u00e7\u00e3o da \u00e1rea degradada feitos pela Procuradoria da Rep\u00fablica no Munic\u00edpio de Propri\u00e1 (PRM-Propri\u00e1).<\/span><\/div>\n<div style=\"text-align: justify;\"><span style=\"font-family: Verdana;\">\u00a0<\/span><\/div>\n<div style=\"text-align: justify;\"><span style=\"font-family: Verdana;\"><strong>Entenda o caso<\/strong> \u2013 Desde 2015, o MPF investigava a regularidade do funcionamento do Restaurante e Priv\u00ea Rio Belo. Ao logo da investiga\u00e7\u00e3o, ficou comprovado pela Secretaria de Patrim\u00f4nio da Uni\u00e3o que o empreendimento ocupa 12 mil metros quadrados de \u00e1rea da Uni\u00e3o, sem autoriza\u00e7\u00e3o para ocupa\u00e7\u00e3o. Al\u00e9m disso, relat\u00f3rios da Adema, j\u00e1 em 2015, atestavam que a regi\u00e3o \u00e9 de margem de rio, portanto, \u00e1rea de preserva\u00e7\u00e3o permanente onde n\u00e3o podem haver edifica\u00e7\u00f5es.<\/span><\/div>\n<div style=\"text-align: justify;\"><span style=\"font-family: Verdana;\">\u00a0<\/span><\/div>\n<div style=\"text-align: justify;\"><span style=\"font-family: Verdana;\">Ainda assim, de acordo com a a\u00e7\u00e3o civil p\u00fablica, \u201cde maneira ex\u00f3tica, inexplic\u00e1vel e numa completa invers\u00e3o de valores e desrespeito ao meio ambiente justamente pelo \u00f3rg\u00e3o que deveria por ele zelar\u201d, a Adema concedeu a licen\u00e7a de opera\u00e7\u00e3o do empreendimento.<\/span><\/div>\n<div style=\"text-align: justify;\"><span style=\"font-family: Verdana;\">\u00a0<\/span><\/div>\n<div style=\"text-align: justify;\"><span style=\"font-family: Verdana;\"><strong>Pedidos<\/strong> \u2013 O MPF requereu a suspens\u00e3o imediata das atividades do Restaurante e Priv\u00ea Rio Belo e a suspens\u00e3o da licen\u00e7a ambiental concedida.<\/span><\/div>\n<div><span style=\"font-family: Verdana;\">\u00a0<\/span><\/div>\n<div style=\"text-align: justify;\"><span style=\"font-family: Verdana;\">Tamb\u00e9m foi requerido que a Uni\u00e3o seja obrigada emitir a ordem de remo\u00e7\u00e3o das constru\u00e7\u00f5es irregulares e que todos os r\u00e9us sejam obrigados a demolir de toda a estrutura do empreendimento, com a remo\u00e7\u00e3o do material resultante da atividade.<\/span><\/div>\n<div style=\"text-align: justify;\"><span style=\"font-family: Verdana;\">\u00a0<\/span><\/div>\n<div style=\"text-align: justify;\"><span style=\"font-family: Verdana;\">Ao Restaurante e Priv\u00ea Rio Belo cabe ainda, em caso de condena\u00e7\u00e3o, a recupera\u00e7\u00e3o das \u00e1reas degradadas, de modo a restituir as fun\u00e7\u00f5es ambientais dos locais ambientalmente afetados pelas ocupa\u00e7\u00f5es.<\/span><\/div>\n<div><span style=\"font-family: Verdana;\">\u00a0<\/span><\/div>\n<div style=\"text-align: justify;\"><span style=\"font-family: Verdana;\">Em caso de condena\u00e7\u00e3o, a Adema, o Munic\u00edpio de Ne\u00f3polis e a Uni\u00e3o estar\u00e3o obrigados a realizar a vigil\u00e2ncia cont\u00ednua da \u00e1rea com a afixa\u00e7\u00e3o de placas indicativas de que o local \u00e9 \u00e1rea p\u00fablica de propriedade da Uni\u00e3o onde n\u00e3o pode haver constru\u00e7\u00f5es.<\/span><\/div>\n<div style=\"text-align: justify;\"><span style=\"font-family: Verdana;\">\u00a0<\/span><\/div>\n<div style=\"text-align: justify;\"><span style=\"font-family: Verdana;\">Por fim, o MPF requereu que todos os r\u00e9us sejam obrigados a pagar a indeniza\u00e7\u00e3o de R$ 100 mil ao Fundo de Direitos Difusos, pelo tempo em que o meio ambiente foi degradado sem oposi\u00e7\u00e3o dos \u00f3rg\u00e3os p\u00fablicos demandados.<\/span><\/div>\n<div style=\"text-align: justify;\"><span style=\"font-family: Verdana;\">\u00a0<\/span><\/div>\n<div style=\"text-align: justify;\"><span style=\"font-family: Verdana;\">O processo tramita na Justi\u00e7a Federal com o n\u00famero 0800010-38.2017.4.05.8504.<\/span><\/div>\n<div style=\"text-align: justify;\"><span style=\"font-family: Verdana;\">\u00a0<\/span><\/div>\n<div style=\"text-align: justify;\"><span style=\"font-family: Verdana;\">A \u00edntegra da A\u00e7\u00e3o Civil P\u00fablica, a<\/span><span style=\"font-family: Verdana;\">\u00a0decis\u00e3o da 9\u00aa Vara da Justi\u00e7a Federal (Propri\u00e1) e\u00a0<\/span><span style=\"font-family: Verdana;\">o recurso ajuizado pelo MPF junto ao TRF5 est\u00e3o dispon\u00edveis no site<a href=\"http:\/\/www.mpf.mp.br\/se\" target=\"_blank\" rel=\"noopener\" data-saferedirecturl=\"https:\/\/www.google.com\/url?hl=pt-BR&amp;q=http:\/\/www.mpf.mp.br\/se&amp;source=gmail&amp;ust=1520728222883000&amp;usg=AFQjCNFA-OQ03EIgIEHAAdl2Hn1URYnV6Q\">www.mpf.mp.br\/se<\/a>.<\/span><\/div>\n<div><\/div>\n<div><a href=\"https:\/\/senoticias.com.br\/se\/wp-content\/uploads\/2018\/02\/Logomarca-fone-SE-4-2-1.jpg\"><img loading=\"lazy\" decoding=\"async\" class=\"aligncenter size-full wp-image-111094\" src=\"https:\/\/senoticias.com.br\/se\/wp-content\/uploads\/2018\/02\/Logomarca-fone-SE-4-2-1.jpg\" alt=\"\" width=\"599\" height=\"78\" srcset=\"https:\/\/senoticias.com.br\/se\/wp-content\/uploads\/2018\/02\/Logomarca-fone-SE-4-2-1.jpg 599w, https:\/\/senoticias.com.br\/se\/wp-content\/uploads\/2018\/02\/Logomarca-fone-SE-4-2-1-300x39.jpg 300w\" sizes=\"(max-width: 599px) 100vw, 599px\" \/><\/a><\/div>\n<div><\/div>\n<div><strong>Acompanhe tamb\u00e9m o SE Not\u00edcias no<\/strong><span class=\"apple-converted-space\"><b>\u00a0<\/b><\/span><a href=\"https:\/\/twitter.com\/Senoticias\" target=\"_blank\" rel=\"noopener\"><b>Twitter<\/b><\/a><strong>,<\/strong><span class=\"apple-converted-space\"><b>\u00a0<\/b><\/span><a href=\"https:\/\/www.facebook.com\/senoticias1\" target=\"_blank\" rel=\"noopener\"><b>Facebook<\/b><span class=\"apple-converted-space\"><b>\u00a0<\/b><\/span><\/a><strong>e no<\/strong><span class=\"apple-converted-space\"><b>\u00a0<\/b><\/span><a href=\"https:\/\/www.instagram.com\/senoticias\/\" target=\"_blank\" rel=\"noopener\"><b>Instagram<\/b><\/a><strong>.<\/strong><\/div>\n<div><\/div>\n<div><em><span style=\"color: #000000; font-family: Verdana; font-size: small;\">Assessoria de Comunica\u00e7\u00e3o<br \/>\n<\/span><span style=\"color: #000000; font-family: Verdana; font-size: small;\">Minist\u00e9rio P\u00fablico Federal em Sergipe<\/span><\/em><\/div>\n","protected":false},"excerpt":{"rendered":"<p>O Minist\u00e9rio P\u00fablico Federal em Sergipe recorreu contra decis\u00e3o da Justi\u00e7a Federal em Sergipe em a\u00e7\u00e3o que pede a suspens\u00e3o das atividades do Restaurante e Priv\u00ea Rio Belo, em Ne\u00f3polis (SE). O empreendimento foi constru\u00eddo \u00e0s margens do S\u00e3o Francisco, em \u00e1rea de preserva\u00e7\u00e3o permanente. Para o MPF, a licen\u00e7a ambiental para funcionamento da pousada [&hellip;]<\/p>\n","protected":false},"author":6552,"featured_media":111366,"comment_status":"closed","ping_status":"closed","sticky":false,"template":"","format":"standard","meta":{"footnotes":""},"categories":[38],"tags":[3488,4684,8983,4060,8985,8984],"class_list":{"0":"post-111363","1":"post","2":"type-post","3":"status-publish","4":"format-standard","5":"has-post-thumbnail","7":"category-municipios","8":"tag-adema","9":"tag-mpf","10":"tag-municipio-de-neopolis","11":"tag-neopolis","12":"tag-prive-rio-belo","13":"tag-restaurante-e-prive-rio-belo"},"_links":{"self":[{"href":"https:\/\/senoticias.com.br\/se\/wp-json\/wp\/v2\/posts\/111363"}],"collection":[{"href":"https:\/\/senoticias.com.br\/se\/wp-json\/wp\/v2\/posts"}],"about":[{"href":"https:\/\/senoticias.com.br\/se\/wp-json\/wp\/v2\/types\/post"}],"author":[{"embeddable":true,"href":"https:\/\/senoticias.com.br\/se\/wp-json\/wp\/v2\/users\/6552"}],"replies":[{"embeddable":true,"href":"https:\/\/senoticias.com.br\/se\/wp-json\/wp\/v2\/comments?post=111363"}],"version-history":[{"count":0,"href":"https:\/\/senoticias.com.br\/se\/wp-json\/wp\/v2\/posts\/111363\/revisions"}],"wp:featuredmedia":[{"embeddable":true,"href":"https:\/\/senoticias.com.br\/se\/wp-json\/wp\/v2\/media\/111366"}],"wp:attachment":[{"href":"https:\/\/senoticias.com.br\/se\/wp-json\/wp\/v2\/media?parent=111363"}],"wp:term":[{"taxonomy":"category","embeddable":true,"href":"https:\/\/senoticias.com.br\/se\/wp-json\/wp\/v2\/categories?post=111363"},{"taxonomy":"post_tag","embeddable":true,"href":"https:\/\/senoticias.com.br\/se\/wp-json\/wp\/v2\/tags?post=111363"}],"curies":[{"name":"wp","href":"https:\/\/api.w.org\/{rel}","templated":true}]}}