{"id":111317,"date":"2018-03-08T14:51:14","date_gmt":"2018-03-08T17:51:14","guid":{"rendered":"https:\/\/senoticias.com.br\/se\/?p=111317"},"modified":"2018-03-09T21:59:34","modified_gmt":"2018-03-10T00:59:34","slug":"em-sergipe-mais-de-40-mil-empresas-ativas-tem-a-participacao-feminina","status":"publish","type":"post","link":"https:\/\/senoticias.com.br\/se\/em-sergipe-mais-de-40-mil-empresas-ativas-tem-a-participacao-feminina\/","title":{"rendered":"Em Sergipe, mais de 40 mil empresas ativas t\u00eam a participa\u00e7\u00e3o feminina"},"content":{"rendered":"<div style=\"text-align: justify;\">\n<p>Cada dia mais, as mulheres conquistam espa\u00e7os na sociedade, onde antes eram preponderantemente dominados por homens, e deixam para tr\u00e1s um rastro de desigualdade que, por anos, prevaleceu. No ramo empresarial, isso \u00e9 sentido. Na Junta Comercial do Estado de Sergipe (Jucese), por exemplo, das mais de 71 mil empresas registradas ativas, 40 mil, ou seja, em torno de 56,56%, t\u00eam a participa\u00e7\u00e3o feminina.<\/p>\n<div id=\"attachment_111318\" style=\"width: 609px\" class=\"wp-caption aligncenter\"><a href=\"https:\/\/senoticias.com.br\/se\/wp-content\/uploads\/2018\/03\/Susana-Nascimento-coordenadora-do-F\u00f3rum-Empresarial_20vogal20suplente20da20Jucese-e1520531576320.jpg\"><img loading=\"lazy\" decoding=\"async\" aria-describedby=\"caption-attachment-111318\" class=\"size-full wp-image-111318\" src=\"https:\/\/senoticias.com.br\/se\/wp-content\/uploads\/2018\/03\/Susana-Nascimento-coordenadora-do-F\u00f3rum-Empresarial_20vogal20suplente20da20Jucese-e1520531576320.jpg\" alt=\"\" width=\"599\" height=\"382\" \/><\/a><p id=\"caption-attachment-111318\" class=\"wp-caption-text\">40 mil empresas ativas t\u00eam a participa\u00e7\u00e3o feminina (foto: ascom\/Jucese)<\/p><\/div>\n<\/div>\n<div style=\"text-align: justify;\"><\/div>\n<div style=\"text-align: justify;\">Quando se incluem as Microempreendedoras Individuais (MEIs) &#8211; que s\u00e3o registradas no Portal do Empreendedor do Governo Federal &#8211; esse n\u00famero salta. Atualmente, existem mais de 118 mil MEIs em Sergipe, sendo que 62 mil s\u00e3o mulheres. \u201cFicamos felizes com o progresso das mulheres nas lideran\u00e7as, na participa\u00e7\u00e3o dos neg\u00f3cios. Isso \u00e9 not\u00f3rio. Prova disso \u00e9 que temos, inclusive, um F\u00f3rum Empresarial conduzido por uma mulher, Susana Nascimento\u201d, destaca o presidente da Jucese, George da Trindade Gois.<\/div>\n<div><\/div>\n<div style=\"text-align: justify;\">Atual coordenadora do F\u00f3rum Empresarial de Sergipe e membro suplente do Col\u00e9gio de Vogais da Jucese &#8211; representando a Associa\u00e7\u00e3o Comercial e Empresarial do Estado de Sergipe (Acese) -, a contadora Susana Nascimento destaca as peculiaridades que marcam a presen\u00e7a feminina nas empresas. \u201cA mulher tem uma caracter\u00edstica muito forte quando se dedica mesmo \u00e0 atividade empresarial, quando est\u00e1 \u00e0 frente. A gente se interage mais com a causa. Somos mais participativas, perseverantes e resilientes\u201d, diz.<\/div>\n<div style=\"text-align: justify;\"><\/div>\n<div style=\"text-align: justify;\">Contudo, mesmo com todas as caracter\u00edsticas positivas das mulheres, a coordenadora do F\u00f3rum Empresarial n\u00e3o esconde que: \u201cO mundo ainda \u00e9 machista. Geralmente, quem entra com o dinheiro na empresa \u00e9 o homem. Mas n\u00e3o significa que, porque entrou com dinheiro, \u00e9 que vai faz\u00ea-lo se multiplicar. Tenho exemplos de clientes que o neg\u00f3cio progrediu mais tendo \u00e0 frente uma mulher\u201d, afirma.<\/div>\n<div><\/div>\n<div>\n<p><strong>AVAN\u00c7O EM V\u00c1RIAS \u00c1REAS<\/strong><\/p>\n<p>&nbsp;<\/p>\n<\/div>\n<div style=\"text-align: justify;\">Vogal titular do Col\u00e9gio de Vogais da Jucese &#8211; representando o Conselho Regional de Contabilidade do Estado de Sergipe (CRCSE) -, a contadora Salete Leite tamb\u00e9m sente que o p\u00fablico feminino est\u00e1 conquistando outras \u00e1reas que eram predominantemente de homens, assim como nota uma vis\u00e3o machista. \u201cA confian\u00e7a no trabalho da mulher \u00e9 maior. \u00c0s vezes, quem n\u00e3o confia \u00e9 a pr\u00f3pria \u201ccasa\u201d. Quando existe uma empresa onde os s\u00f3cios s\u00e3o marido e mulher, o homem \u00e9 que sai na frente do neg\u00f3cio. Mas, quando \u00e9 sociedade, a gente v\u00ea o destaque dela\u201d, afirma.<\/div>\n<div style=\"text-align: justify;\"><\/div>\n<div style=\"text-align: justify;\">Salete Leite ressalta como a mulher progrediu na \u00e1rea cont\u00e1bil. \u201cAqui em Sergipe, mais especificamente em Aracaju, estamos em maioria no comando das empresas de Contabilidade, apesar de que nossa profiss\u00e3o um dia foi muito masculina\u201d, revela.<\/div>\n<div style=\"text-align: justify;\"><\/div>\n<div style=\"text-align: justify;\">Experiente no aux\u00edlio \u00e0s empresas, Salete Leite d\u00e1 outros exemplos do avan\u00e7o feminino no ramo empresarial.\u00a0 \u201cNo com\u00e9rcio de material de constru\u00e7\u00e3o, vejo o dom\u00ednio das mulheres. Quando foi que ir\u00edamos imaginar elas nessa \u00e1rea? Quando ir\u00edamos imaginar tamb\u00e9m que o F\u00f3rum Empresarial um dia seria coordenado por uma mulher?\u201d, questiona.<\/div>\n<div><\/div>\n<div><a href=\"https:\/\/senoticias.com.br\/se\/wp-content\/uploads\/2018\/02\/Logomarca-fone-SE-4-2-1.jpg\"><img loading=\"lazy\" decoding=\"async\" class=\"aligncenter size-full wp-image-111094\" src=\"https:\/\/senoticias.com.br\/se\/wp-content\/uploads\/2018\/02\/Logomarca-fone-SE-4-2-1.jpg\" alt=\"\" width=\"599\" height=\"78\" srcset=\"https:\/\/senoticias.com.br\/se\/wp-content\/uploads\/2018\/02\/Logomarca-fone-SE-4-2-1.jpg 599w, https:\/\/senoticias.com.br\/se\/wp-content\/uploads\/2018\/02\/Logomarca-fone-SE-4-2-1-300x39.jpg 300w\" sizes=\"(max-width: 599px) 100vw, 599px\" \/><\/a><\/div>\n<div><\/div>\n<div><em><strong>Acompanhe tamb\u00e9m o SE Not\u00edcias no<\/strong><span class=\"apple-converted-space\"><b>\u00a0<\/b><\/span><a href=\"https:\/\/twitter.com\/Senoticias\" target=\"_blank\" rel=\"noopener\"><b>Twitter<\/b><\/a><strong>,<\/strong><span class=\"apple-converted-space\"><b>\u00a0<\/b><\/span><a href=\"https:\/\/www.facebook.com\/senoticias1\" target=\"_blank\" rel=\"noopener\"><b>Facebook<\/b><span class=\"apple-converted-space\"><b>\u00a0<\/b><\/span><\/a><strong>e no<\/strong><span class=\"apple-converted-space\"><b>\u00a0<\/b><\/span><a href=\"https:\/\/www.instagram.com\/senoticias\/\" target=\"_blank\" rel=\"noopener\"><b>Instagram<\/b><\/a><\/em><\/div>\n<div><\/div>\n<div><em>Da Assessoria de Comunica\u00e7\u00e3o &#8211; Jucese<\/em><\/div>\n","protected":false},"excerpt":{"rendered":"<p>Cada dia mais, as mulheres conquistam espa\u00e7os na sociedade, onde antes eram preponderantemente dominados por homens, e deixam para tr\u00e1s um rastro de desigualdade que, por anos, prevaleceu. No ramo empresarial, isso \u00e9 sentido. Na Junta Comercial do Estado de Sergipe (Jucese), por exemplo, das mais de 71 mil empresas registradas ativas, 40 mil, ou [&hellip;]<\/p>\n","protected":false},"author":6552,"featured_media":111318,"comment_status":"closed","ping_status":"closed","sticky":false,"template":"","format":"standard","meta":{"footnotes":""},"categories":[15,6],"tags":[8958,477,478,8957],"class_list":{"0":"post-111317","1":"post","2":"type-post","3":"status-publish","4":"format-standard","5":"has-post-thumbnail","7":"category-destaques","8":"category-politica","9":"tag-forum-empresarial","10":"tag-jucese","11":"tag-junta-comercial-do-estado-de-sergipe","12":"tag-microempreendedoras-individuais"},"_links":{"self":[{"href":"https:\/\/senoticias.com.br\/se\/wp-json\/wp\/v2\/posts\/111317"}],"collection":[{"href":"https:\/\/senoticias.com.br\/se\/wp-json\/wp\/v2\/posts"}],"about":[{"href":"https:\/\/senoticias.com.br\/se\/wp-json\/wp\/v2\/types\/post"}],"author":[{"embeddable":true,"href":"https:\/\/senoticias.com.br\/se\/wp-json\/wp\/v2\/users\/6552"}],"replies":[{"embeddable":true,"href":"https:\/\/senoticias.com.br\/se\/wp-json\/wp\/v2\/comments?post=111317"}],"version-history":[{"count":0,"href":"https:\/\/senoticias.com.br\/se\/wp-json\/wp\/v2\/posts\/111317\/revisions"}],"wp:featuredmedia":[{"embeddable":true,"href":"https:\/\/senoticias.com.br\/se\/wp-json\/wp\/v2\/media\/111318"}],"wp:attachment":[{"href":"https:\/\/senoticias.com.br\/se\/wp-json\/wp\/v2\/media?parent=111317"}],"wp:term":[{"taxonomy":"category","embeddable":true,"href":"https:\/\/senoticias.com.br\/se\/wp-json\/wp\/v2\/categories?post=111317"},{"taxonomy":"post_tag","embeddable":true,"href":"https:\/\/senoticias.com.br\/se\/wp-json\/wp\/v2\/tags?post=111317"}],"curies":[{"name":"wp","href":"https:\/\/api.w.org\/{rel}","templated":true}]}}