{"id":111308,"date":"2018-03-07T17:05:28","date_gmt":"2018-03-07T20:05:28","guid":{"rendered":"https:\/\/senoticias.com.br\/se\/?p=111308"},"modified":"2018-03-07T17:13:46","modified_gmt":"2018-03-07T20:13:46","slug":"prefeitos-de-sergipe-participam-de-reuniao-sobre-precatorios-no-tribunal-de-justica","status":"publish","type":"post","link":"https:\/\/senoticias.com.br\/se\/prefeitos-de-sergipe-participam-de-reuniao-sobre-precatorios-no-tribunal-de-justica\/","title":{"rendered":"Prefeitos de Sergipe participam de reuni\u00e3o sobre precat\u00f3rios no Tribunal de Justi\u00e7a"},"content":{"rendered":"<div style=\"text-align: justify;\"><span style=\"color: #000000;\"><span style=\"color: #000000;\">Por interm\u00e9dio da Federa\u00e7\u00e3o dos Munic\u00edpios do Estado de Sergipe \u2013 FAMES, aconteceu na manh\u00e3 de ontem, 06, uma reuni\u00e3o entre prefeitos, promotores municipais e o desembargador e presidente do Tribunal de Justi\u00e7a de Sergipe &#8211; TJSE, Cez\u00e1rio Siqueira. \u00a0 O encontro ocorreu no gabinete do magistrado, e teve como objetivo discutir as requisi\u00e7\u00f5es de pagamento expedidas pelo Judici\u00e1rio, o chamado precat\u00f3rio. \u00a0\u00a0<\/span><\/span><\/p>\n<div id=\"attachment_111311\" style=\"width: 609px\" class=\"wp-caption aligncenter\"><a href=\"https:\/\/senoticias.com.br\/se\/wp-content\/uploads\/2018\/03\/0525d49a-f6de-409a-937d-7d37fbe9443e-e1520453467656.jpg\"><img loading=\"lazy\" decoding=\"async\" aria-describedby=\"caption-attachment-111311\" class=\"size-full wp-image-111311\" src=\"https:\/\/senoticias.com.br\/se\/wp-content\/uploads\/2018\/03\/0525d49a-f6de-409a-937d-7d37fbe9443e-e1520453467656.jpg\" alt=\"\" width=\"599\" height=\"245\" \/><\/a><p id=\"caption-attachment-111311\" class=\"wp-caption-text\">Prefeitos de Sergipe participam de reuni\u00e3o sobre precat\u00f3rios no TJSE (foto: ascom\/Fames)<\/p><\/div>\n<\/div>\n<div style=\"text-align: justify;\"><span style=\"color: #000000;\">\u00a0<\/span><\/div>\n<div style=\"text-align: justify;\"><span style=\"color: #000000;\">Segundo o presidente da FAMES, Marcos Jos\u00e9 Barreto, os prefeitos solicitaram o encontro com o presidente do Tribunal com intuito de que a emenda 99\/17, que estabelece o pagamento do precat\u00f3rio, seja prolongada para o ano de 2024, como est\u00e1 previsto em suas normas, afim de que os gestores possam realizar os pagamentos em que est\u00e3o em d\u00e9bito. Cez\u00e1rio Siqueira disse que em rela\u00e7\u00e3o ao cumprimento da lei, a mesma n\u00e3o prevalece para d\u00edvidas antigas. Ou seja, a lei atual, que trata dos precat\u00f3rios, determina que as d\u00edvidas municipais sejam solucionadas, mesmo que exista um prazo prolongado na nova emenda. \u00a0<\/span><\/div>\n<div><span style=\"color: #000000;\">\u00a0<\/span><\/div>\n<div style=\"text-align: justify;\"><span style=\"color: #000000;\">De acordo com o presidente do TJ, o \u00f3rg\u00e3o judici\u00e1rio est\u00e1 cumprindo com o que a lei estabelece e, em virtude das situa\u00e7\u00f5es concretas de alguns munic\u00edpios, se disp\u00f5e a flexibilizar a d\u00edvida, negociando parcelas para o presente ano.\u00a0 Mediante a esta flexibilidade de pagamento, o magistrado enfatizou que n\u00e3o se trata de munic\u00edpio A ou B, desde que os gestores pactuem e cumpram os compromissos por eles firmados. \u00a0<\/span><\/div>\n<div style=\"text-align: justify;\"><span style=\"color: #000000;\">\u00a0<\/span><\/div>\n<div style=\"text-align: justify;\"><span style=\"color: #000000;\">&#8220;\u00c9 preciso levar em considera\u00e7\u00e3o os munic\u00edpios que cumprem com o que o Tribunal determina. Uma vez n\u00e3o efetivada a promessa, o gestor perde a credibilidade, visto que h\u00e1 uma negocia\u00e7\u00e3o afim de que o prefeito consiga realizar o pagamento do precat\u00f3rio&#8221;, afirmou o presidente. \u00a0\u00a0<\/span><\/div>\n<div style=\"text-align: justify;\"><span style=\"color: #000000;\">\u00a0<\/span><\/div>\n<div style=\"text-align: justify;\"><span style=\"color: #006600;\"><span style=\"color: #000000;\">O encontro contou com a participa\u00e7\u00e3o dos prefeitos de Feira Nova, Ne\u00f3polis, Propri\u00e1, Nossa Senhora da Gl\u00f3ria, Cedro de S\u00e3o Jo\u00e3o, Maruim, Ribeir\u00f3polis, Carira, Laranjeiras e Santana do S\u00e3o Francisco. \u00a0&#8220;Para n\u00f3s da Federa\u00e7\u00e3o, \u00e9 de extrema satisfa\u00e7\u00e3o intermediar um encontro entre o presidente do Tribunal de Justi\u00e7a e os prefeitos, para que assim os gestores tenham a oportunidade de dialogar e, de uma forma acess\u00edvel, parcelar as d\u00edvidas pendentes com o precat\u00f3rio&#8221;, destacou o presidente da FAMES.<\/span><\/span><\/div>\n<div><\/div>\n<div><em><strong>Acompanhe tamb\u00e9m o SE Not\u00edcias no<\/strong><span class=\"apple-converted-space\"><b>\u00a0<\/b><\/span><a href=\"https:\/\/twitter.com\/Senoticias\" target=\"_blank\" rel=\"noopener\"><b>Twitter<\/b><\/a><strong>,<\/strong><span class=\"apple-converted-space\"><b>\u00a0<\/b><\/span><a href=\"https:\/\/www.facebook.com\/senoticias1\" target=\"_blank\" rel=\"noopener\"><b>Facebook<\/b><span class=\"apple-converted-space\"><b>\u00a0<\/b><\/span><\/a><strong>e no<\/strong><span class=\"apple-converted-space\"><b>\u00a0<\/b><\/span><a href=\"https:\/\/www.instagram.com\/senoticias\/\" target=\"_blank\" rel=\"noopener\"><b>Instagram<\/b><\/a><\/em><\/div>\n<div><\/div>\n<div><a href=\"https:\/\/senoticias.com.br\/se\/wp-content\/uploads\/2018\/02\/Logomarca-fone-SE-4-2-1.jpg\"><img loading=\"lazy\" decoding=\"async\" class=\"aligncenter size-full wp-image-111094\" src=\"https:\/\/senoticias.com.br\/se\/wp-content\/uploads\/2018\/02\/Logomarca-fone-SE-4-2-1.jpg\" alt=\"\" width=\"599\" height=\"78\" srcset=\"https:\/\/senoticias.com.br\/se\/wp-content\/uploads\/2018\/02\/Logomarca-fone-SE-4-2-1.jpg 599w, https:\/\/senoticias.com.br\/se\/wp-content\/uploads\/2018\/02\/Logomarca-fone-SE-4-2-1-300x39.jpg 300w\" sizes=\"(max-width: 599px) 100vw, 599px\" \/><\/a><\/div>\n<div><\/div>\n<div><em>Por ascom\/Fames<\/em><\/div>\n","protected":false},"excerpt":{"rendered":"<p>Por interm\u00e9dio da Federa\u00e7\u00e3o dos Munic\u00edpios do Estado de Sergipe \u2013 FAMES, aconteceu na manh\u00e3 de ontem, 06, uma reuni\u00e3o entre prefeitos, promotores municipais e o desembargador e presidente do Tribunal de Justi\u00e7a de Sergipe &#8211; TJSE, Cez\u00e1rio Siqueira. \u00a0 O encontro ocorreu no gabinete do magistrado, e teve como objetivo discutir as requisi\u00e7\u00f5es de [&hellip;]<\/p>\n","protected":false},"author":6552,"featured_media":111311,"comment_status":"closed","ping_status":"closed","sticky":false,"template":"","format":"standard","meta":{"footnotes":""},"categories":[15,6],"tags":[2690,8955,4062,678],"class_list":{"0":"post-111308","1":"post","2":"type-post","3":"status-publish","4":"format-standard","5":"has-post-thumbnail","7":"category-destaques","8":"category-politica","9":"tag-fames","10":"tag-precatorios","11":"tag-prefeitos-de-sergipe","12":"tag-tribunal-de-justica-de-sergipe"},"_links":{"self":[{"href":"https:\/\/senoticias.com.br\/se\/wp-json\/wp\/v2\/posts\/111308"}],"collection":[{"href":"https:\/\/senoticias.com.br\/se\/wp-json\/wp\/v2\/posts"}],"about":[{"href":"https:\/\/senoticias.com.br\/se\/wp-json\/wp\/v2\/types\/post"}],"author":[{"embeddable":true,"href":"https:\/\/senoticias.com.br\/se\/wp-json\/wp\/v2\/users\/6552"}],"replies":[{"embeddable":true,"href":"https:\/\/senoticias.com.br\/se\/wp-json\/wp\/v2\/comments?post=111308"}],"version-history":[{"count":0,"href":"https:\/\/senoticias.com.br\/se\/wp-json\/wp\/v2\/posts\/111308\/revisions"}],"wp:featuredmedia":[{"embeddable":true,"href":"https:\/\/senoticias.com.br\/se\/wp-json\/wp\/v2\/media\/111311"}],"wp:attachment":[{"href":"https:\/\/senoticias.com.br\/se\/wp-json\/wp\/v2\/media?parent=111308"}],"wp:term":[{"taxonomy":"category","embeddable":true,"href":"https:\/\/senoticias.com.br\/se\/wp-json\/wp\/v2\/categories?post=111308"},{"taxonomy":"post_tag","embeddable":true,"href":"https:\/\/senoticias.com.br\/se\/wp-json\/wp\/v2\/tags?post=111308"}],"curies":[{"name":"wp","href":"https:\/\/api.w.org\/{rel}","templated":true}]}}