{"id":111307,"date":"2018-03-07T16:57:24","date_gmt":"2018-03-07T19:57:24","guid":{"rendered":"https:\/\/senoticias.com.br\/se\/?p=111307"},"modified":"2018-03-07T17:23:45","modified_gmt":"2018-03-07T20:23:45","slug":"governo-estuda-reducao-de-tributos-e-precos-de-combustiveis-poderao-cair","status":"publish","type":"post","link":"https:\/\/senoticias.com.br\/se\/governo-estuda-reducao-de-tributos-e-precos-de-combustiveis-poderao-cair\/","title":{"rendered":"Governo estuda redu\u00e7\u00e3o de tributos, e pre\u00e7os de combust\u00edveis poder\u00e3o cair"},"content":{"rendered":"<p style=\"text-align: justify\"><span style=\"color: #000000\">A defini\u00e7\u00e3o dos pre\u00e7os da gasolina e do g\u00e1s pela Petrobras \u00e9 aut\u00f4noma e baseada na realidade de mercado, mas o governo estuda redu\u00e7\u00e3o de tributos sobre os combust\u00edveis, o que poder\u00e1 resultar em queda de pre\u00e7os. O ministro da Fazenda, Henrique Meirelles, conversou nesta quarta-feira (7) com jormalistas sobre o assunto, em Nova York, antes de participar de caf\u00e9 da manh\u00e3 com l\u00edderes empresariais, organizado pelo Council of the Americas.<\/span><\/p>\n<p style=\"text-align: justify\"><span style=\"color: #000000\">\u201cA pol\u00edtica de pre\u00e7os da Petrobras \u2013 e eu deixei isso claro na minha fala \u2013 \u00e9 aut\u00f4noma, baseada na efici\u00eancia corporativa, na realidade do mercado\u201d, disse o ministro, ao ser questionado sobre uma entrevista dada na \u00faltima ter\u00e7a-feira (6) \u00e0 R\u00e1dio CBN de Ribeir\u00e3o Preto. Na entrevista, Meirelles informou que o governo est\u00e1 discutindo com a Petrobras uma nova pol\u00edtica de reajuste de pre\u00e7os dos combust\u00edveis.<\/span><\/p>\n<div id=\"attachment_56287\" style=\"width: 600px\" class=\"wp-caption aligncenter\"><a href=\"https:\/\/senoticias.com.br\/se\/wp-content\/uploads\/2013\/11\/Gasolina1.jpg\"><img loading=\"lazy\" decoding=\"async\" aria-describedby=\"caption-attachment-56287\" class=\"wp-image-56287 size-full\" src=\"https:\/\/senoticias.com.br\/se\/wp-content\/uploads\/2013\/11\/Gasolina1.jpg\" alt=\"\" width=\"590\" height=\"443\" srcset=\"https:\/\/senoticias.com.br\/se\/wp-content\/uploads\/2013\/11\/Gasolina1.jpg 590w, https:\/\/senoticias.com.br\/se\/wp-content\/uploads\/2013\/11\/Gasolina1-300x225.jpg 300w, https:\/\/senoticias.com.br\/se\/wp-content\/uploads\/2013\/11\/Gasolina1-342x256.jpg 342w, https:\/\/senoticias.com.br\/se\/wp-content\/uploads\/2013\/11\/Gasolina1-60x45.jpg 60w, https:\/\/senoticias.com.br\/se\/wp-content\/uploads\/2013\/11\/Gasolina1-150x113.jpg 150w, https:\/\/senoticias.com.br\/se\/wp-content\/uploads\/2013\/11\/Gasolina1-269x201.jpg 269w\" sizes=\"(max-width: 590px) 100vw, 590px\" \/><\/a><p id=\"caption-attachment-56287\" class=\"wp-caption-text\">Foto: Daniel Silveira\/G1<\/p><\/div>\n<p style=\"text-align: justify\"><span style=\"color: #000000\">Meirelles explicou, nesta quarta-feira, que o governo n\u00e3o pretende mudar a forma como a Petrobras define os pre\u00e7os, baseada na cota\u00e7\u00e3o internacional. O ministro ressaltou, entretanto, que \u201cexistem diversos fatores que adicionam pre\u00e7o\u201d. Ele citou a margem de lucro das distribuidoras, no caso do g\u00e1s, e disse que h\u00e1 possibilidade de a\u00e7\u00e3o do Conselho Administrativo de Defesa Econ\u00f4mica (Cade), mas destacou que o Cade \u00e9 uma \u201centidade independente\u201d.<\/span><\/p>\n<p style=\"text-align: justify\"><span style=\"color: #000000\">Ainda \u201cexiste uma tributa\u00e7\u00e3o grande\u201d sobre os combust\u00edveis, e o governo est\u00e1 come\u00e7ando a fazer uma avalia\u00e7\u00e3o sobre a necessidade, ou n\u00e3o, de \u201cmelhora na estrutura de impostos&#8221;, mas n\u00e3o h\u00e1 prazo para conclus\u00e3o, acrescentou o ministro.<\/span><\/p>\n<p style=\"text-align: justify\"><span style=\"color: #000000\">Questionado sobre a oscila\u00e7\u00e3o no pre\u00e7o das a\u00e7\u00f5es da Petrobras depois da entrevista que deu ontem, Meirelles respondeu que foi uma rea\u00e7\u00e3o \u201cnormal\u201d do mercado, que busca \u201cganhar\u201d e depois se ajusta.<\/span><\/p>\n<p style=\"text-align: justify\"><strong><span style=\"color: #000000\">Nota da Petrobras<\/span><\/strong><\/p>\n<p style=\"text-align: justify\"><span style=\"color: #000000\">Em nota, a Petrobras informou que o governo federal consultou recentemente a companhia \u201cacerca do comportamento dos pre\u00e7os no mercado internacional de petr\u00f3leo, quando registrou preocupa\u00e7\u00e3o com a volatilidade dos pre\u00e7os para o consumidor final\u201d. \u201cNo entanto, conforme ali\u00e1s declarado pelo ministro da Fazenda, em nenhum momento se cogitou qualquer altera\u00e7\u00e3o nas regras atualmente aplicadas pela companhia, que s\u00e3o de sua exclusiva al\u00e7ada. Assim, a Petrobras continuar\u00e1 ajustando o pre\u00e7o da gasolina e do diesel em suas refinarias diariamente conforme as varia\u00e7\u00f5es nas cota\u00e7\u00f5es internacionais do petr\u00f3leo\u201d.<\/span><\/p>\n<p style=\"text-align: justify\"><span style=\"color: #000000\">A Pebrobras acrescentou que a parcela da refinaria, de responsabilidade da companhia, constitui menos de 50% no diesel e menos de 33% na gasolina. Por isso, para a Petobras, \u201cqualquer medida cujo objetivo seja o de reduzir a volatilidade [oscila\u00e7\u00f5es no pre\u00e7o] dever\u00e1 alcan\u00e7ar os demais componentes do pre\u00e7o, sendo que o principal deles \u00e9 a carga tribut\u00e1ria, federal e estadual.&#8221;<\/span><\/p>\n<p>&nbsp;<\/p>\n<p><a href=\"https:\/\/senoticias.com.br\/se\/wp-content\/uploads\/2018\/02\/Logomarca-fone-SE-4-2-1.jpg\"><img loading=\"lazy\" decoding=\"async\" class=\"aligncenter wp-image-111094 size-full\" src=\"https:\/\/senoticias.com.br\/se\/wp-content\/uploads\/2018\/02\/Logomarca-fone-SE-4-2-1.jpg\" alt=\"\" width=\"599\" height=\"78\" srcset=\"https:\/\/senoticias.com.br\/se\/wp-content\/uploads\/2018\/02\/Logomarca-fone-SE-4-2-1.jpg 599w, https:\/\/senoticias.com.br\/se\/wp-content\/uploads\/2018\/02\/Logomarca-fone-SE-4-2-1-300x39.jpg 300w\" sizes=\"(max-width: 599px) 100vw, 599px\" \/><\/a><\/p>\n<p><strong>Acompanhe tamb\u00e9m o SE Not\u00edcias no<\/strong><span class=\"apple-converted-space\"><b>\u00a0<\/b><\/span><a href=\"https:\/\/twitter.com\/Senoticias\" target=\"_blank\" rel=\"noopener\"><b>Twitter<\/b><\/a><strong>,<\/strong><span class=\"apple-converted-space\"><b>\u00a0<\/b><\/span><a href=\"https:\/\/www.facebook.com\/senoticias1\" target=\"_blank\" rel=\"noopener\"><b>Facebook<\/b><span class=\"apple-converted-space\"><b>\u00a0<\/b><\/span><\/a><strong>e no<\/strong><span class=\"apple-converted-space\"><b>\u00a0<\/b><\/span><a href=\"https:\/\/www.instagram.com\/senoticias\/\" target=\"_blank\" rel=\"noopener\"><b>Instagram<\/b><\/a><strong>.<\/strong><\/p>\n<p>Por Ag\u00eancia Brasil<\/p>\n","protected":false},"excerpt":{"rendered":"<p>A defini\u00e7\u00e3o dos pre\u00e7os da gasolina e do g\u00e1s pela Petrobras \u00e9 aut\u00f4noma e baseada na realidade de mercado, mas o governo estuda redu\u00e7\u00e3o de tributos sobre os combust\u00edveis, o que poder\u00e1 resultar em queda de pre\u00e7os. O ministro da Fazenda, Henrique Meirelles, conversou nesta quarta-feira (7) com jormalistas sobre o assunto, em Nova York, [&hellip;]<\/p>\n","protected":false},"author":6553,"featured_media":0,"comment_status":"closed","ping_status":"closed","sticky":false,"template":"","format":"standard","meta":{"footnotes":""},"categories":[2961],"tags":[],"class_list":{"0":"post-111307","1":"post","2":"type-post","3":"status-publish","4":"format-standard","6":"category-nacional"},"_links":{"self":[{"href":"https:\/\/senoticias.com.br\/se\/wp-json\/wp\/v2\/posts\/111307"}],"collection":[{"href":"https:\/\/senoticias.com.br\/se\/wp-json\/wp\/v2\/posts"}],"about":[{"href":"https:\/\/senoticias.com.br\/se\/wp-json\/wp\/v2\/types\/post"}],"author":[{"embeddable":true,"href":"https:\/\/senoticias.com.br\/se\/wp-json\/wp\/v2\/users\/6553"}],"replies":[{"embeddable":true,"href":"https:\/\/senoticias.com.br\/se\/wp-json\/wp\/v2\/comments?post=111307"}],"version-history":[{"count":0,"href":"https:\/\/senoticias.com.br\/se\/wp-json\/wp\/v2\/posts\/111307\/revisions"}],"wp:attachment":[{"href":"https:\/\/senoticias.com.br\/se\/wp-json\/wp\/v2\/media?parent=111307"}],"wp:term":[{"taxonomy":"category","embeddable":true,"href":"https:\/\/senoticias.com.br\/se\/wp-json\/wp\/v2\/categories?post=111307"},{"taxonomy":"post_tag","embeddable":true,"href":"https:\/\/senoticias.com.br\/se\/wp-json\/wp\/v2\/tags?post=111307"}],"curies":[{"name":"wp","href":"https:\/\/api.w.org\/{rel}","templated":true}]}}