{"id":111262,"date":"2018-03-05T17:24:46","date_gmt":"2018-03-05T20:24:46","guid":{"rendered":"https:\/\/senoticias.com.br\/se\/?p=111262"},"modified":"2018-03-05T23:47:01","modified_gmt":"2018-03-06T02:47:01","slug":"governo-anuncia-abertura-de-120-novas-vagas-na-educacao-profissional-de-nivel-medio-em-boquim","status":"publish","type":"post","link":"https:\/\/senoticias.com.br\/se\/governo-anuncia-abertura-de-120-novas-vagas-na-educacao-profissional-de-nivel-medio-em-boquim\/","title":{"rendered":"Governo anuncia abertura de 120 novas vagas na Educa\u00e7\u00e3o Profissional de N\u00edvel M\u00e9dio em Boquim"},"content":{"rendered":"<p style=\"text-align: justify;\"><span style=\"color: #000000;\">De acordo com o Edital N\u00ba 06\/2018, publicado pela Secretaria de Estado da Educa\u00e7\u00e3o (Seed), inicia na pr\u00f3xima segunda-feira, dia 12, o per\u00edodo de inscri\u00e7\u00f5es para o Processo Seletivo de Alunos visando o preenchimento de vagas na Educa\u00e7\u00e3o Profissional de N\u00edvel M\u00e9dio no Col\u00e9gio Estadual Cleonice Soares da Fonseca.<\/span><\/p>\n<p style=\"text-align: justify;\"><span style=\"color: #000000;\">Esta unidade escolar, que est\u00e1 localizado no munic\u00edpio de Boquim, no Centro-Sul Sergipano, est\u00e1 ofertando, no Ano Letivo 2018.1, 120 vagas para o Curso T\u00e9cnico em Manuten\u00e7\u00e3o e Suporte em Inform\u00e1tica, na modalidade integrada (40) e subsequente, (40), e para o Curso T\u00e9cnico em Administra\u00e7\u00e3o, na modalidade integrada (40).<\/span><\/p>\n<div id=\"attachment_111263\" style=\"width: 609px\" class=\"wp-caption aligncenter\"><a href=\"https:\/\/senoticias.com.br\/se\/wp-content\/uploads\/2018\/03\/educa\u00e7\u00e3o-SENOTICIAS.jpg\"><img loading=\"lazy\" decoding=\"async\" aria-describedby=\"caption-attachment-111263\" class=\"wp-image-111263 size-full\" src=\"https:\/\/senoticias.com.br\/se\/wp-content\/uploads\/2018\/03\/educa\u00e7\u00e3o-SENOTICIAS-e1520281430939.jpg\" alt=\"\" width=\"599\" height=\"400\" \/><\/a><p id=\"caption-attachment-111263\" class=\"wp-caption-text\">Governo anuncia abertura de 120 novas vagas na Educa\u00e7\u00e3o Profissional de N\u00edvel M\u00e9dio em Boquim \/ Foto: Ascom\/Seed<\/p><\/div>\n<p style=\"text-align: justify;\"><span style=\"color: #000000;\">Os interessados poder\u00e3o realizar suas inscri\u00e7\u00f5es at\u00e9 o pr\u00f3ximo dia 16, na Secretaria do Col\u00e9gio Estadual Cleonice Soares da Fonseca, localizada na avenida Paulo Barreto de Menezes, s\/n, em Boquim, das 8h \u00e0s 11h30 e das 14h \u00e0s 17h. Os candidatos \u00e0s vagas na modalidade subsequente devem ter idade m\u00ednima de 16 anos e o ensino m\u00e9dio j\u00e1 conclu\u00eddo. Para as vagas na modalidade integrada ao ensino m\u00e9dio, na qual o estudante cursa a \u00faltima etapa da educa\u00e7\u00e3o b\u00e1sica ao mesmo tempo em que cursa a educa\u00e7\u00e3o profissionalizante, o candidato deve ter idade m\u00ednima de 14 anos e o ensino fundamental completo.<\/span><\/p>\n<p style=\"text-align: justify;\"><strong><span style=\"color: #000000;\">Reforma e amplia\u00e7\u00e3o<\/span><\/strong><\/p>\n<p style=\"text-align: justify;\"><span style=\"color: #000000;\">A partir de um investimento de quase R$4 milh\u00f5es, o governo estadual reformou por completo e ampliou o pr\u00e9dio escolar do Col\u00e9gio Estadual Cleonice Soares da Fonseca, entregando \u00e0 popula\u00e7\u00e3o do Centro-Sul Sergipano, em 2015, praticamente uma nova escola, agora totalmente adaptada \u00e0s demandas do ensino regular, da Educa\u00e7\u00e3o de Jovens e Adultos e tamb\u00e9m da Educa\u00e7\u00e3o Profissional de N\u00edvel M\u00e9dio.<\/span><\/p>\n<p style=\"text-align: justify;\"><span style=\"color: #000000;\">Ap\u00f3s as obras de requalifica\u00e7\u00e3o de sua estrutura, o Col\u00e9gio Cleonice Soares Fonseca passou a dispor de planejamento paisag\u00edstico e ambienta\u00e7\u00e3o de aspecto funcional e de novos espa\u00e7os, como os laborat\u00f3rios de Inform\u00e1tica, de L\u00ednguas, de Biologia, de Matem\u00e1tica e de F\u00edsica, e ainda os laborat\u00f3rios destinados aos cursos profissionalizantes, sala de v\u00eddeo e biblioteca, al\u00e9m de uma nova quadra poliesportiva coberta para uso da comunidade escolar.<\/span><\/p>\n<p>&nbsp;<\/p>\n<p><a href=\"https:\/\/senoticias.com.br\/se\/wp-content\/uploads\/2018\/02\/Logomarca-fone-SE-4-2-1.jpg\"><img loading=\"lazy\" decoding=\"async\" class=\"wp-image-111094 size-full aligncenter\" src=\"https:\/\/senoticias.com.br\/se\/wp-content\/uploads\/2018\/02\/Logomarca-fone-SE-4-2-1.jpg\" alt=\"\" width=\"599\" height=\"78\" srcset=\"https:\/\/senoticias.com.br\/se\/wp-content\/uploads\/2018\/02\/Logomarca-fone-SE-4-2-1.jpg 599w, https:\/\/senoticias.com.br\/se\/wp-content\/uploads\/2018\/02\/Logomarca-fone-SE-4-2-1-300x39.jpg 300w\" sizes=\"(max-width: 599px) 100vw, 599px\" \/><\/a><\/p>\n<p><strong>Acompanhe tamb\u00e9m o SE Not\u00edcias no<\/strong><span class=\"apple-converted-space\"><b>\u00a0<\/b><\/span><a href=\"https:\/\/twitter.com\/Senoticias\" target=\"_blank\" rel=\"noopener\"><b>Twitter<\/b><\/a><strong>,<\/strong><span class=\"apple-converted-space\"><b>\u00a0<\/b><\/span><a href=\"https:\/\/www.facebook.com\/senoticias1\" target=\"_blank\" rel=\"noopener\"><b>Facebook<\/b><span class=\"apple-converted-space\"><b>\u00a0<\/b><\/span><\/a><strong>e no<\/strong><span class=\"apple-converted-space\"><b>\u00a0<\/b><\/span><a href=\"https:\/\/www.instagram.com\/senoticias\/\" target=\"_blank\" rel=\"noopener\"><b>Instagram<\/b><\/a><strong>.<\/strong><\/p>\n<p>Por ASN<\/p>\n","protected":false},"excerpt":{"rendered":"<p>De acordo com o Edital N\u00ba 06\/2018, publicado pela Secretaria de Estado da Educa\u00e7\u00e3o (Seed), inicia na pr\u00f3xima segunda-feira, dia 12, o per\u00edodo de inscri\u00e7\u00f5es para o Processo Seletivo de Alunos visando o preenchimento de vagas na Educa\u00e7\u00e3o Profissional de N\u00edvel M\u00e9dio no Col\u00e9gio Estadual Cleonice Soares da Fonseca. Esta unidade escolar, que est\u00e1 localizado [&hellip;]<\/p>\n","protected":false},"author":6553,"featured_media":0,"comment_status":"closed","ping_status":"closed","sticky":false,"template":"","format":"standard","meta":{"footnotes":""},"categories":[6],"tags":[3196,3719,139,2002,223,3028],"class_list":{"0":"post-111262","1":"post","2":"type-post","3":"status-publish","4":"format-standard","6":"category-politica","7":"tag-boquim","8":"tag-curso","9":"tag-ensino-medio","10":"tag-governo","11":"tag-sergipe","12":"tag-vagas"},"_links":{"self":[{"href":"https:\/\/senoticias.com.br\/se\/wp-json\/wp\/v2\/posts\/111262"}],"collection":[{"href":"https:\/\/senoticias.com.br\/se\/wp-json\/wp\/v2\/posts"}],"about":[{"href":"https:\/\/senoticias.com.br\/se\/wp-json\/wp\/v2\/types\/post"}],"author":[{"embeddable":true,"href":"https:\/\/senoticias.com.br\/se\/wp-json\/wp\/v2\/users\/6553"}],"replies":[{"embeddable":true,"href":"https:\/\/senoticias.com.br\/se\/wp-json\/wp\/v2\/comments?post=111262"}],"version-history":[{"count":0,"href":"https:\/\/senoticias.com.br\/se\/wp-json\/wp\/v2\/posts\/111262\/revisions"}],"wp:attachment":[{"href":"https:\/\/senoticias.com.br\/se\/wp-json\/wp\/v2\/media?parent=111262"}],"wp:term":[{"taxonomy":"category","embeddable":true,"href":"https:\/\/senoticias.com.br\/se\/wp-json\/wp\/v2\/categories?post=111262"},{"taxonomy":"post_tag","embeddable":true,"href":"https:\/\/senoticias.com.br\/se\/wp-json\/wp\/v2\/tags?post=111262"}],"curies":[{"name":"wp","href":"https:\/\/api.w.org\/{rel}","templated":true}]}}