{"id":111209,"date":"2018-03-02T15:13:22","date_gmt":"2018-03-02T18:13:22","guid":{"rendered":"https:\/\/senoticias.com.br\/se\/?p=111209"},"modified":"2018-03-02T15:13:22","modified_gmt":"2018-03-02T18:13:22","slug":"receita-divulga-cronograma-de-pagamento-das-restituicoes-do-imposto-de-renda","status":"publish","type":"post","link":"https:\/\/senoticias.com.br\/se\/receita-divulga-cronograma-de-pagamento-das-restituicoes-do-imposto-de-renda\/","title":{"rendered":"Receita divulga cronograma de pagamento das restitui\u00e7\u00f5es do Imposto de Renda"},"content":{"rendered":"<p style=\"text-align: justify\"><span style=\"color: #000000\">Restitui\u00e7\u00f5es do Imposto de Renda ser\u00e3o pagas de junho a dezembro, seguindo a ordem de entrega Declara\u00e7\u00e3o do Imposto sobre a Renda da Pessoa F\u00edsica (DIRPF 2018), de acordo com o cronograma divulgado nesta sexta-feira (2) pela Receita Federal.<\/span><\/p>\n<p style=\"text-align: justify\"><span style=\"color: #000000\">De acordo com <span style=\"text-decoration: underline\"><a href=\"http:\/\/normas.receita.fazenda.gov.br\/sijut2consulta\/link.action?visao=anotado&amp;idAto=90481\">Ato Declarat\u00f3rio<\/a><\/span> publicado no Di\u00e1rio Oficial da Uni\u00e3o, ter\u00e3o prioridade os contribuintes com idade igual ou superior a 60 anos, sendo assegurada prioridade especial aos maiores de 80 anos, aos contribuintes portadores de defici\u00eancia f\u00edsica ou mental, os portadores de mol\u00e9stias graves e aos contribuintes cuja maior fonte de renda seja o magist\u00e9rio.<\/span><\/p>\n<p style=\"text-align: justify\"><span style=\"color: #000000\"><a href=\"https:\/\/senoticias.com.br\/se\/wp-content\/uploads\/2018\/03\/site_receita_federal_0.jpg\"><img loading=\"lazy\" decoding=\"async\" class=\"aligncenter wp-image-111210 size-full\" src=\"https:\/\/senoticias.com.br\/se\/wp-content\/uploads\/2018\/03\/site_receita_federal_0.jpg\" alt=\"\" width=\"580\" height=\"388\" srcset=\"https:\/\/senoticias.com.br\/se\/wp-content\/uploads\/2018\/03\/site_receita_federal_0.jpg 580w, https:\/\/senoticias.com.br\/se\/wp-content\/uploads\/2018\/03\/site_receita_federal_0-300x201.jpg 300w, https:\/\/senoticias.com.br\/se\/wp-content\/uploads\/2018\/03\/site_receita_federal_0-90x60.jpg 90w, https:\/\/senoticias.com.br\/se\/wp-content\/uploads\/2018\/03\/site_receita_federal_0-180x120.jpg 180w, https:\/\/senoticias.com.br\/se\/wp-content\/uploads\/2018\/03\/site_receita_federal_0-95x64.jpg 95w\" sizes=\"(max-width: 580px) 100vw, 580px\" \/><\/a><\/span><\/p>\n<p style=\"text-align: justify\"><span style=\"color: #000000\">A restitui\u00e7\u00e3o ser\u00e1 paga em sete lotes. O valor ser\u00e1 colocado \u00e0 disposi\u00e7\u00e3o do contribuinte na ag\u00eancia banc\u00e1ria indicada na declara\u00e7\u00e3o.<\/span><\/p>\n<p style=\"text-align: justify\"><strong><span style=\"color: #000000\">Veja o cronograma:<\/span><\/strong><\/p>\n<p style=\"text-align: justify\"><span style=\"color: #000000\">1\u00ba lote, em 15 de junho de 2018<\/span><br \/>\n<span style=\"color: #000000\">2\u00ba lote, em 16 de julho de 2018<\/span><br \/>\n<span style=\"color: #000000\">3\u00ba lote, em 15 de agosto de 2018<\/span><br \/>\n<span style=\"color: #000000\">4\u00ba lote, em 17 de setembro de 2018<\/span><br \/>\n<span style=\"color: #000000\">5\u00ba lote, em 15 de outubro de 2018<\/span><br \/>\n<span style=\"color: #000000\">6\u00ba lote, em 16 de novembro de 2018<\/span><br \/>\n<span style=\"color: #000000\">7\u00ba lote, em 17 de dezembro de 2018<\/span><\/p>\n<p style=\"text-align: justify\"><strong><span style=\"color: #000000\">Declara\u00e7\u00e3o<\/span><\/strong><\/p>\n<p style=\"text-align: justify\"><span style=\"color: #000000\">A declara\u00e7\u00e3o deste ano pode ser preenchida por meio do programa baixado no computador ou do aplicativo Meu Imposto de Renda para tablets e celulares. O download do programa pode ser feito no site da Receita. \u00c9 obrigado a declarar quem recebeu, em 2017, rendimentos tribut\u00e1veis em valor superior a R$ 28.559,70. No caso da atividade rural, deve declarar quem teve receita bruta acima de R$ 142.798,50.<\/span><\/p>\n<p style=\"text-align: justify\"><span style=\"color: #000000\">Tamb\u00e9m est\u00e3o obrigadas a declarar as pessoas f\u00edsicas residentes no Brasil que receberam rendimentos isentos, n\u00e3o tribut\u00e1veis ou tributados exclusivamente na fonte, cuja soma foi superior a R$ 40 mil; as que obtiveram, em qualquer m\u00eas, ganho de capital na aliena\u00e7\u00e3o de bens e direitos, sujeito \u00e0 incid\u00eancia do imposto ou que realizaram opera\u00e7\u00f5es em bolsas de valores; que pretendem compensar preju\u00edzos com a atividade rural; que tiveram, em 31 de dezembro de 2017, a posse ou a propriedade de bens e direitos, inclusive terra nua, em valor total superior a R$ 300 mil; que passaram \u00e0 condi\u00e7\u00e3o de residentes no Brasil em qualquer m\u00eas e assim se encontravam em 31 de dezembro; ou que optaram pela isen\u00e7\u00e3o do IR incidente sobre o ganho de capital com a venda de im\u00f3veis residenciais para a compra de outro im\u00f3vel no pa\u00eds, no prazo de 180 dias contados do contrato de venda.<\/span><\/p>\n<p style=\"text-align: justify\"><span style=\"color: #000000\">Neste ano, \u00e9 obrigat\u00f3ria a apresenta\u00e7\u00e3o do Cadastro de Pessoa F\u00edsica (CPF) para dependentes a partir de 8 anos de idade, completados at\u00e9 31 de dezembro de 2017. Outra mudan\u00e7a \u00e9 a possibilidade de impress\u00e3o do Documento de Arrecada\u00e7\u00e3o de Receitas Federais (Darf) para pagamento de todas as cotas do imposto, inclusive as que est\u00e3o em atraso.<\/span><\/p>\n<p style=\"text-align: justify\"><span style=\"color: #000000\">Mais informa\u00e7\u00f5es sobre a declara\u00e7\u00e3o do IRPF 2018 est\u00e3o dispon\u00edveis no<span style=\"text-decoration: underline\"><a href=\"https:\/\/idg.receita.fazenda.gov.br\/noticias\/ascom\/2018\/fevereiro\/publicadas-as-regras-sobre-a-entrega-da-dirpf-2018\"> site da Receita<\/a><\/span>.<\/span><\/p>\n<p>&nbsp;<\/p>\n<p><a href=\"https:\/\/senoticias.com.br\/se\/wp-content\/uploads\/2018\/02\/Logomarca-fone-SE-4-2-1.jpg\"><img loading=\"lazy\" decoding=\"async\" class=\"wp-image-111094 size-full aligncenter\" src=\"https:\/\/senoticias.com.br\/se\/wp-content\/uploads\/2018\/02\/Logomarca-fone-SE-4-2-1.jpg\" alt=\"\" width=\"599\" height=\"78\" srcset=\"https:\/\/senoticias.com.br\/se\/wp-content\/uploads\/2018\/02\/Logomarca-fone-SE-4-2-1.jpg 599w, https:\/\/senoticias.com.br\/se\/wp-content\/uploads\/2018\/02\/Logomarca-fone-SE-4-2-1-300x39.jpg 300w\" sizes=\"(max-width: 599px) 100vw, 599px\" \/><\/a><\/p>\n<p><strong>Acompanhe tamb\u00e9m o SE Not\u00edci<a href=\"https:\/\/g1.globo.com\/se\/sergipe\/noticia\/suspeitos-morrem-em-confronto-com-a-policia.ghtml\">as no<\/a><\/strong><span class=\"apple-converted-space\"><b>\u00a0<\/b><\/span><a href=\"https:\/\/twitter.com\/Senoticias\" target=\"_blank\" rel=\"noopener\"><b>Twitter<\/b><\/a><strong>,<\/strong><span class=\"apple-converted-space\"><b>\u00a0<\/b><\/span><a href=\"https:\/\/www.facebook.com\/senoticias1\" target=\"_blank\" rel=\"noopener\"><b>Facebook<\/b><span class=\"apple-converted-space\"><b>\u00a0<\/b><\/span><\/a><strong>e no<\/strong><span class=\"apple-converted-space\"><b>\u00a0<\/b><\/span><a href=\"https:\/\/www.instagram.com\/senoticias\/\" target=\"_blank\" rel=\"noopener\"><b>Instagram<\/b><\/a><\/p>\n<p>Por Ag\u00eancia Brasil<\/p>\n","protected":false},"excerpt":{"rendered":"<p>Restitui\u00e7\u00f5es do Imposto de Renda ser\u00e3o pagas de junho a dezembro, seguindo a ordem de entrega Declara\u00e7\u00e3o do Imposto sobre a Renda da Pessoa F\u00edsica (DIRPF 2018), de acordo com o cronograma divulgado nesta sexta-feira (2) pela Receita Federal. De acordo com Ato Declarat\u00f3rio publicado no Di\u00e1rio Oficial da Uni\u00e3o, ter\u00e3o prioridade os contribuintes com [&hellip;]<\/p>\n","protected":false},"author":6553,"featured_media":0,"comment_status":"closed","ping_status":"closed","sticky":false,"template":"","format":"standard","meta":{"footnotes":""},"categories":[2961],"tags":[371,3922,4191,8883,3586,5882],"class_list":{"0":"post-111209","1":"post","2":"type-post","3":"status-publish","4":"format-standard","6":"category-nacional","7":"tag-371","8":"tag-federal","9":"tag-imposto","10":"tag-irpf","11":"tag-receita","12":"tag-renda"},"_links":{"self":[{"href":"https:\/\/senoticias.com.br\/se\/wp-json\/wp\/v2\/posts\/111209"}],"collection":[{"href":"https:\/\/senoticias.com.br\/se\/wp-json\/wp\/v2\/posts"}],"about":[{"href":"https:\/\/senoticias.com.br\/se\/wp-json\/wp\/v2\/types\/post"}],"author":[{"embeddable":true,"href":"https:\/\/senoticias.com.br\/se\/wp-json\/wp\/v2\/users\/6553"}],"replies":[{"embeddable":true,"href":"https:\/\/senoticias.com.br\/se\/wp-json\/wp\/v2\/comments?post=111209"}],"version-history":[{"count":0,"href":"https:\/\/senoticias.com.br\/se\/wp-json\/wp\/v2\/posts\/111209\/revisions"}],"wp:attachment":[{"href":"https:\/\/senoticias.com.br\/se\/wp-json\/wp\/v2\/media?parent=111209"}],"wp:term":[{"taxonomy":"category","embeddable":true,"href":"https:\/\/senoticias.com.br\/se\/wp-json\/wp\/v2\/categories?post=111209"},{"taxonomy":"post_tag","embeddable":true,"href":"https:\/\/senoticias.com.br\/se\/wp-json\/wp\/v2\/tags?post=111209"}],"curies":[{"name":"wp","href":"https:\/\/api.w.org\/{rel}","templated":true}]}}