{"id":111207,"date":"2018-03-02T10:27:27","date_gmt":"2018-03-02T13:27:27","guid":{"rendered":"https:\/\/senoticias.com.br\/se\/?p=111207"},"modified":"2018-03-02T10:27:27","modified_gmt":"2018-03-02T13:27:27","slug":"como-o-tribunal-superior-eleitoral-deveria-enfrentar-as-fake-news","status":"publish","type":"post","link":"https:\/\/senoticias.com.br\/se\/como-o-tribunal-superior-eleitoral-deveria-enfrentar-as-fake-news\/","title":{"rendered":"Como o Tribunal Superior Eleitoral deveria enfrentar as &#8220;Fake News&#8221;?"},"content":{"rendered":"<div><em>Joaquim Neiva*<\/em><\/div>\n<div><\/div>\n<div style=\"text-align: justify;\">Estou convencido de que a investiga\u00e7\u00e3o da JBS pelo Minist\u00e9rio P\u00fablico (MP), que resultou na opera\u00e7\u00e3o da Pol\u00edcia Federal (PF), foi motivada por uma fake news (not\u00edcia falsa) viralizada (divulgada massivamente) nas redes sociais na \u00e9poca: O \u201cfilho do Lula\u201d seria o verdadeiro dono da Friboi\/JBS.<\/p>\n<div id=\"attachment_111208\" style=\"width: 609px\" class=\"wp-caption aligncenter\"><a href=\"https:\/\/senoticias.com.br\/se\/wp-content\/uploads\/2018\/03\/Fake-News.jpg\"><img loading=\"lazy\" decoding=\"async\" aria-describedby=\"caption-attachment-111208\" class=\"size-full wp-image-111208\" src=\"https:\/\/senoticias.com.br\/se\/wp-content\/uploads\/2018\/03\/Fake-News-e1519996667990.jpg\" alt=\"\" width=\"599\" height=\"394\" \/><\/a><p id=\"caption-attachment-111208\" class=\"wp-caption-text\">Joaquim Neiva, escreve sobre Fake News (foto arte: Estudos Nacionais)<\/p><\/div>\n<\/div>\n<div style=\"text-align: justify;\"><\/div>\n<div style=\"text-align: justify;\">A PF n\u00e3o encontrou por l\u00e1 o filho do Lula, mas desbaratou um gigantesco esc\u00e2ndalo de corrup\u00e7\u00e3o envolvendo ningu\u00e9m menos que o atual Presidente da Rep\u00fablica, Michel Temer, e o PMDB, dentre outros.<\/div>\n<div style=\"text-align: justify;\">Mentiras t\u00eam pautado n\u00e3o somente as a\u00e7\u00f5es dos MPs e da PF, mas tamb\u00e9m da chamada \u201cm\u00eddia profissional\u201d, que tem espalhado not\u00edcias falsas em muitas das suas capas e manchetes.<\/div>\n<div style=\"text-align: justify;\"><\/div>\n<div style=\"text-align: justify;\">Como definir o que s\u00e3o not\u00edcias falsas ou verdadeiras em um pa\u00eds em guerra ideol\u00f3gica, pouco s\u00e9ria, desde as chamadas \u201cjornadas de 2013\u201d, que reivindicavam baixar igualmente os pre\u00e7os das passagens de \u00f4nibus e do Toddynho?<\/div>\n<div><\/div>\n<div style=\"text-align: justify;\">Aponto apenas um caminho dentro do Estado de Direito: Cumprir o Par\u00e1grafo IV do Artigo 5\u00ba da Constitui\u00e7\u00e3o Federal, que diz que \u201c\u00e9 livre a manifesta\u00e7\u00e3o do pensamento, sendo vedado o anonimato\u201d. Ou seja, todas as pessoas t\u00eam o direito de divulgar quaisquer informa\u00e7\u00f5es por quaisquer meios de que disponham, desde que se identifiquem. Caso divulguem fake news, que sejam punidas na forma da Lei.<\/div>\n<div style=\"text-align: justify;\"><\/div>\n<div style=\"text-align: justify;\">Qualquer Resolu\u00e7\u00e3o do Tribunal Superior Eleitoral (TSE) para as Elei\u00e7\u00f5es de 2018, que n\u00e3o parta dessa premissa, ser\u00e1 cerceamento da Liberdade de Express\u00e3o.<\/div>\n<div id=\"m_488001857894886589yMail_cursorElementTracker_1519816412626\" style=\"text-align: justify;\"><\/div>\n<div><\/div>\n<div id=\"m_488001857894886589yMail_cursorElementTracker_1519816410132\"><em>Este artigo publicado\u00a0 originalmente no <a href=\"http:\/\/www.jornalfato.com.br\/index\">Jornal Esp\u00edrito Santo de Fato<\/a><\/em><\/div>\n<div><\/div>\n<div>\n<div style=\"text-align: justify;\"><\/div>\n<div id=\"m_488001857894886589yMail_cursorElementTracker_1519816412626\" style=\"text-align: justify;\"><em>*Por Joaquim Neiva, Jornalista e Gestor de Marketing Digital e M\u00eddias Sociais na Empresa Fazejamento Digital.<\/em><\/div>\n<div><\/div>\n<div style=\"text-align: justify;\"><em><a href=\"https:\/\/senoticias.com.br\/se\/wp-content\/uploads\/2018\/02\/Logomarca-fone-SE-4-2-1.jpg\"><img loading=\"lazy\" decoding=\"async\" class=\"aligncenter size-full wp-image-111094\" src=\"https:\/\/senoticias.com.br\/se\/wp-content\/uploads\/2018\/02\/Logomarca-fone-SE-4-2-1.jpg\" alt=\"\" width=\"599\" height=\"78\" srcset=\"https:\/\/senoticias.com.br\/se\/wp-content\/uploads\/2018\/02\/Logomarca-fone-SE-4-2-1.jpg 599w, https:\/\/senoticias.com.br\/se\/wp-content\/uploads\/2018\/02\/Logomarca-fone-SE-4-2-1-300x39.jpg 300w\" sizes=\"(max-width: 599px) 100vw, 599px\" \/><\/a><\/em><\/div>\n<div><\/div>\n<div style=\"text-align: justify;\"><em>\u00a0<\/em><\/div>\n<\/div>\n","protected":false},"excerpt":{"rendered":"<p>Joaquim Neiva* Estou convencido de que a investiga\u00e7\u00e3o da JBS pelo Minist\u00e9rio P\u00fablico (MP), que resultou na opera\u00e7\u00e3o da Pol\u00edcia Federal (PF), foi motivada por uma fake news (not\u00edcia falsa) viralizada (divulgada massivamente) nas redes sociais na \u00e9poca: O \u201cfilho do Lula\u201d seria o verdadeiro dono da Friboi\/JBS. A PF n\u00e3o encontrou por l\u00e1 o [&hellip;]<\/p>\n","protected":false},"author":6552,"featured_media":111208,"comment_status":"closed","ping_status":"closed","sticky":false,"template":"","format":"standard","meta":{"footnotes":""},"categories":[37,15],"tags":[8882,549],"class_list":{"0":"post-111207","1":"post","2":"type-post","3":"status-publish","4":"format-standard","5":"has-post-thumbnail","7":"category-artigos","8":"category-destaques","9":"tag-fake-news","10":"tag-tribunal-superior-eleitoral"},"_links":{"self":[{"href":"https:\/\/senoticias.com.br\/se\/wp-json\/wp\/v2\/posts\/111207"}],"collection":[{"href":"https:\/\/senoticias.com.br\/se\/wp-json\/wp\/v2\/posts"}],"about":[{"href":"https:\/\/senoticias.com.br\/se\/wp-json\/wp\/v2\/types\/post"}],"author":[{"embeddable":true,"href":"https:\/\/senoticias.com.br\/se\/wp-json\/wp\/v2\/users\/6552"}],"replies":[{"embeddable":true,"href":"https:\/\/senoticias.com.br\/se\/wp-json\/wp\/v2\/comments?post=111207"}],"version-history":[{"count":0,"href":"https:\/\/senoticias.com.br\/se\/wp-json\/wp\/v2\/posts\/111207\/revisions"}],"wp:featuredmedia":[{"embeddable":true,"href":"https:\/\/senoticias.com.br\/se\/wp-json\/wp\/v2\/media\/111208"}],"wp:attachment":[{"href":"https:\/\/senoticias.com.br\/se\/wp-json\/wp\/v2\/media?parent=111207"}],"wp:term":[{"taxonomy":"category","embeddable":true,"href":"https:\/\/senoticias.com.br\/se\/wp-json\/wp\/v2\/categories?post=111207"},{"taxonomy":"post_tag","embeddable":true,"href":"https:\/\/senoticias.com.br\/se\/wp-json\/wp\/v2\/tags?post=111207"}],"curies":[{"name":"wp","href":"https:\/\/api.w.org\/{rel}","templated":true}]}}