{"id":111195,"date":"2018-03-01T17:40:08","date_gmt":"2018-03-01T20:40:08","guid":{"rendered":"https:\/\/senoticias.com.br\/se\/?p=111195"},"modified":"2018-03-01T17:40:08","modified_gmt":"2018-03-01T20:40:08","slug":"bandeira-de-mello-e-reconduzido-ao-cargo-de-procurador-geral-de-contas","status":"publish","type":"post","link":"https:\/\/senoticias.com.br\/se\/bandeira-de-mello-e-reconduzido-ao-cargo-de-procurador-geral-de-contas\/","title":{"rendered":"Bandeira de Mello \u00e9 reconduzido ao cargo de procurador-geral de Contas"},"content":{"rendered":"<p style=\"text-align: justify;\">&#8220;Continuaremos com nossos prop\u00f3sitos de melhoria da gest\u00e3o p\u00fablica, dos servi\u00e7os p\u00fablicos, notadamente na \u00e1rea de educa\u00e7\u00e3o e sa\u00fade&#8221;. Esta \u00e9 a expectativa do procurador-geral Jo\u00e3o Augusto dos Anjos Bandeira de Mello para seu novo mandato \u00e0 frente do Minist\u00e9rio P\u00fablico de Contas, no bi\u00eanio 2018\/2019. A solenidade que marcou sua recondu\u00e7\u00e3o ao cargo ocorreu em sess\u00e3o especial do Pleno do Tribunal de Contas do Estado (TCE) na manh\u00e3 desta quinta-feira, dia 1\u00ba.<\/p>\n<div id=\"attachment_111196\" style=\"width: 609px\" class=\"wp-caption aligncenter\"><a href=\"https:\/\/senoticias.com.br\/se\/wp-content\/uploads\/2018\/03\/MG_7945-e1519936626241.jpg\"><img loading=\"lazy\" decoding=\"async\" aria-describedby=\"caption-attachment-111196\" class=\"size-full wp-image-111196\" src=\"https:\/\/senoticias.com.br\/se\/wp-content\/uploads\/2018\/03\/MG_7945-e1519936626241.jpg\" alt=\"\" width=\"599\" height=\"399\" \/><\/a><p id=\"caption-attachment-111196\" class=\"wp-caption-text\">A sess\u00e3o foi conduzida pelo conselheiro-presidente Ulices Andrade, que enalteceu a capacidade t\u00e9cnica do procurador-geral e o papel destacado que desempenha ao dirigir o MP de Contas (foto: ascom\/TCE)<\/p><\/div>\n<p style=\"text-align: justify;\">\n<p>A sess\u00e3o foi conduzida pelo conselheiro-presidente Ulices Andrade,\u00a0que enalteceu a capacidade t\u00e9cnica do procurador-geral e o papel destacado que desempenha ao dirigir\u00a0o MP de Contas. Da mesma forma, tamb\u00e9m integraram o colegiado na sess\u00e3o e saudaram Bandeira de Mello os conselheiros Carlos Alberto, Cl\u00f3vis Barbosa, Luiz Augusto, Susana Azevedo e Ang\u00e9lica Guimar\u00e3es, al\u00e9m do conselheiro-substituto Francisco Evanildo.<\/p>\n<p>Em seu discurso, o procurador-geral fez refer\u00eancia ao car\u00e1ter simples da solenidade, justificado, segundo ele, por dois motivos: por tratar-se de uma continuidade de gest\u00e3o e por &#8220;vivemos tempos em que a simplicidade se torna cada vez mais necess\u00e1ria seja como meio de austeridade, face \u00e0 crise econ\u00f4mica; seja principalmente como sa\u00edda filos\u00f3fica para consecu\u00e7\u00e3o de objetivos&#8221;.<\/p>\n<div style=\"text-align: justify;\">\nBandeira tamb\u00e9m relembrou atua\u00e7\u00f5es recentes do parquet de\u00a0Contas em \u00e1reas cujos servi\u00e7os p\u00fablicos n\u00e3o t\u00eam correspondido \u00e0s necessidades da popula\u00e7\u00e3o. Entre elas, a busca por melhoria de atendimento dos hospitais filantr\u00f3picos e dos servi\u00e7os de oncologia; o diagn\u00f3stico do atendimento em educa\u00e7\u00e3o infantil e creches; e a representa\u00e7\u00e3o em prol dos direitos da pessoa com defici\u00eancia.&#8221;Enfim, entendemos que o aprimoramento e a profissionaliza\u00e7\u00e3o da gest\u00e3o p\u00fablica devem ser os objetivos primordiais da administra\u00e7\u00e3o p\u00fablica e do controle.\u00a0 Objetivos que continuaremos buscando nos pr\u00f3ximos dois anos com a ajuda de todos&#8221;, concluiu o procurador-geral.<\/div>\n<div><\/div>\n<div><a href=\"https:\/\/senoticias.com.br\/se\/wp-content\/uploads\/2018\/02\/Logomarca-fone-SE-4-2-1.jpg\"><img loading=\"lazy\" decoding=\"async\" class=\"aligncenter size-full wp-image-111094\" src=\"https:\/\/senoticias.com.br\/se\/wp-content\/uploads\/2018\/02\/Logomarca-fone-SE-4-2-1.jpg\" alt=\"\" width=\"599\" height=\"78\" srcset=\"https:\/\/senoticias.com.br\/se\/wp-content\/uploads\/2018\/02\/Logomarca-fone-SE-4-2-1.jpg 599w, https:\/\/senoticias.com.br\/se\/wp-content\/uploads\/2018\/02\/Logomarca-fone-SE-4-2-1-300x39.jpg 300w\" sizes=\"(max-width: 599px) 100vw, 599px\" \/><\/a><\/div>\n<div><\/div>\n<div><strong>Acompanhe tamb\u00e9m o SE Not\u00edci<a href=\"https:\/\/g1.globo.com\/se\/sergipe\/noticia\/suspeitos-morrem-em-confronto-com-a-policia.ghtml\">as no<\/a><\/strong><span class=\"apple-converted-space\"><b>\u00a0<\/b><\/span><a href=\"https:\/\/twitter.com\/Senoticias\" target=\"_blank\" rel=\"noopener\"><b>Twitter<\/b><\/a><strong>,<\/strong><span class=\"apple-converted-space\"><b>\u00a0<\/b><\/span><a href=\"https:\/\/www.facebook.com\/senoticias1\" target=\"_blank\" rel=\"noopener\"><b>Facebook<\/b><span class=\"apple-converted-space\"><b>\u00a0<\/b><\/span><\/a><strong>e no<\/strong><span class=\"apple-converted-space\"><b>\u00a0<\/b><\/span><a href=\"https:\/\/www.instagram.com\/senoticias\/\" target=\"_blank\" rel=\"noopener\"><b>Instagram<\/b><\/a><\/div>\n<div><\/div>\n<div><em>Da Ascom\/TCE<\/em><\/div>\n","protected":false},"excerpt":{"rendered":"<p>&#8220;Continuaremos com nossos prop\u00f3sitos de melhoria da gest\u00e3o p\u00fablica, dos servi\u00e7os p\u00fablicos, notadamente na \u00e1rea de educa\u00e7\u00e3o e sa\u00fade&#8221;. Esta \u00e9 a expectativa do procurador-geral Jo\u00e3o Augusto dos Anjos Bandeira de Mello para seu novo mandato \u00e0 frente do Minist\u00e9rio P\u00fablico de Contas, no bi\u00eanio 2018\/2019. A solenidade que marcou sua recondu\u00e7\u00e3o ao cargo ocorreu [&hellip;]<\/p>\n","protected":false},"author":6552,"featured_media":111196,"comment_status":"closed","ping_status":"closed","sticky":false,"template":"","format":"standard","meta":{"footnotes":""},"categories":[15],"tags":[8874,8475,529,565,6984],"class_list":{"0":"post-111195","1":"post","2":"type-post","3":"status-publish","4":"format-standard","5":"has-post-thumbnail","7":"category-destaques","8":"tag-bandeira-de-mello","9":"tag-procurador-geral","10":"tag-tce","11":"tag-tribunal-de-contas-do-estado","12":"tag-ulices-andrade"},"_links":{"self":[{"href":"https:\/\/senoticias.com.br\/se\/wp-json\/wp\/v2\/posts\/111195"}],"collection":[{"href":"https:\/\/senoticias.com.br\/se\/wp-json\/wp\/v2\/posts"}],"about":[{"href":"https:\/\/senoticias.com.br\/se\/wp-json\/wp\/v2\/types\/post"}],"author":[{"embeddable":true,"href":"https:\/\/senoticias.com.br\/se\/wp-json\/wp\/v2\/users\/6552"}],"replies":[{"embeddable":true,"href":"https:\/\/senoticias.com.br\/se\/wp-json\/wp\/v2\/comments?post=111195"}],"version-history":[{"count":0,"href":"https:\/\/senoticias.com.br\/se\/wp-json\/wp\/v2\/posts\/111195\/revisions"}],"wp:featuredmedia":[{"embeddable":true,"href":"https:\/\/senoticias.com.br\/se\/wp-json\/wp\/v2\/media\/111196"}],"wp:attachment":[{"href":"https:\/\/senoticias.com.br\/se\/wp-json\/wp\/v2\/media?parent=111195"}],"wp:term":[{"taxonomy":"category","embeddable":true,"href":"https:\/\/senoticias.com.br\/se\/wp-json\/wp\/v2\/categories?post=111195"},{"taxonomy":"post_tag","embeddable":true,"href":"https:\/\/senoticias.com.br\/se\/wp-json\/wp\/v2\/tags?post=111195"}],"curies":[{"name":"wp","href":"https:\/\/api.w.org\/{rel}","templated":true}]}}