{"id":111161,"date":"2018-02-28T16:58:42","date_gmt":"2018-02-28T19:58:42","guid":{"rendered":"https:\/\/senoticias.com.br\/se\/?p=111161"},"modified":"2018-02-28T18:40:42","modified_gmt":"2018-02-28T21:40:42","slug":"jackson-visita-obras-de-recomposicao-da-adutora-do-sao-francisco-em-pedra-branca","status":"publish","type":"post","link":"https:\/\/senoticias.com.br\/se\/jackson-visita-obras-de-recomposicao-da-adutora-do-sao-francisco-em-pedra-branca\/","title":{"rendered":"Governador visita obras de recomposi\u00e7\u00e3o da Adutora do S\u00e3o Francisco, em Pedra Branca"},"content":{"rendered":"<p style=\"text-align: justify;\">Ap\u00f3s visitar as futuras instala\u00e7\u00f5es da unidade de Atendimento Socioeducativo, em Socorro, o governador Jackson Barreto visitou as obras de reconstru\u00e7\u00e3o da ponte de Pedra Branca, entre os munic\u00edpios de Laranjeiras e Maruim, e de recomposi\u00e7\u00e3o do trecho original Adutora do S\u00e3o Francisco, respons\u00e1vel por 67,19% do volume produzido para o abastecimento do sistema integrado da Grande Aracaju.<\/p>\n<div id=\"attachment_111163\" style=\"width: 590px\" class=\"wp-caption aligncenter\"><a href=\"https:\/\/senoticias.com.br\/se\/wp-content\/uploads\/2018\/02\/1c9e954ba6e15030b144e6243232dfc3-e1519847885437.jpeg\"><img loading=\"lazy\" decoding=\"async\" aria-describedby=\"caption-attachment-111163\" class=\"size-full wp-image-111163\" src=\"https:\/\/senoticias.com.br\/se\/wp-content\/uploads\/2018\/02\/1c9e954ba6e15030b144e6243232dfc3-e1519847885437.jpeg\" alt=\"\" width=\"580\" height=\"387\" \/><\/a><p id=\"caption-attachment-111163\" class=\"wp-caption-text\">Ap\u00f3s visitar as futuras instala\u00e7\u00f5es da unidade de Atendimento Socioeducativo, em Socorro, o governador Jackson Barreto visitou as obras de reconstru\u00e7\u00e3o da ponte de Pedra Branca, entre os munic\u00edpios de Laranjeiras e Maruim (foto: Marcelle Cristinne\/ASN<\/p><\/div>\n<p style=\"text-align: justify;\">Acompanhado do presidente da Companhia de Saneamento de Sergipe, Carlos Melo, o governador percorreu o canteiro de obras da interven\u00e7\u00e3o que \u00e9 realizada com recursos oriundos do Programa \u00c1guas de Sergipe, por meio da Secretaria de Estado do Meio Ambiente e dos Recursos H\u00eddricos (Semarh) e o Banco Mundial, um aporte de R$ 18.820.509,70.<\/p>\n<p style=\"text-align: justify;\">\u201cComo todos se lembram, essa obra surgiu de um desastre acontecido em 2015, quando a ponte cedeu, rompendo a adutora do S\u00e3o Francisco, que abastece Aracaju e a Grande Aracaju, causando problemas no abastecimento de \u00e1gua. O governo do Estado deu atestado de muita compet\u00eancia, porque atrav\u00e9s do Banco Mundial, com a Secretaria de Meio Ambiente, foi capaz de fazer um projeto, buscar recurso, fazer a obra e entregar. Uma obra que, do ponto de vista t\u00e9cnico, \u00e9 bastante complicada, principalmente no sentido das funda\u00e7\u00f5es\u201d, disse o governador Jackson Barreto.<\/p>\n<p style=\"text-align: justify;\">O governador destacou, ainda, que a popula\u00e7\u00e3o ter\u00e1 uma nova ponte moderna, que permitir\u00e1 a passagem de pedestres, bicicletas e animais. \u201cO fundamental em tudo isso \u00e9 que n\u00f3s temos agora uma obra nova, altamente moderna, feita em prazo recorde, e os moradores de Aracaju e da Grande Aracaju n\u00e3o sofreram com a falta de \u00e1gua. Estamos vendo uma adutora improvisada, mas que deu resultados positivos para a popula\u00e7\u00e3o de Sergipe. Eu me considero extremamente satisfeito com esse trabalho. Afinal de contas, s\u00e3o praticamente R$19 milh\u00f5es. Significa dizer que n\u00f3s estamos fazendo uma obra para as futuras gera\u00e7\u00f5es. Quando muitos pensam que o estado n\u00e3o planeja, a gente d\u00e1 o atestado de rapidez e compet\u00eancia. A ponte cedeu, a adutora caiu, a cidade n\u00e3o ficou sem \u00e1gua. Tivemos que planejar rapidamente, fazer projeto rapidamente, alocar recursos e, em menos de tr\u00eas anos, estamos entregando a obra. \u00c9 preciso que as pessoas tenham a compreens\u00e3o da dimens\u00e3o do governo que trabalha em todas as dire\u00e7\u00f5es\u201d, destacou.<\/p>\n<p style=\"text-align: justify;\">O diretor-presidente da Companhia de Saneamento de Sergipe (Deso), Carlos Melo, informou que a previs\u00e3o \u00e9 que, dentro de 30 dias, d\u00ea in\u00edcio ao processo de interliga\u00e7\u00e3o das duas linhas da Adutora do S\u00e3o Francisco. A conclus\u00e3o da ponte vai possibilitar a libera\u00e7\u00e3o da nova ponte rodovi\u00e1ria da BR-101, que hoje \u00e9 utilizada como suporte para a linha provis\u00f3ria que abastece Aracaju. \u201cA Adutora esta quase conclu\u00edda. Foi uma obra bastante complexa. Tivemos que reconstruir tudo depois da queda. Tiramos a ponte velha. Refizemos as funda\u00e7\u00f5es, mantendo os projetos originais. Desta vez, utilizamos o a\u00e7o, que vai garantir uma qualidade e durabilidade \u00e0 obra\u201d, informou.<\/p>\n<p style=\"text-align: justify;\">Em 2015, ocorreu o colapso da estrutura da ponte sobre o rio Sergipe no povoado Pedra Branca, Laranjeiras, com a paralisa\u00e7\u00e3o total do sistema adutor do S\u00e3o Francisco, sistema respons\u00e1vel por 67,19% do volume produzido para o abastecimento do sistema Integrado de Aracaju. O sistema abastece Aracaju, Barra dos Coqueiros, S\u00e3o Crist\u00f3v\u00e3o, Nossa Senhora do Socorro e Malhada dos Bois, atingindo aproximadamente 900.000 pessoas.<\/p>\n<p style=\"text-align: justify;\">Como solu\u00e7\u00e3o tempor\u00e1ria, a adutora provis\u00f3ria do Sistema S\u00e3o Francisco foi instalada diretamente sobre o pavimento da 2\u00aa ponte constru\u00edda pelo DNIT para duplica\u00e7\u00e3o da BR-101. Na ocasi\u00e3o, o Banco Mundial realizava miss\u00e3o de supervis\u00e3o em Sergipe referente ao Projeto. Consultado pela Semarh sobre a possibilidade do Banco auxiliar na reconstru\u00e7\u00e3o do sistema adutor, o Banco Mundial assentiu, viabilizando a inclus\u00e3o da obra no Programa \u00c1guas de Sergipe.<\/p>\n<p style=\"text-align: justify;\">Tamb\u00e9m acompanhou a visita o secret\u00e1rio de Estado da Comunica\u00e7\u00e3o Social, Sales Neto, al\u00e9m de diretores da Deso.<\/p>\n<p style=\"text-align: justify;\"><strong>Programa \u00c1guas de Sergipe<\/strong><\/p>\n<p style=\"text-align: justify;\">O Programa resulta de Contrato firmado entre governo do Estado e com Banco Mundial \u2013 BIRD, no valor de US$ 117,125,000.00 (US$ 70,275,000.00 s\u00e3o financiamento do Banco e US$ 46.850.000,00 s\u00e3o contrapartida do Estado aplicada em obras de esgotamento sanit\u00e1rio do PAC, em execu\u00e7\u00e3o pela Deso).<\/p>\n<p style=\"text-align: justify;\">O \u00c1guas de Sergipe tem como finalidade a melhoria da qualidade da \u00e1gua da Bacia Hidrogr\u00e1fica do Rio Sergipe. O programa tem mais de 80 a\u00e7\u00f5es previstas para serem realizadas. A coordena\u00e7\u00e3o \u00e9 da Semarh e fazem parte a Deso, a Cohidro e a Emdagro.<\/p>\n<p style=\"text-align: justify;\"><strong>Do Ag\u00eancia Socorro de Not\u00edcias<\/strong><\/p>\n<p style=\"line-height: 14.25pt;\"><em><strong><span style=\"font-size: 10.0pt; font-family: 'Georgia','serif'; color: #333333;\">Acompanhe tamb\u00e9m o SE Not\u00edcias no<\/span><\/strong><span class=\"apple-converted-space\"><b><span style=\"font-size: 10.0pt; font-family: 'Georgia','serif'; color: #333333;\">\u00a0<\/span><\/b><\/span><a href=\"https:\/\/twitter.com\/Senoticias\" target=\"_blank\" rel=\"noopener\"><b><span style=\"font-size: 10.0pt; font-family: 'Georgia','serif';\">Twitter<\/span><\/b><\/a><strong><span style=\"font-size: 10.0pt; font-family: 'Georgia','serif'; color: #333333;\">,<\/span><\/strong><span class=\"apple-converted-space\"><b><span style=\"font-size: 10.0pt; font-family: 'Georgia','serif'; color: #333333;\">\u00a0<\/span><\/b><\/span><a href=\"https:\/\/www.facebook.com\/senoticias1\" target=\"_blank\" rel=\"noopener\"><b><span style=\"font-size: 10.0pt; font-family: 'Georgia','serif';\">Facebook<\/span><\/b><span class=\"apple-converted-space\"><b><span style=\"font-size: 10.0pt; font-family: 'Georgia','serif'; color: windowtext; text-decoration: none;\">\u00a0<\/span><\/b><\/span><\/a><strong><span style=\"font-size: 10.0pt; font-family: 'Georgia','serif'; color: #333333;\">e no<\/span><\/strong><span class=\"apple-converted-space\"><b><span style=\"font-size: 10.0pt; font-family: 'Georgia','serif'; color: #333333;\">\u00a0<\/span><\/b><\/span><a href=\"https:\/\/www.instagram.com\/senoticias\/\" target=\"_blank\" rel=\"noopener\"><b><span style=\"font-size: 10.0pt; font-family: 'Georgia','serif';\">Instagram<\/span><\/b><\/a><\/em><\/p>\n<p><a href=\"https:\/\/senoticias.com.br\/se\/wp-content\/uploads\/2018\/02\/Logomarca-fone-SE-4-2-1.jpg\"><img loading=\"lazy\" decoding=\"async\" class=\"aligncenter size-full wp-image-111094\" src=\"https:\/\/senoticias.com.br\/se\/wp-content\/uploads\/2018\/02\/Logomarca-fone-SE-4-2-1.jpg\" alt=\"\" width=\"599\" height=\"78\" srcset=\"https:\/\/senoticias.com.br\/se\/wp-content\/uploads\/2018\/02\/Logomarca-fone-SE-4-2-1.jpg 599w, https:\/\/senoticias.com.br\/se\/wp-content\/uploads\/2018\/02\/Logomarca-fone-SE-4-2-1-300x39.jpg 300w\" sizes=\"(max-width: 599px) 100vw, 599px\" \/><\/a><\/p>\n","protected":false},"excerpt":{"rendered":"<p>Ap\u00f3s visitar as futuras instala\u00e7\u00f5es da unidade de Atendimento Socioeducativo, em Socorro, o governador Jackson Barreto visitou as obras de reconstru\u00e7\u00e3o da ponte de Pedra Branca, entre os munic\u00edpios de Laranjeiras e Maruim, e de recomposi\u00e7\u00e3o do trecho original Adutora do S\u00e3o Francisco, respons\u00e1vel por 67,19% do volume produzido para o abastecimento do sistema integrado [&hellip;]<\/p>\n","protected":false},"author":6554,"featured_media":111163,"comment_status":"closed","ping_status":"closed","sticky":false,"template":"","format":"standard","meta":{"footnotes":""},"categories":[15,38],"tags":[8859,8858],"class_list":{"0":"post-111161","1":"post","2":"type-post","3":"status-publish","4":"format-standard","5":"has-post-thumbnail","7":"category-destaques","8":"category-municipios","9":"tag-em-pedra-branca","10":"tag-jackson-visita-obras-de-recomposicao-da-adutora-do-sao-francisco"},"_links":{"self":[{"href":"https:\/\/senoticias.com.br\/se\/wp-json\/wp\/v2\/posts\/111161"}],"collection":[{"href":"https:\/\/senoticias.com.br\/se\/wp-json\/wp\/v2\/posts"}],"about":[{"href":"https:\/\/senoticias.com.br\/se\/wp-json\/wp\/v2\/types\/post"}],"author":[{"embeddable":true,"href":"https:\/\/senoticias.com.br\/se\/wp-json\/wp\/v2\/users\/6554"}],"replies":[{"embeddable":true,"href":"https:\/\/senoticias.com.br\/se\/wp-json\/wp\/v2\/comments?post=111161"}],"version-history":[{"count":0,"href":"https:\/\/senoticias.com.br\/se\/wp-json\/wp\/v2\/posts\/111161\/revisions"}],"wp:featuredmedia":[{"embeddable":true,"href":"https:\/\/senoticias.com.br\/se\/wp-json\/wp\/v2\/media\/111163"}],"wp:attachment":[{"href":"https:\/\/senoticias.com.br\/se\/wp-json\/wp\/v2\/media?parent=111161"}],"wp:term":[{"taxonomy":"category","embeddable":true,"href":"https:\/\/senoticias.com.br\/se\/wp-json\/wp\/v2\/categories?post=111161"},{"taxonomy":"post_tag","embeddable":true,"href":"https:\/\/senoticias.com.br\/se\/wp-json\/wp\/v2\/tags?post=111161"}],"curies":[{"name":"wp","href":"https:\/\/api.w.org\/{rel}","templated":true}]}}