{"id":111159,"date":"2018-02-28T16:48:55","date_gmt":"2018-02-28T19:48:55","guid":{"rendered":"https:\/\/senoticias.com.br\/se\/?p=111159"},"modified":"2018-02-28T16:48:55","modified_gmt":"2018-02-28T19:48:55","slug":"caso-de-febre-amarela-e-confirmado-no-distrito-federal","status":"publish","type":"post","link":"https:\/\/senoticias.com.br\/se\/caso-de-febre-amarela-e-confirmado-no-distrito-federal\/","title":{"rendered":"Caso de febre amarela \u00e9 confirmado no Distrito Federal"},"content":{"rendered":"<p style=\"text-align: justify\"><span style=\"color: #000000\">Um caso de febre amarela em humano no Distrito Federal (DF) foi confirmado este ano pela Secretaria de Sa\u00fade. Ele ocorreu em janeiro, na Granja do Torto, e o paciente foi curado. De acordo com a secretaria, trata-se de um caso aut\u00f3ctone, ou seja, doen\u00e7a contra\u00edda no DF.<\/span><\/p>\n<p style=\"text-align: justify\"><span style=\"color: #000000\">\u201cO paciente relatou o in\u00edcio dos sintomas entre os dias 8 e 10 de janeiro, per\u00edodo em que esteve em seu local de trabalho, na Granja do Torto. Al\u00e9m disso, ele n\u00e3o se deslocou para outra unidade da Federa\u00e7\u00e3o nos 15 dias que antecederam o in\u00edcio dos sintomas\u201d, diz a nota divulgada pela secretaria.<\/span><\/p>\n<div id=\"attachment_110039\" style=\"width: 609px\" class=\"wp-caption aligncenter\"><a href=\"https:\/\/senoticias.com.br\/se\/wp-content\/uploads\/2018\/01\/mosquito-febre-amarela-SENOTICIAS-e1516458918597.jpg\"><img loading=\"lazy\" decoding=\"async\" aria-describedby=\"caption-attachment-110039\" class=\"wp-image-110039 size-full\" src=\"https:\/\/senoticias.com.br\/se\/wp-content\/uploads\/2018\/01\/mosquito-febre-amarela-SENOTICIAS-e1516458918597.jpg\" alt=\"\" width=\"599\" height=\"314\" \/><\/a><p id=\"caption-attachment-110039\" class=\"wp-caption-text\">Foto: Uol<\/p><\/div>\n<p style=\"text-align: justify\"><span style=\"color: #000000\">A confirma\u00e7\u00e3o da doen\u00e7a ocorreu ap\u00f3s tr\u00eas exames realizados no Laborat\u00f3rio Central (Lacen). As amostras foram tamb\u00e9m encaminhadas para contraprova ao Instituto Adolfo Lutz, em S\u00e3o Paulo. \u201cEm todos os testes o resultado foi positivo para febre amarela\u201d.<\/span><\/p>\n<p style=\"text-align: justify\"><span style=\"color: #000000\">A secretaria informa ainda que Vigil\u00e2ncia Ambiental realizou a\u00e7\u00f5es na Granja do Torto, como identifica\u00e7\u00e3o e elimina\u00e7\u00e3o de focos de mosquito, verifica\u00e7\u00e3o da exist\u00eancia de circula\u00e7\u00e3o de primatas n\u00e3o humanos e fez uso de inseticida (fumac\u00ea), em tr\u00eas ciclos, na \u00e9poca da notifica\u00e7\u00e3o.<\/span><\/p>\n<p style=\"text-align: justify\"><span style=\"color: #000000\">De primeiro de janeiro at\u00e9 ontem (27), a Secretaria de Sa\u00fade registrou 29 casos suspeitos de febre amarela silvestre. Destes, 25 casos s\u00e3o de residentes no DF e quatro de pessoas de outras localidades.<\/span><\/p>\n<p style=\"text-align: justify\"><span style=\"color: #000000\">Dos casos de moradores no DF, 22 foram descartados e um confirmado, permanecendo os demais (dois casos) em investiga\u00e7\u00e3o. Os quatro casos suspeitos em residentes de outras cidades fora do DF foram todos descartados.<\/span><\/p>\n<p style=\"text-align: justify\"><span style=\"color: #000000\">\u201cA Secretaria de Sa\u00fade ressalta que a cobertura vacinal do Distrito Federal \u00e9 alta e que n\u00e3o h\u00e1 motivo para preocupa\u00e7\u00e3o por parte da popula\u00e7\u00e3o. Todas as salas de imuniza\u00e7\u00e3o do DF est\u00e3o abastecidas com a vacina contra a febre amarela\u201d, encerra a nota.<\/span><\/p>\n<p>&nbsp;<\/p>\n<p><a href=\"https:\/\/senoticias.com.br\/se\/wp-content\/uploads\/2018\/02\/Logomarca-fone-SE-4-2-1.jpg\"><img loading=\"lazy\" decoding=\"async\" class=\"aligncenter wp-image-111094 size-full\" src=\"https:\/\/senoticias.com.br\/se\/wp-content\/uploads\/2018\/02\/Logomarca-fone-SE-4-2-1.jpg\" alt=\"\" width=\"599\" height=\"78\" srcset=\"https:\/\/senoticias.com.br\/se\/wp-content\/uploads\/2018\/02\/Logomarca-fone-SE-4-2-1.jpg 599w, https:\/\/senoticias.com.br\/se\/wp-content\/uploads\/2018\/02\/Logomarca-fone-SE-4-2-1-300x39.jpg 300w\" sizes=\"(max-width: 599px) 100vw, 599px\" \/><\/a><\/p>\n<p><strong>Acompanhe tamb\u00e9m o SE Not\u00edci<a href=\"https:\/\/g1.globo.com\/se\/sergipe\/noticia\/suspeitos-morrem-em-confronto-com-a-policia.ghtml\">as no<\/a><\/strong><span class=\"apple-converted-space\"><b>\u00a0<\/b><\/span><a href=\"https:\/\/twitter.com\/Senoticias\" target=\"_blank\" rel=\"noopener\"><b>Twitter<\/b><\/a><strong>,<\/strong><span class=\"apple-converted-space\"><b>\u00a0<\/b><\/span><a href=\"https:\/\/www.facebook.com\/senoticias1\" target=\"_blank\" rel=\"noopener\"><b>Facebook<\/b><span class=\"apple-converted-space\"><b>\u00a0<\/b><\/span><\/a><strong>e no<\/strong><span class=\"apple-converted-space\"><b>\u00a0<\/b><\/span><a href=\"https:\/\/www.instagram.com\/senoticias\/\" target=\"_blank\" rel=\"noopener\"><b>Instagram<\/b><\/a><\/p>\n<p>Por Ag\u00eancia Brasil<\/p>\n","protected":false},"excerpt":{"rendered":"<p>Um caso de febre amarela em humano no Distrito Federal (DF) foi confirmado este ano pela Secretaria de Sa\u00fade. Ele ocorreu em janeiro, na Granja do Torto, e o paciente foi curado. De acordo com a secretaria, trata-se de um caso aut\u00f3ctone, ou seja, doen\u00e7a contra\u00edda no DF. \u201cO paciente relatou o in\u00edcio dos sintomas [&hellip;]<\/p>\n","protected":false},"author":6553,"featured_media":0,"comment_status":"closed","ping_status":"closed","sticky":false,"template":"","format":"standard","meta":{"footnotes":""},"categories":[2961],"tags":[370,8856,8123,8103,1304,554],"class_list":{"0":"post-111159","1":"post","2":"type-post","3":"status-publish","4":"format-standard","6":"category-nacional","7":"tag-brasil","8":"tag-distrito-federal","9":"tag-doenca","10":"tag-febre-amarela","11":"tag-saude","12":"tag-vacina"},"_links":{"self":[{"href":"https:\/\/senoticias.com.br\/se\/wp-json\/wp\/v2\/posts\/111159"}],"collection":[{"href":"https:\/\/senoticias.com.br\/se\/wp-json\/wp\/v2\/posts"}],"about":[{"href":"https:\/\/senoticias.com.br\/se\/wp-json\/wp\/v2\/types\/post"}],"author":[{"embeddable":true,"href":"https:\/\/senoticias.com.br\/se\/wp-json\/wp\/v2\/users\/6553"}],"replies":[{"embeddable":true,"href":"https:\/\/senoticias.com.br\/se\/wp-json\/wp\/v2\/comments?post=111159"}],"version-history":[{"count":0,"href":"https:\/\/senoticias.com.br\/se\/wp-json\/wp\/v2\/posts\/111159\/revisions"}],"wp:attachment":[{"href":"https:\/\/senoticias.com.br\/se\/wp-json\/wp\/v2\/media?parent=111159"}],"wp:term":[{"taxonomy":"category","embeddable":true,"href":"https:\/\/senoticias.com.br\/se\/wp-json\/wp\/v2\/categories?post=111159"},{"taxonomy":"post_tag","embeddable":true,"href":"https:\/\/senoticias.com.br\/se\/wp-json\/wp\/v2\/tags?post=111159"}],"curies":[{"name":"wp","href":"https:\/\/api.w.org\/{rel}","templated":true}]}}