{"id":111158,"date":"2018-02-28T16:51:09","date_gmt":"2018-02-28T19:51:09","guid":{"rendered":"https:\/\/senoticias.com.br\/se\/?p=111158"},"modified":"2018-02-28T16:51:09","modified_gmt":"2018-02-28T19:51:09","slug":"pescadores-fazem-protesto-contra-atraso-no-pagamento-do-seguro-defeso","status":"publish","type":"post","link":"https:\/\/senoticias.com.br\/se\/pescadores-fazem-protesto-contra-atraso-no-pagamento-do-seguro-defeso\/","title":{"rendered":"Pescadores fazem protesto contra atraso no pagamento do seguro-defeso"},"content":{"rendered":"<p style=\"text-align: justify\">Na manh\u00e3 desta quarta-feira (28), cerca de 40 pescadores da Col\u00f4nia Z-2, do munic\u00edpio de S\u00e3o Crist\u00f3v\u00e3o (SE), fazem um protesto no Instituto Nacional do Seguro Social (INSS), localizado na Avenida Ministro Geraldo Barreto Sobral, Bairro Jardins, em Aracaju (SE), contra o atraso no pagamento do seguro-defeso, que ocorreu de 1\u00ba de dezembro a 15 de janeiro.<\/p>\n<div id=\"attachment_111160\" style=\"width: 590px\" class=\"wp-caption aligncenter\"><a href=\"https:\/\/senoticias.com.br\/se\/wp-content\/uploads\/2018\/02\/pescadores-fazem-protesto-em-aracaju-contra-atrasao-no-beneficio-do-defeso-e1519847436712.jpg\"><img loading=\"lazy\" decoding=\"async\" aria-describedby=\"caption-attachment-111160\" class=\"size-full wp-image-111160\" src=\"https:\/\/senoticias.com.br\/se\/wp-content\/uploads\/2018\/02\/pescadores-fazem-protesto-em-aracaju-contra-atrasao-no-beneficio-do-defeso-e1519847436712.jpg\" alt=\"\" width=\"580\" height=\"363\" \/><\/a><p id=\"caption-attachment-111160\" class=\"wp-caption-text\">Pescadores fazem protesto em Aracaju contra atrasao no benef\u00edcio do defeso (Foto: Dulcin\u00e9ia Barretos dos Santos)<\/p><\/div>\n<p style=\"text-align: justify\">Segundo os manifestantes, dos 1600 pescadores que t\u00eam direito ao benef\u00edcio, ainda existem 790 que n\u00e3o receberam. &#8220;Sempre somos informados pelo \u00f3rg\u00e3o que n\u00e3o h\u00e1 funcion\u00e1rios para digitar os nossos dados. Isso \u00e9 absurdo. Agora, disseram que hoje \u00e9 o \u00faltimo dia do prazo e se n\u00e3o formos cadastrados n\u00e3o vamos receber mais&#8221;, lamenta a pescadores Dulcin\u00e9ia Barretos dos Santos.<\/p>\n<p style=\"text-align: justify\">No in\u00edcio da tarde, policiais militares chegaram \u00e0 unidade do Instituto Nacional do Seguro Social (INSS), para conter os \u00e2nimos dos manifestantes.<\/p>\n<p style=\"text-align: justify\">A assessoria de comunica\u00e7\u00e3o do INSS em Sergipe disse que o gerente-executivo do INSS, Raimundo Brito, informou que o \u00f3rg\u00e3o \u00e9 respons\u00e1vel por recepcionar e analisar os requerimentos de seguro-defeso do estado de Sergipe, al\u00e9m de toda carga de benef\u00edcios previdenci\u00e1rios existente. &#8220;No per\u00edodo de 01\/11 a 28\/02 temos o defeso da Piracema e de 01\/04 a 15\/05 e 01\/12 a 15\/01 o defeso do Camar\u00e3o. Portanto, temos dois defesos acontecendo paralelamente, onde o per\u00edodo do defeso \u00e9 o limite para a recep\u00e7\u00e3o de todos os requerimentos no \u00f3rg\u00e3o e n\u00e3o para a conclus\u00e3o dos mesmos&#8221;, conta.<\/p>\n<p style=\"text-align: justify\">Ainda segunda a assessoria, &#8220;por ordem da Presid\u00eancia da autarquia, a transforma\u00e7\u00e3o do \u00f3rg\u00e3o em INSS Digital, com a digitaliza\u00e7\u00e3o de processos e benef\u00edcios, inclusive do seguro defeso. Com rela\u00e7\u00e3o ao defeso do Camar\u00e3o, a qual pertence os pescadores de S\u00e3o Crist\u00f3v\u00e3o, temos 6.000 requerimentos para an\u00e1lise e libera\u00e7\u00e3o em fase de digitaliza\u00e7\u00e3o, al\u00e9m da an\u00e1lise dos 12.000 requerimentos da Piracema&#8221;.<\/p>\n<p style=\"text-align: justify\">Ainda segundo o INSS, em Sergipe existem cinco p\u00f3los que atendem ao defeso, s\u00e3o eles: Pr\u00f3pria, Canind\u00e9, Po\u00e7o Redondo, Porto da Folha e Aracaju, destes o \u00fanico polo que n\u00e3o est\u00e1 pago \u00e9 Aracaju.<\/p>\n<p style=\"text-align: justify\"><strong>Do G1 SE.<\/strong><\/p>\n<p style=\"line-height: 14.25pt\"><strong><span style=\"font-size: 10.0pt;font-family: 'Georgia','serif';color: #333333\">Acompanhe tamb\u00e9m o SE Not\u00edcias no<\/span><\/strong><span class=\"apple-converted-space\"><b><span style=\"font-size: 10.0pt;font-family: 'Georgia','serif';color: #333333\">\u00a0<\/span><\/b><\/span><a href=\"https:\/\/twitter.com\/Senoticias\" target=\"_blank\" rel=\"noopener\"><b><span style=\"font-size: 10.0pt;font-family: 'Georgia','serif'\">Twitter<\/span><\/b><\/a><strong><span style=\"font-size: 10.0pt;font-family: 'Georgia','serif';color: #333333\">,<\/span><\/strong><span class=\"apple-converted-space\"><b><span style=\"font-size: 10.0pt;font-family: 'Georgia','serif';color: #333333\">\u00a0<\/span><\/b><\/span><a href=\"https:\/\/www.facebook.com\/senoticias1\" target=\"_blank\" rel=\"noopener\"><b><span style=\"font-size: 10.0pt;font-family: 'Georgia','serif'\">Facebook<\/span><\/b><span class=\"apple-converted-space\"><b><span style=\"font-size: 10.0pt;font-family: 'Georgia','serif';color: windowtext;text-decoration: none\">\u00a0<\/span><\/b><\/span><\/a><strong><span style=\"font-size: 10.0pt;font-family: 'Georgia','serif';color: #333333\">e no<\/span><\/strong><span class=\"apple-converted-space\"><b><span style=\"font-size: 10.0pt;font-family: 'Georgia','serif';color: #333333\">\u00a0<\/span><\/b><\/span><a href=\"https:\/\/www.instagram.com\/senoticias\/\" target=\"_blank\" rel=\"noopener\"><b><span style=\"font-size: 10.0pt;font-family: 'Georgia','serif'\">Instagram<\/span><\/b><\/a><strong><span style=\"font-size: 10.0pt;font-family: 'Georgia','serif';color: #333333\">.<\/span><\/strong><\/p>\n<p><a href=\"https:\/\/senoticias.com.br\/se\/wp-content\/uploads\/2018\/02\/Logomarca-fone-SE-4-2-1.jpg\"><img loading=\"lazy\" decoding=\"async\" class=\"aligncenter size-full wp-image-111094\" src=\"https:\/\/senoticias.com.br\/se\/wp-content\/uploads\/2018\/02\/Logomarca-fone-SE-4-2-1.jpg\" alt=\"\" width=\"599\" height=\"78\" srcset=\"https:\/\/senoticias.com.br\/se\/wp-content\/uploads\/2018\/02\/Logomarca-fone-SE-4-2-1.jpg 599w, https:\/\/senoticias.com.br\/se\/wp-content\/uploads\/2018\/02\/Logomarca-fone-SE-4-2-1-300x39.jpg 300w\" sizes=\"(max-width: 599px) 100vw, 599px\" \/><\/a><\/p>\n","protected":false},"excerpt":{"rendered":"<p>Na manh\u00e3 desta quarta-feira (28), cerca de 40 pescadores da Col\u00f4nia Z-2, do munic\u00edpio de S\u00e3o Crist\u00f3v\u00e3o (SE), fazem um protesto no Instituto Nacional do Seguro Social (INSS), localizado na Avenida Ministro Geraldo Barreto Sobral, Bairro Jardins, em Aracaju (SE), contra o atraso no pagamento do seguro-defeso, que ocorreu de 1\u00ba de dezembro a 15 [&hellip;]<\/p>\n","protected":false},"author":6554,"featured_media":111160,"comment_status":"closed","ping_status":"closed","sticky":false,"template":"","format":"standard","meta":{"footnotes":""},"categories":[38],"tags":[8857],"class_list":{"0":"post-111158","1":"post","2":"type-post","3":"status-publish","4":"format-standard","5":"has-post-thumbnail","7":"category-municipios","8":"tag-pescadores-fazem-protesto-contra-atraso-no-pagamento-do-seguro-defeso"},"_links":{"self":[{"href":"https:\/\/senoticias.com.br\/se\/wp-json\/wp\/v2\/posts\/111158"}],"collection":[{"href":"https:\/\/senoticias.com.br\/se\/wp-json\/wp\/v2\/posts"}],"about":[{"href":"https:\/\/senoticias.com.br\/se\/wp-json\/wp\/v2\/types\/post"}],"author":[{"embeddable":true,"href":"https:\/\/senoticias.com.br\/se\/wp-json\/wp\/v2\/users\/6554"}],"replies":[{"embeddable":true,"href":"https:\/\/senoticias.com.br\/se\/wp-json\/wp\/v2\/comments?post=111158"}],"version-history":[{"count":0,"href":"https:\/\/senoticias.com.br\/se\/wp-json\/wp\/v2\/posts\/111158\/revisions"}],"wp:featuredmedia":[{"embeddable":true,"href":"https:\/\/senoticias.com.br\/se\/wp-json\/wp\/v2\/media\/111160"}],"wp:attachment":[{"href":"https:\/\/senoticias.com.br\/se\/wp-json\/wp\/v2\/media?parent=111158"}],"wp:term":[{"taxonomy":"category","embeddable":true,"href":"https:\/\/senoticias.com.br\/se\/wp-json\/wp\/v2\/categories?post=111158"},{"taxonomy":"post_tag","embeddable":true,"href":"https:\/\/senoticias.com.br\/se\/wp-json\/wp\/v2\/tags?post=111158"}],"curies":[{"name":"wp","href":"https:\/\/api.w.org\/{rel}","templated":true}]}}