{"id":111149,"date":"2018-02-28T16:14:03","date_gmt":"2018-02-28T19:14:03","guid":{"rendered":"https:\/\/senoticias.com.br\/se\/?p=111149"},"modified":"2018-02-28T16:14:03","modified_gmt":"2018-02-28T19:14:03","slug":"governo-lanca-cartilha-com-orientacoes-sobre-conduta-dos-servidores-no-periodo-eleitoral","status":"publish","type":"post","link":"https:\/\/senoticias.com.br\/se\/governo-lanca-cartilha-com-orientacoes-sobre-conduta-dos-servidores-no-periodo-eleitoral\/","title":{"rendered":"Governo lan\u00e7a Cartilha com orienta\u00e7\u00f5es sobre conduta dos servidores no per\u00edodo eleitoral"},"content":{"rendered":"<p style=\"text-align: justify\"><span style=\"color: #000000\">O governo do Estado de Sergipe, atrav\u00e9s da Procuradoria-Geral do Estado (PGE\/SE) e da Controladoria Geral do Estado (CGE\/SE), lan\u00e7ou nesta ter\u00e7a-feira (27) a Cartilha Eleitoral 2018. O objetivo \u00e9 orientar a conduta dos agentes p\u00fablicos estaduais e refor\u00e7ar as a\u00e7\u00f5es vedadas no per\u00edodo eleitoral deste ano para impedir o uso da m\u00e1quina p\u00fablica em benef\u00edcio ou em detrimento de qualquer interesse particular. O evento contou com as palestras do procurador do Estado, Carlos Henrique Luz Ferraz, e do representante do N\u00facleo de Regularidade da CGE, Jos\u00e9 Ney Marinho.<\/span><\/p>\n<div id=\"attachment_111151\" style=\"width: 609px\" class=\"wp-caption aligncenter\"><a href=\"https:\/\/senoticias.com.br\/se\/wp-content\/uploads\/2018\/02\/cartilha-SENOTICIAS.png\"><img loading=\"lazy\" decoding=\"async\" aria-describedby=\"caption-attachment-111151\" class=\"wp-image-111151 size-full\" src=\"https:\/\/senoticias.com.br\/se\/wp-content\/uploads\/2018\/02\/cartilha-SENOTICIAS-e1519845189596.png\" alt=\"\" width=\"599\" height=\"599\" \/><\/a><p id=\"caption-attachment-111151\" class=\"wp-caption-text\">Foto: ASN<\/p><\/div>\n<p style=\"text-align: justify\"><span style=\"color: #000000\">Segundo o secret\u00e1rio de Estado da Comunica\u00e7\u00e3o, Sales Neto, a Cartilha estar\u00e1 dispon\u00edvel no site do governo, da PGE e CGE para ampla e livre consulta. \u201c\u00c9 um instrumento que vai nos guiar e sei que os companheiros da CGE e PGE estar\u00e3o dispon\u00edveis para tirar qualquer d\u00favida de quem necessite. O mais importante \u00e9 que se mantenha o bom funcionamento da Administra\u00e7\u00e3o p\u00fablica dentro do que prev\u00ea a lei&#8221;.<\/span><\/p>\n<p style=\"text-align: justify\"><span style=\"color: #000000\">De acordo com o secret\u00e1rio-chefe da Controladoria Geral do Estado, Elizi\u00e1rio Sobral, a inten\u00e7\u00e3o \u00e9 orientar os gestores e t\u00e9cnicos do Estado, tendo em vista que se trata de um per\u00edodo que exige muito cuidado na Administra\u00e7\u00e3o. \u201cDe 2 em 2 anos, em todas as elei\u00e7\u00f5es, a Procuradoria Geral e a Controladoria t\u00eam publicado uma cartilha para orientar os gestores p\u00fablicos sobre como se deve agir nesse ano eleitoral&#8221;.<\/span><\/p>\n<p style=\"text-align: justify\"><span style=\"color: #000000\">O procurador do Estado, Carlos Henrique Luz Ferraz, explicou que a legisla\u00e7\u00e3o eleitoral tem uma s\u00e9rie de restri\u00e7\u00f5es e veda\u00e7\u00f5es durante esse per\u00edodo e que o intuito do estado \u00e9 manter os servidores informados para que eles saibam efetivamente, o que \u00e9 que se pode ou n\u00e3o fazer para que se consiga manter a legitimidade e a lisura das elei\u00e7\u00f5es. \u201cO que a gente tem de conduta vedadas na legisla\u00e7\u00e3o eleitoral n\u00e3o mudou muito. S\u00e3o condutas e restri\u00e7\u00f5es que j\u00e1 s\u00e3o de amplo conhecimento, mas que n\u00e3o custa nada refor\u00e7armos. O nosso foco \u00e9 informar aos servidores p\u00fablicos o que \u00e9 que eles podem ou n\u00e3o fazer. Existe a preocupa\u00e7\u00e3o da legisla\u00e7\u00e3o eleitoral para que a m\u00e1quina p\u00fablica n\u00e3o seja utilizada em favor de candidato A, B ou C\u201d.<\/span><\/p>\n<p style=\"text-align: justify\"><span style=\"color: #000000\">J\u00e1 Jos\u00e9 Ney Marinho ressaltou que a Cartilha traz sinaliza\u00e7\u00f5es para que se mantenha a lisura, isonomia e igualdade entre todos os candidatos. \u201cPara que assim, a m\u00e1quina estatal n\u00e3o seja utilizada beneficiando algu\u00e9m. Ent\u00e3o, n\u00f3s teremos todo esse cuidado. \u00c9 importante, por exemplo, a aten\u00e7\u00e3o quanto ao per\u00edodo de desincompatibiliza\u00e7\u00e3o dos propensos candidatos\u201d, destacou.<\/span><\/p>\n<p style=\"text-align: justify\"><span style=\"color: #000000\">Na ocasi\u00e3o a procuradora-chefe do Estado, Aparecida Gama, foi representada pelo subprocurador-geral do Estado de Sergipe, Guilherme Augusto Almeida.<\/span><\/p>\n<p style=\"text-align: justify\"><span style=\"text-decoration: underline\"><a href=\"http:\/\/www.pge.se.gov.br\/wp-content\/uploads\/2018\/02\/Cartilha-Final.pdf\"><span style=\"color: #000000;text-decoration: underline\">Consulte aqui a Cartilha Eleitoral 2018 .<\/span><\/a><\/span><\/p>\n<p>&nbsp;<\/p>\n<p><a href=\"https:\/\/senoticias.com.br\/se\/wp-content\/uploads\/2018\/02\/Logomarca-fone-SE-4-2-1.jpg\"><img loading=\"lazy\" decoding=\"async\" class=\"wp-image-111094 size-full aligncenter\" src=\"https:\/\/senoticias.com.br\/se\/wp-content\/uploads\/2018\/02\/Logomarca-fone-SE-4-2-1.jpg\" alt=\"\" width=\"599\" height=\"78\" srcset=\"https:\/\/senoticias.com.br\/se\/wp-content\/uploads\/2018\/02\/Logomarca-fone-SE-4-2-1.jpg 599w, https:\/\/senoticias.com.br\/se\/wp-content\/uploads\/2018\/02\/Logomarca-fone-SE-4-2-1-300x39.jpg 300w\" sizes=\"(max-width: 599px) 100vw, 599px\" \/><\/a><\/p>\n<p><strong>Acompanhe tamb\u00e9m o SE Not\u00edci<a href=\"https:\/\/g1.globo.com\/se\/sergipe\/noticia\/suspeitos-morrem-em-confronto-com-a-policia.ghtml\">as no<\/a><\/strong><span class=\"apple-converted-space\"><b>\u00a0<\/b><\/span><a href=\"https:\/\/twitter.com\/Senoticias\" target=\"_blank\" rel=\"noopener\"><b>Twitter<\/b><\/a><strong>,<\/strong><span class=\"apple-converted-space\"><b>\u00a0<\/b><\/span><a href=\"https:\/\/www.facebook.com\/senoticias1\" target=\"_blank\" rel=\"noopener\"><b>Facebook<\/b><span class=\"apple-converted-space\"><b>\u00a0<\/b><\/span><\/a><strong>e no<\/strong><span class=\"apple-converted-space\"><b>\u00a0<\/b><\/span><a href=\"https:\/\/www.instagram.com\/senoticias\/\" target=\"_blank\" rel=\"noopener\"><b>Instagram<\/b><\/a><\/p>\n<p>Por ASN<\/p>\n","protected":false},"excerpt":{"rendered":"<p>O governo do Estado de Sergipe, atrav\u00e9s da Procuradoria-Geral do Estado (PGE\/SE) e da Controladoria Geral do Estado (CGE\/SE), lan\u00e7ou nesta ter\u00e7a-feira (27) a Cartilha Eleitoral 2018. O objetivo \u00e9 orientar a conduta dos agentes p\u00fablicos estaduais e refor\u00e7ar as a\u00e7\u00f5es vedadas no per\u00edodo eleitoral deste ano para impedir o uso da m\u00e1quina p\u00fablica em [&hellip;]<\/p>\n","protected":false},"author":6553,"featured_media":0,"comment_status":"closed","ping_status":"closed","sticky":false,"template":"","format":"standard","meta":{"footnotes":""},"categories":[6],"tags":[371,8850,638,3009,2002,2168,8851],"class_list":{"0":"post-111149","1":"post","2":"type-post","3":"status-publish","4":"format-standard","6":"category-politica","7":"tag-371","8":"tag-cartilha","9":"tag-eleicoes","10":"tag-gestores","11":"tag-governo","12":"tag-politica","13":"tag-publicos"},"_links":{"self":[{"href":"https:\/\/senoticias.com.br\/se\/wp-json\/wp\/v2\/posts\/111149"}],"collection":[{"href":"https:\/\/senoticias.com.br\/se\/wp-json\/wp\/v2\/posts"}],"about":[{"href":"https:\/\/senoticias.com.br\/se\/wp-json\/wp\/v2\/types\/post"}],"author":[{"embeddable":true,"href":"https:\/\/senoticias.com.br\/se\/wp-json\/wp\/v2\/users\/6553"}],"replies":[{"embeddable":true,"href":"https:\/\/senoticias.com.br\/se\/wp-json\/wp\/v2\/comments?post=111149"}],"version-history":[{"count":0,"href":"https:\/\/senoticias.com.br\/se\/wp-json\/wp\/v2\/posts\/111149\/revisions"}],"wp:attachment":[{"href":"https:\/\/senoticias.com.br\/se\/wp-json\/wp\/v2\/media?parent=111149"}],"wp:term":[{"taxonomy":"category","embeddable":true,"href":"https:\/\/senoticias.com.br\/se\/wp-json\/wp\/v2\/categories?post=111149"},{"taxonomy":"post_tag","embeddable":true,"href":"https:\/\/senoticias.com.br\/se\/wp-json\/wp\/v2\/tags?post=111149"}],"curies":[{"name":"wp","href":"https:\/\/api.w.org\/{rel}","templated":true}]}}