{"id":111136,"date":"2018-02-28T06:49:48","date_gmt":"2018-02-28T09:49:48","guid":{"rendered":"https:\/\/senoticias.com.br\/se\/?p=111136"},"modified":"2018-02-28T06:49:48","modified_gmt":"2018-02-28T09:49:48","slug":"agrese-e-semarh-firmam-parceria","status":"publish","type":"post","link":"https:\/\/senoticias.com.br\/se\/agrese-e-semarh-firmam-parceria\/","title":{"rendered":"Agrese e Semarh firmam parceria"},"content":{"rendered":"<p style=\"font-weight: 400; text-align: justify;\"><strong>A diretoria executiva da Ag\u00eancia Reguladora de Servi\u00e7os P\u00fablicos do Estado de Sergipe (Agrese) realizou no \u00faltimo dia 27, a entrega do convite para a assinatura do Conv\u00eanio de Coopera\u00e7\u00e3o com os Cons\u00f3rcios P\u00fablicos do Agreste Central (CPAC) que \u00e9 composto por 20 munic\u00edpios e o de Saneamento B\u00e1sico do Sul e Centro Sul Sergipano (CONSCENSUL), formado por 16 munic\u00edpios, para o Secret\u00e1rio de Estado do Meio Ambiente e dos Recursos H\u00eddricos, Olivier Chagas.<\/strong><\/p>\n<div id=\"attachment_111138\" style=\"width: 609px\" class=\"wp-caption aligncenter\"><a href=\"https:\/\/senoticias.com.br\/se\/wp-content\/uploads\/2018\/02\/Agrese-e1519811119532.jpg\"><img loading=\"lazy\" decoding=\"async\" aria-describedby=\"caption-attachment-111138\" class=\"size-full wp-image-111138\" src=\"https:\/\/senoticias.com.br\/se\/wp-content\/uploads\/2018\/02\/Agrese-e1519811119532.jpg\" alt=\"\" width=\"599\" height=\"399\" \/><\/a><p id=\"caption-attachment-111138\" class=\"wp-caption-text\">Agrese e Semarh firmam parceria Coopera\u00e7\u00e3o com os Cons\u00f3rcios P\u00fablicos do Agreste Central (foto: ascom\/Agrese)<\/p><\/div>\n<p style=\"font-weight: 400; text-align: justify;\"><strong>\u00a0A entrega com as participa\u00e7\u00f5es do diretor-presidente da Ag\u00eancia Reguladora, Luiz Hamilton Santana de Oliveira, o diretor administrativo e financeiro, Said Schoucair e o diretor t\u00e9cnico, Jean Carlos Nascimento, tem como objetivo refor\u00e7ar o Chamamento P\u00fablico decorrente do Procedimento de Manifesta\u00e7\u00e3o de Interesse (PMI), na \u00e1rea de res\u00edduos s\u00f3lidos para implanta\u00e7\u00e3o dos aterros sanit\u00e1rios.<\/strong><\/p>\n<p style=\"font-weight: 400; text-align: justify;\"><strong>\u00a0A solenidade acontecer\u00e1 no pr\u00f3ximo dia 12 de mar\u00e7o (segunda-feira), \u00e0s 9h, no audit\u00f3rio Conselheiro Manoel Cabral Machado, que fica localizado no Tribunal de Contas do Estado de Sergipe.<\/strong><\/p>\n<p style=\"font-weight: 400; text-align: justify;\"><strong>\u00a0O conv\u00eanio de coopera\u00e7\u00e3o a ser celebrado \u00e9 para o fim de estabelecer colabora\u00e7\u00e3o federativa na organiza\u00e7\u00e3o, regula\u00e7\u00e3o, fiscaliza\u00e7\u00e3o e presta\u00e7\u00e3o dos servi\u00e7os p\u00fablicos de manejo de res\u00edduos s\u00f3lidos urbanos.<\/strong><\/p>\n<p style=\"font-weight: 400; text-align: justify;\"><strong>\u00a0\u201cFomos muito bem recebidos pelo secret\u00e1rio e definimos parcerias na quest\u00e3o para o Procedimento de Manifesta\u00e7\u00e3o de Interesse, na \u00e1rea de res\u00edduos s\u00f3lidos. Ao mesmo tempo quero agradecer pelo empenho ao qual o mesmo se manifestou interesse em integrar ao grupo de trabalho\u201d, avaliou\u00a0 o diretor presidente da Agrese, Luiz Hamilton Santana de Oliveira.<\/strong><\/p>\n<p>&nbsp;<\/p>\n<p><a href=\"https:\/\/senoticias.com.br\/se\/wp-content\/uploads\/2018\/02\/Logomarca-fone-SE-4-2-1.jpg\"><img loading=\"lazy\" decoding=\"async\" class=\"aligncenter size-full wp-image-111094\" src=\"https:\/\/senoticias.com.br\/se\/wp-content\/uploads\/2018\/02\/Logomarca-fone-SE-4-2-1.jpg\" alt=\"\" width=\"599\" height=\"78\" srcset=\"https:\/\/senoticias.com.br\/se\/wp-content\/uploads\/2018\/02\/Logomarca-fone-SE-4-2-1.jpg 599w, https:\/\/senoticias.com.br\/se\/wp-content\/uploads\/2018\/02\/Logomarca-fone-SE-4-2-1-300x39.jpg 300w\" sizes=\"(max-width: 599px) 100vw, 599px\" \/><\/a><\/p>\n<p>&nbsp;<\/p>\n<p><strong>Acompanhe tamb\u00e9m o SE Not\u00edci<a href=\"https:\/\/g1.globo.com\/se\/sergipe\/noticia\/suspeitos-morrem-em-confronto-com-a-policia.ghtml\">as no<\/a><\/strong><span class=\"apple-converted-space\"><b>\u00a0<\/b><\/span><a href=\"https:\/\/twitter.com\/Senoticias\" target=\"_blank\" rel=\"noopener\"><b>Twitter<\/b><\/a><strong>,<\/strong><span class=\"apple-converted-space\"><b>\u00a0<\/b><\/span><a href=\"https:\/\/www.facebook.com\/senoticias1\" target=\"_blank\" rel=\"noopener\"><b>Facebook<\/b><span class=\"apple-converted-space\"><b>\u00a0<\/b><\/span><\/a><strong>e no<\/strong><span class=\"apple-converted-space\"><b>\u00a0<\/b><\/span><a href=\"https:\/\/www.instagram.com\/senoticias\/\" target=\"_blank\" rel=\"noopener\"><b>Instagram<\/b><\/a><\/p>\n<p>&nbsp;<\/p>\n<p><em>Da Assessoria de Imprensa\/Agrese<\/em><\/p>\n","protected":false},"excerpt":{"rendered":"<p>A diretoria executiva da Ag\u00eancia Reguladora de Servi\u00e7os P\u00fablicos do Estado de Sergipe (Agrese) realizou no \u00faltimo dia 27, a entrega do convite para a assinatura do Conv\u00eanio de Coopera\u00e7\u00e3o com os Cons\u00f3rcios P\u00fablicos do Agreste Central (CPAC) que \u00e9 composto por 20 munic\u00edpios e o de Saneamento B\u00e1sico do Sul e Centro Sul Sergipano [&hellip;]<\/p>\n","protected":false},"author":6552,"featured_media":111138,"comment_status":"closed","ping_status":"closed","sticky":false,"template":"","format":"standard","meta":{"footnotes":""},"categories":[6],"tags":[3736,8844,2828],"class_list":{"0":"post-111136","1":"post","2":"type-post","3":"status-publish","4":"format-standard","5":"has-post-thumbnail","7":"category-politica","8":"tag-agrese","9":"tag-consorcio","10":"tag-semarh"},"_links":{"self":[{"href":"https:\/\/senoticias.com.br\/se\/wp-json\/wp\/v2\/posts\/111136"}],"collection":[{"href":"https:\/\/senoticias.com.br\/se\/wp-json\/wp\/v2\/posts"}],"about":[{"href":"https:\/\/senoticias.com.br\/se\/wp-json\/wp\/v2\/types\/post"}],"author":[{"embeddable":true,"href":"https:\/\/senoticias.com.br\/se\/wp-json\/wp\/v2\/users\/6552"}],"replies":[{"embeddable":true,"href":"https:\/\/senoticias.com.br\/se\/wp-json\/wp\/v2\/comments?post=111136"}],"version-history":[{"count":0,"href":"https:\/\/senoticias.com.br\/se\/wp-json\/wp\/v2\/posts\/111136\/revisions"}],"wp:featuredmedia":[{"embeddable":true,"href":"https:\/\/senoticias.com.br\/se\/wp-json\/wp\/v2\/media\/111138"}],"wp:attachment":[{"href":"https:\/\/senoticias.com.br\/se\/wp-json\/wp\/v2\/media?parent=111136"}],"wp:term":[{"taxonomy":"category","embeddable":true,"href":"https:\/\/senoticias.com.br\/se\/wp-json\/wp\/v2\/categories?post=111136"},{"taxonomy":"post_tag","embeddable":true,"href":"https:\/\/senoticias.com.br\/se\/wp-json\/wp\/v2\/tags?post=111136"}],"curies":[{"name":"wp","href":"https:\/\/api.w.org\/{rel}","templated":true}]}}