{"id":111125,"date":"2018-02-27T19:02:30","date_gmt":"2018-02-27T22:02:30","guid":{"rendered":"https:\/\/senoticias.com.br\/se\/?p=111125"},"modified":"2018-02-28T07:14:28","modified_gmt":"2018-02-28T10:14:28","slug":"secretaria-do-meio-ambiente-e-agrese-articulam-parceria-para-questoes-ligadas-aos-residuos-solidos","status":"publish","type":"post","link":"https:\/\/senoticias.com.br\/se\/secretaria-do-meio-ambiente-e-agrese-articulam-parceria-para-questoes-ligadas-aos-residuos-solidos\/","title":{"rendered":"Secretaria do Meio Ambiente e Agrese articulam parceria para quest\u00f5es ligadas aos res\u00edduos s\u00f3lidos"},"content":{"rendered":"<p style=\"text-align: justify;\">Na manh\u00e3 desta ter\u00e7a-feira (27), o secret\u00e1rio de Estado do Meio Ambiente e dos Recursos H\u00eddricos (Semarh), Olivier Chagas, recebeu em seu gabinete o diretor-presidente da Ag\u00eancia Reguladora de Servi\u00e7os P\u00fablicos do Estado de Sergipe (Agrese), Hamilton Santana. Na ocasi\u00e3o, o diretor-presidente da Agrese convidou o secret\u00e1rio para participar da assinatura de um conv\u00eanio no dia 12 de mar\u00e7o, \u00e0s 9h, na sede do Tribunal de Contas do Estado (TCE), para futuras parcerias ligadas aos res\u00edduos s\u00f3lidos.<\/p>\n<div id=\"attachment_111126\" style=\"width: 590px\" class=\"wp-caption aligncenter\"><a href=\"https:\/\/senoticias.com.br\/se\/wp-content\/uploads\/2018\/02\/7afbd670e0c711fd34c2d27834533cbf-e1519768916154.jpg\"><img loading=\"lazy\" decoding=\"async\" aria-describedby=\"caption-attachment-111126\" class=\"size-full wp-image-111126\" src=\"https:\/\/senoticias.com.br\/se\/wp-content\/uploads\/2018\/02\/7afbd670e0c711fd34c2d27834533cbf-e1519768916154.jpg\" alt=\"\" width=\"580\" height=\"387\" \/><\/a><p id=\"caption-attachment-111126\" class=\"wp-caption-text\">Foto: Thales Vieira\/ Semarh<\/p><\/div>\n<p style=\"text-align: justify;\">O conv\u00eanio envolve dois grandes cons\u00f3rcios, das regi\u00f5es Agreste e Sul e Centro-Sul, e visa efetivar estudos ambientais, locacionais e de viabilidade para aterros sanit\u00e1rios e, consequentemente, erradicar lix\u00f5es. &#8220;Esse assunto \u00e9 acampado de forma direta pela Semarh, em parceria com os munic\u00edpios. O objetivo \u00e9 firmar conv\u00eanio com esses Cons\u00f3rcios e a Agrese, a qual possui expertise t\u00e9cnica e pode colaborar para que a gente possa viabilizar o processo de resolu\u00e7\u00e3o de contrata\u00e7\u00e3o de empresas e resolver essa quest\u00e3o\u201d, destaca o gestor da Semarh.<\/p>\n<p style=\"text-align: justify;\">Ainda de acordo com o secret\u00e1rio, a Semarh est\u00e1 h\u00e1 anos \u00e0 frente da articula\u00e7\u00e3o que objetiva acabar com os lix\u00f5es, seguindo normas estabelecidas pelo Minist\u00e9rio do Meio Ambiente e pelos Minist\u00e9rios P\u00fablicos estadual e federal.\u201cA Semarh foi quem ajudou na elabora\u00e7\u00e3o dos cons\u00f3rcios, na organiza\u00e7\u00e3o dos catadores, patrocina cursos de prepara\u00e7\u00e3o de catadores, viabiliza, em parceria com os munic\u00edpios, processos de coleta seletiva e tamb\u00e9m trabalha para a implanta\u00e7\u00e3o de aterros sanit\u00e1rios, contribuindo para o exterm\u00ednio dos lix\u00f5es. A Agrese veio somar. Somos todos Estado e trabalhamos com o mesmo foco\u201d, enfatizou Olivier.<\/p>\n<p style=\"text-align: justify;\">J\u00e1 Hamilton Santana fez quest\u00e3o de frisar o engajamento da Semarh para sanar a problem\u00e1tica dos lix\u00f5es. \u201cComo sempre, o secret\u00e1rio nos recebeu de forma cordial e se mostrou interessado em resolver essas quest\u00f5es. A Agrese entende que a Semarh deve ser a protagonista dessa a\u00e7\u00e3o e Olivier entendeu dessa forma. Criaremos um grupo de trabalho entre a Semarh, Agrese e Cons\u00f3rcios para que sejam feitos os estudos e viabilidade desses aterros sanit\u00e1rios. O objetivo \u00e9 erradicar esses lix\u00f5es dentro de uma pol\u00edtica nacional e ajudar os munic\u00edpios que n\u00e3o t\u00eam condi\u00e7\u00f5es de criar esses aterros. Atrav\u00e9s dos cons\u00f3rcios, h\u00e1 possibilidade de atingir esses objetivos\u201d.<\/p>\n<p style=\"text-align: justify;\">Tamb\u00e9m acompanharam a reuni\u00e3o o diretor do Departamento Financeiro da Semarh, Marcelo Barberino; o engenheiro da Unidade de Administra\u00e7\u00e3o do Programa \u00c1guas de Sergipe, Renato Sierra; o diretor administrativo e financeiro da Agrese, Said Jorge Novaes Schoucair; e o diretor t\u00e9cnico da Agrese, Jean Carlos Nascimento Ferreira.<\/p>\n<p><strong>Da ASN.<\/strong><\/p>\n<p style=\"line-height: 14.25pt;\"><strong><span style=\"font-size: 10.0pt; font-family: 'Georgia','serif'; color: #333333;\">Acompanhe tamb\u00e9m o SE Not\u00edcias no<\/span><\/strong><span class=\"apple-converted-space\"><b><span style=\"font-size: 10.0pt; font-family: 'Georgia','serif'; color: #333333;\">\u00a0<\/span><\/b><\/span><a href=\"https:\/\/twitter.com\/Senoticias\" target=\"_blank\" rel=\"noopener\"><b><span style=\"font-size: 10.0pt; font-family: 'Georgia','serif';\">Twitter<\/span><\/b><\/a><strong><span style=\"font-size: 10.0pt; font-family: 'Georgia','serif'; color: #333333;\">,<\/span><\/strong><span class=\"apple-converted-space\"><b><span style=\"font-size: 10.0pt; font-family: 'Georgia','serif'; color: #333333;\">\u00a0<\/span><\/b><\/span><a href=\"https:\/\/www.facebook.com\/senoticias1\" target=\"_blank\" rel=\"noopener\"><b><span style=\"font-size: 10.0pt; font-family: 'Georgia','serif';\">Facebook<\/span><\/b><span class=\"apple-converted-space\"><b><span style=\"font-size: 10.0pt; font-family: 'Georgia','serif'; color: windowtext; text-decoration: none;\">\u00a0<\/span><\/b><\/span><\/a><strong><span style=\"font-size: 10.0pt; font-family: 'Georgia','serif'; color: #333333;\">e no<\/span><\/strong><span class=\"apple-converted-space\"><b><span style=\"font-size: 10.0pt; font-family: 'Georgia','serif'; color: #333333;\">\u00a0<\/span><\/b><\/span><a href=\"https:\/\/www.instagram.com\/senoticias\/\" target=\"_blank\" rel=\"noopener\"><b><span style=\"font-size: 10.0pt; font-family: 'Georgia','serif';\">Instagram<\/span><\/b><\/a><strong><span style=\"font-size: 10.0pt; font-family: 'Georgia','serif'; color: #333333;\">.<\/span><\/strong><\/p>\n<p><a href=\"https:\/\/senoticias.com.br\/se\/wp-content\/uploads\/2018\/02\/Logomarca-fone-SE-4-2-1.jpg\"><img loading=\"lazy\" decoding=\"async\" class=\"aligncenter size-full wp-image-111094\" src=\"https:\/\/senoticias.com.br\/se\/wp-content\/uploads\/2018\/02\/Logomarca-fone-SE-4-2-1.jpg\" alt=\"\" width=\"599\" height=\"78\" srcset=\"https:\/\/senoticias.com.br\/se\/wp-content\/uploads\/2018\/02\/Logomarca-fone-SE-4-2-1.jpg 599w, https:\/\/senoticias.com.br\/se\/wp-content\/uploads\/2018\/02\/Logomarca-fone-SE-4-2-1-300x39.jpg 300w\" sizes=\"(max-width: 599px) 100vw, 599px\" \/><\/a><\/p>\n","protected":false},"excerpt":{"rendered":"<p>Na manh\u00e3 desta ter\u00e7a-feira (27), o secret\u00e1rio de Estado do Meio Ambiente e dos Recursos H\u00eddricos (Semarh), Olivier Chagas, recebeu em seu gabinete o diretor-presidente da Ag\u00eancia Reguladora de Servi\u00e7os P\u00fablicos do Estado de Sergipe (Agrese), Hamilton Santana. Na ocasi\u00e3o, o diretor-presidente da Agrese convidou o secret\u00e1rio para participar da assinatura de um conv\u00eanio no [&hellip;]<\/p>\n","protected":false},"author":6554,"featured_media":111126,"comment_status":"closed","ping_status":"closed","sticky":false,"template":"","format":"standard","meta":{"footnotes":""},"categories":[38],"tags":[8841],"class_list":{"0":"post-111125","1":"post","2":"type-post","3":"status-publish","4":"format-standard","5":"has-post-thumbnail","7":"category-municipios","8":"tag-secretaria-do-meio-ambiente-e-agrese-articulam-parceria-para-questoes-ligadas-aos-residuos-solidos"},"_links":{"self":[{"href":"https:\/\/senoticias.com.br\/se\/wp-json\/wp\/v2\/posts\/111125"}],"collection":[{"href":"https:\/\/senoticias.com.br\/se\/wp-json\/wp\/v2\/posts"}],"about":[{"href":"https:\/\/senoticias.com.br\/se\/wp-json\/wp\/v2\/types\/post"}],"author":[{"embeddable":true,"href":"https:\/\/senoticias.com.br\/se\/wp-json\/wp\/v2\/users\/6554"}],"replies":[{"embeddable":true,"href":"https:\/\/senoticias.com.br\/se\/wp-json\/wp\/v2\/comments?post=111125"}],"version-history":[{"count":0,"href":"https:\/\/senoticias.com.br\/se\/wp-json\/wp\/v2\/posts\/111125\/revisions"}],"wp:featuredmedia":[{"embeddable":true,"href":"https:\/\/senoticias.com.br\/se\/wp-json\/wp\/v2\/media\/111126"}],"wp:attachment":[{"href":"https:\/\/senoticias.com.br\/se\/wp-json\/wp\/v2\/media?parent=111125"}],"wp:term":[{"taxonomy":"category","embeddable":true,"href":"https:\/\/senoticias.com.br\/se\/wp-json\/wp\/v2\/categories?post=111125"},{"taxonomy":"post_tag","embeddable":true,"href":"https:\/\/senoticias.com.br\/se\/wp-json\/wp\/v2\/tags?post=111125"}],"curies":[{"name":"wp","href":"https:\/\/api.w.org\/{rel}","templated":true}]}}