{"id":111122,"date":"2018-02-27T18:42:07","date_gmt":"2018-02-27T21:42:07","guid":{"rendered":"https:\/\/senoticias.com.br\/se\/?p=111122"},"modified":"2018-02-27T18:42:07","modified_gmt":"2018-02-27T21:42:07","slug":"jovem-e-assassinado-a-tiros-em-itabaiana-2","status":"publish","type":"post","link":"https:\/\/senoticias.com.br\/se\/jovem-e-assassinado-a-tiros-em-itabaiana-2\/","title":{"rendered":"Jovem \u00e9 assassinado a tiros em Itabaiana"},"content":{"rendered":"<p style=\"text-align: justify\">Um jovem de 21 anos, identificado como \u00c1lvaro Oliveira Santos, foi assassinado na tarde desta ter\u00e7a-feira (27), no munic\u00edpio de Itabaiana.<\/p>\n<div id=\"attachment_111123\" style=\"width: 590px\" class=\"wp-caption aligncenter\"><a href=\"https:\/\/senoticias.com.br\/se\/wp-content\/uploads\/2018\/02\/1808359739--e1519767701240.jpg\"><img loading=\"lazy\" decoding=\"async\" aria-describedby=\"caption-attachment-111123\" class=\"size-full wp-image-111123\" src=\"https:\/\/senoticias.com.br\/se\/wp-content\/uploads\/2018\/02\/1808359739--e1519767701240.jpg\" alt=\"\" width=\"580\" height=\"385\" \/><\/a><p id=\"caption-attachment-111123\" class=\"wp-caption-text\">Foto: Reprodu\u00e7\u00e3o\/Whatsapp<\/p><\/div>\n<p style=\"text-align: justify\">De acordo com informa\u00e7\u00f5es do 3\u00ba Batalh\u00e3o de Pol\u00edcia Militar, \u00c1lvaro foi baleado por dois suspeitos que estavam em uma moto. Ainda n\u00e3o se sabe o motivo do crime. A pol\u00edcia tamb\u00e9m informou que ele j\u00e1 tinha passagem pela pol\u00edcia e que j\u00e1 foi preso pelo crime de tr\u00e1fico de drogas.<\/p>\n<p style=\"text-align: justify\">A v\u00edtima morreu no local. O Instituto M\u00e9dico Legal (IML) j\u00e1 foi acionado para recolher o corpo.<\/p>\n<p style=\"text-align: justify\"><strong>Do A8 Noticias.<\/strong><\/p>\n<p style=\"line-height: 14.25pt\"><strong><span style=\"font-size: 10.0pt;font-family: 'Georgia','serif';color: #333333\">Acompanhe tamb\u00e9m o SE Not\u00edcias no<\/span><\/strong><span class=\"apple-converted-space\"><b><span style=\"font-size: 10.0pt;font-family: 'Georgia','serif';color: #333333\">\u00a0<\/span><\/b><\/span><a href=\"https:\/\/twitter.com\/Senoticias\" target=\"_blank\" rel=\"noopener\"><b><span style=\"font-size: 10.0pt;font-family: 'Georgia','serif'\">Twitter<\/span><\/b><\/a><strong><span style=\"font-size: 10.0pt;font-family: 'Georgia','serif';color: #333333\">,<\/span><\/strong><span class=\"apple-converted-space\"><b><span style=\"font-size: 10.0pt;font-family: 'Georgia','serif';color: #333333\">\u00a0<\/span><\/b><\/span><a href=\"https:\/\/www.facebook.com\/senoticias1\" target=\"_blank\" rel=\"noopener\"><b><span style=\"font-size: 10.0pt;font-family: 'Georgia','serif'\">Facebook<\/span><\/b><span class=\"apple-converted-space\"><b><span style=\"font-size: 10.0pt;font-family: 'Georgia','serif';color: windowtext;text-decoration: none\">\u00a0<\/span><\/b><\/span><\/a><strong><span style=\"font-size: 10.0pt;font-family: 'Georgia','serif';color: #333333\">e no<\/span><\/strong><span class=\"apple-converted-space\"><b><span style=\"font-size: 10.0pt;font-family: 'Georgia','serif';color: #333333\">\u00a0<\/span><\/b><\/span><a href=\"https:\/\/www.instagram.com\/senoticias\/\" target=\"_blank\" rel=\"noopener\"><b><span style=\"font-size: 10.0pt;font-family: 'Georgia','serif'\">Instagram<\/span><\/b><\/a><strong><span style=\"font-size: 10.0pt;font-family: 'Georgia','serif';color: #333333\">.<\/span><\/strong><\/p>\n<p><a href=\"https:\/\/senoticias.com.br\/se\/wp-content\/uploads\/2018\/02\/Logomarca-fone-SE-4-2-1.jpg\"><img loading=\"lazy\" decoding=\"async\" class=\"aligncenter size-full wp-image-111094\" src=\"https:\/\/senoticias.com.br\/se\/wp-content\/uploads\/2018\/02\/Logomarca-fone-SE-4-2-1.jpg\" alt=\"\" width=\"599\" height=\"78\" srcset=\"https:\/\/senoticias.com.br\/se\/wp-content\/uploads\/2018\/02\/Logomarca-fone-SE-4-2-1.jpg 599w, https:\/\/senoticias.com.br\/se\/wp-content\/uploads\/2018\/02\/Logomarca-fone-SE-4-2-1-300x39.jpg 300w\" sizes=\"(max-width: 599px) 100vw, 599px\" \/><\/a><\/p>\n<p>&nbsp;<\/p>\n","protected":false},"excerpt":{"rendered":"<p>Um jovem de 21 anos, identificado como \u00c1lvaro Oliveira Santos, foi assassinado na tarde desta ter\u00e7a-feira (27), no munic\u00edpio de Itabaiana. De acordo com informa\u00e7\u00f5es do 3\u00ba Batalh\u00e3o de Pol\u00edcia Militar, \u00c1lvaro foi baleado por dois suspeitos que estavam em uma moto. Ainda n\u00e3o se sabe o motivo do crime. A pol\u00edcia tamb\u00e9m informou que [&hellip;]<\/p>\n","protected":false},"author":6554,"featured_media":111123,"comment_status":"closed","ping_status":"closed","sticky":false,"template":"","format":"standard","meta":{"footnotes":""},"categories":[7],"tags":[8840],"class_list":{"0":"post-111122","1":"post","2":"type-post","3":"status-publish","4":"format-standard","5":"has-post-thumbnail","7":"category-policia","8":"tag-jovem-e-assassinado-a-tiros-em-itabaiana"},"_links":{"self":[{"href":"https:\/\/senoticias.com.br\/se\/wp-json\/wp\/v2\/posts\/111122"}],"collection":[{"href":"https:\/\/senoticias.com.br\/se\/wp-json\/wp\/v2\/posts"}],"about":[{"href":"https:\/\/senoticias.com.br\/se\/wp-json\/wp\/v2\/types\/post"}],"author":[{"embeddable":true,"href":"https:\/\/senoticias.com.br\/se\/wp-json\/wp\/v2\/users\/6554"}],"replies":[{"embeddable":true,"href":"https:\/\/senoticias.com.br\/se\/wp-json\/wp\/v2\/comments?post=111122"}],"version-history":[{"count":0,"href":"https:\/\/senoticias.com.br\/se\/wp-json\/wp\/v2\/posts\/111122\/revisions"}],"wp:featuredmedia":[{"embeddable":true,"href":"https:\/\/senoticias.com.br\/se\/wp-json\/wp\/v2\/media\/111123"}],"wp:attachment":[{"href":"https:\/\/senoticias.com.br\/se\/wp-json\/wp\/v2\/media?parent=111122"}],"wp:term":[{"taxonomy":"category","embeddable":true,"href":"https:\/\/senoticias.com.br\/se\/wp-json\/wp\/v2\/categories?post=111122"},{"taxonomy":"post_tag","embeddable":true,"href":"https:\/\/senoticias.com.br\/se\/wp-json\/wp\/v2\/tags?post=111122"}],"curies":[{"name":"wp","href":"https:\/\/api.w.org\/{rel}","templated":true}]}}