{"id":111120,"date":"2018-02-27T18:29:25","date_gmt":"2018-02-27T21:29:25","guid":{"rendered":"https:\/\/senoticias.com.br\/se\/?p=111120"},"modified":"2018-02-28T07:18:12","modified_gmt":"2018-02-28T10:18:12","slug":"assembleia-legislativa-de-sergipe-prorroga-periodo-de-inscricoes-para-concurso","status":"publish","type":"post","link":"https:\/\/senoticias.com.br\/se\/assembleia-legislativa-de-sergipe-prorroga-periodo-de-inscricoes-para-concurso\/","title":{"rendered":"Assembleia Legislativa de Sergipe prorroga per\u00edodo de inscri\u00e7\u00f5es para concurso"},"content":{"rendered":"<p style=\"text-align: justify;\">A Assembleia Legislativa de Sergipe informou as inscri\u00e7\u00f5es para o concurso da Assembleia Legislativa do Estado de Sergipe (Alese) que seriam encerradas nesta ter\u00e7a-feira (27) foram prorrogadas at\u00e9 as 14h do dia 01\/03\/2018 (hor\u00e1rio de Bras\u00edlia).<\/p>\n<div id=\"attachment_106301\" style=\"width: 609px\" class=\"wp-caption aligncenter\"><a href=\"https:\/\/senoticias.com.br\/se\/wp-content\/uploads\/2017\/08\/Alese-senoticias-e1504223075323.jpg\"><img loading=\"lazy\" decoding=\"async\" aria-describedby=\"caption-attachment-106301\" class=\"size-full wp-image-106301\" src=\"https:\/\/senoticias.com.br\/se\/wp-content\/uploads\/2017\/08\/Alese-senoticias-e1504223075323.jpg\" alt=\"\" width=\"599\" height=\"397\" \/><\/a><p id=\"caption-attachment-106301\" class=\"wp-caption-text\">Per\u00edodo de inscri\u00e7\u00f5es para concurso da Alese \u00e9 prorrogado (foto: Arquivo \/ Alese)<\/p><\/div>\n<p style=\"text-align: justify;\">As provas objetivas e discursivas ser\u00e3o aplicadas no dia 22 de abril e a divulga\u00e7\u00e3o do gabarito ser\u00e1 feita pela Funda\u00e7\u00e3o Carlos Chagas no dia seguinte.<\/p>\n<p style=\"text-align: justify;\">Para os cargos de n\u00edvel superior, o sal\u00e1rio ser\u00e1 de cerca de R$ 3,1 mil, al\u00e9m de R$ 680 de aux\u00edlio-alimenta\u00e7\u00e3o e plano de sa\u00fade. Os cargos com vagas dispon\u00edveis s\u00e3o: apoio jur\u00eddico, processo legislativo, administra\u00e7\u00e3o, arquitetura, arquivologia, assist\u00eancia social, biblioteconomia, contabilidade, economia, enfermagem, engenharia civil, jornalismo, medicina, odontologia e psicologia.<\/p>\n<p style=\"text-align: justify;\">J\u00e1 as fun\u00e7\u00f5es de t\u00e9cnico-administrativo e taquigrafia s\u00e3o de n\u00edvel m\u00e9dio com sal\u00e1rios de R$ 2,1 mil, al\u00e9m de R$ 680 de aux\u00edlio-alimenta\u00e7\u00e3o e plano de sa\u00fade.<\/p>\n<p style=\"text-align: justify;\"><strong>Do G1 SE.<\/strong><\/p>\n<p style=\"line-height: 14.25pt;\"><strong><span style=\"font-size: 10.0pt; font-family: 'Georgia','serif'; color: #333333;\">Acompanhe tamb\u00e9m o SE Not\u00edcias no<\/span><\/strong><span class=\"apple-converted-space\"><b><span style=\"font-size: 10.0pt; font-family: 'Georgia','serif'; color: #333333;\">\u00a0<\/span><\/b><\/span><a href=\"https:\/\/twitter.com\/Senoticias\" target=\"_blank\" rel=\"noopener\"><b><span style=\"font-size: 10.0pt; font-family: 'Georgia','serif';\">Twitter<\/span><\/b><\/a><strong><span style=\"font-size: 10.0pt; font-family: 'Georgia','serif'; color: #333333;\">,<\/span><\/strong><span class=\"apple-converted-space\"><b><span style=\"font-size: 10.0pt; font-family: 'Georgia','serif'; color: #333333;\">\u00a0<\/span><\/b><\/span><a href=\"https:\/\/www.facebook.com\/senoticias1\" target=\"_blank\" rel=\"noopener\"><b><span style=\"font-size: 10.0pt; font-family: 'Georgia','serif';\">Facebook<\/span><\/b><span class=\"apple-converted-space\"><b><span style=\"font-size: 10.0pt; font-family: 'Georgia','serif'; color: windowtext; text-decoration: none;\">\u00a0<\/span><\/b><\/span><\/a><strong><span style=\"font-size: 10.0pt; font-family: 'Georgia','serif'; color: #333333;\">e no<\/span><\/strong><span class=\"apple-converted-space\"><b><span style=\"font-size: 10.0pt; font-family: 'Georgia','serif'; color: #333333;\">\u00a0<\/span><\/b><\/span><a href=\"https:\/\/www.instagram.com\/senoticias\/\" target=\"_blank\" rel=\"noopener\"><b><span style=\"font-size: 10.0pt; font-family: 'Georgia','serif';\">Instagram<\/span><\/b><\/a><strong><span style=\"font-size: 10.0pt; font-family: 'Georgia','serif'; color: #333333;\">.<\/span><\/strong><\/p>\n<p><a href=\"https:\/\/senoticias.com.br\/se\/wp-content\/uploads\/2018\/02\/Logomarca-fone-SE-4-2-1.jpg\"><img loading=\"lazy\" decoding=\"async\" class=\"aligncenter size-full wp-image-111094\" src=\"https:\/\/senoticias.com.br\/se\/wp-content\/uploads\/2018\/02\/Logomarca-fone-SE-4-2-1.jpg\" alt=\"\" width=\"599\" height=\"78\" srcset=\"https:\/\/senoticias.com.br\/se\/wp-content\/uploads\/2018\/02\/Logomarca-fone-SE-4-2-1.jpg 599w, https:\/\/senoticias.com.br\/se\/wp-content\/uploads\/2018\/02\/Logomarca-fone-SE-4-2-1-300x39.jpg 300w\" sizes=\"(max-width: 599px) 100vw, 599px\" \/><\/a><\/p>\n","protected":false},"excerpt":{"rendered":"<p>A Assembleia Legislativa de Sergipe informou as inscri\u00e7\u00f5es para o concurso da Assembleia Legislativa do Estado de Sergipe (Alese) que seriam encerradas nesta ter\u00e7a-feira (27) foram prorrogadas at\u00e9 as 14h do dia 01\/03\/2018 (hor\u00e1rio de Bras\u00edlia). As provas objetivas e discursivas ser\u00e3o aplicadas no dia 22 de abril e a divulga\u00e7\u00e3o do gabarito ser\u00e1 feita [&hellip;]<\/p>\n","protected":false},"author":6554,"featured_media":106301,"comment_status":"closed","ping_status":"closed","sticky":false,"template":"","format":"standard","meta":{"footnotes":""},"categories":[9,15,6],"tags":[8839],"class_list":{"0":"post-111120","1":"post","2":"type-post","3":"status-publish","4":"format-standard","5":"has-post-thumbnail","7":"category-concursos","8":"category-destaques","9":"category-politica","10":"tag-assembleia-legislativa-de-sergipe-prorroga-periodo-de-inscricoes-para-concurso"},"_links":{"self":[{"href":"https:\/\/senoticias.com.br\/se\/wp-json\/wp\/v2\/posts\/111120"}],"collection":[{"href":"https:\/\/senoticias.com.br\/se\/wp-json\/wp\/v2\/posts"}],"about":[{"href":"https:\/\/senoticias.com.br\/se\/wp-json\/wp\/v2\/types\/post"}],"author":[{"embeddable":true,"href":"https:\/\/senoticias.com.br\/se\/wp-json\/wp\/v2\/users\/6554"}],"replies":[{"embeddable":true,"href":"https:\/\/senoticias.com.br\/se\/wp-json\/wp\/v2\/comments?post=111120"}],"version-history":[{"count":0,"href":"https:\/\/senoticias.com.br\/se\/wp-json\/wp\/v2\/posts\/111120\/revisions"}],"wp:featuredmedia":[{"embeddable":true,"href":"https:\/\/senoticias.com.br\/se\/wp-json\/wp\/v2\/media\/106301"}],"wp:attachment":[{"href":"https:\/\/senoticias.com.br\/se\/wp-json\/wp\/v2\/media?parent=111120"}],"wp:term":[{"taxonomy":"category","embeddable":true,"href":"https:\/\/senoticias.com.br\/se\/wp-json\/wp\/v2\/categories?post=111120"},{"taxonomy":"post_tag","embeddable":true,"href":"https:\/\/senoticias.com.br\/se\/wp-json\/wp\/v2\/tags?post=111120"}],"curies":[{"name":"wp","href":"https:\/\/api.w.org\/{rel}","templated":true}]}}