{"id":111099,"date":"2018-02-27T13:52:04","date_gmt":"2018-02-27T16:52:04","guid":{"rendered":"https:\/\/senoticias.com.br\/se\/?p=111099"},"modified":"2018-02-27T13:53:34","modified_gmt":"2018-02-27T16:53:34","slug":"vem-ai-o-2o-festival-viver-bem-jardins","status":"publish","type":"post","link":"https:\/\/senoticias.com.br\/se\/vem-ai-o-2o-festival-viver-bem-jardins\/","title":{"rendered":"Vem a\u00ed o 2\u00ba Festival Viver Bem Jardins"},"content":{"rendered":"<p class=\"m_1348892406032749363xmsonormal0\" style=\"text-align: justify;\">Pode ir intensificando os treinos porque j\u00e1 foi dada a largada para a corrida de rua mais\u00a0<i>hypada<\/i>de Sergipe. No dia 22 de abril, o Shopping Jardins realiza a segunda edi\u00e7\u00e3o do Festival Viver Bem Jardins e, mais uma vez, a\u00a0Corrida Viver Bem \u2013 Etapa Aracaju\u00a0ser\u00e1 uma das atra\u00e7\u00f5es do evento que une esporte,\u00a0divers\u00e3o, m\u00fasica e gastronomia.<\/p>\n<div id=\"attachment_111100\" style=\"width: 609px\" class=\"wp-caption aligncenter\"><a href=\"https:\/\/senoticias.com.br\/se\/wp-content\/uploads\/2018\/02\/Festival-Viver-Bem-Shopping-Jardins-e1519749852801.jpg\"><img loading=\"lazy\" decoding=\"async\" aria-describedby=\"caption-attachment-111100\" class=\"size-full wp-image-111100\" src=\"https:\/\/senoticias.com.br\/se\/wp-content\/uploads\/2018\/02\/Festival-Viver-Bem-Shopping-Jardins-e1519749852801.jpg\" alt=\"\" width=\"599\" height=\"399\" \/><\/a><p id=\"caption-attachment-111100\" class=\"wp-caption-text\">Corrida Viver Bem ser\u00e1 uma das atra\u00e7\u00f5es do evento realizado pelo Shopping Jardins, em Aracaju (foto: ascom\/Jardins)<\/p><\/div>\n<p class=\"m_1348892406032749363xmsonormal0\" style=\"text-align: justify;\">O primeiro lote com valor promocional j\u00e1 esgotou, mas as inscri\u00e7\u00f5es para as provas de 5 km ou 10 km continuam abertas. Os interessados em participar devem se inscrever pelo endere\u00e7o eletr\u00f4nico\u00a0<a href=\"http:\/\/www.shoppingjardins.com.br\/corridaviverbem\" target=\"_blank\" rel=\"noopener\" data-saferedirecturl=\"https:\/\/www.google.com\/url?hl=pt-BR&amp;q=http:\/\/www.shoppingjardins.com.br\/corridaviverbem&amp;source=gmail&amp;ust=1519834457160000&amp;usg=AFQjCNGimVOdZquAqlThEKNT0KAGkYWfhQ\">www.shoppingjardins.com.br\/<wbr \/>corridaviverbem<\/a>\u00a0ou na loja da Conceito Solu\u00e7\u00f5es Esportivas, localizada na\u00a0<a href=\"https:\/\/maps.google.com\/?q=Avenida+Augusto+Maynard,+n%C2%BA+144&amp;entry=gmail&amp;source=g\">Avenida Augusto Maynard, n\u00ba 144<\/a>, bairro S\u00e3o Jos\u00e9 em Aracaju (SE).<u><\/u><u><\/u><\/p>\n<p class=\"m_1348892406032749363xmsonormal0\" style=\"text-align: justify;\">O valor da inscri\u00e7\u00e3o \u00e9 de R$ 90 + 1 quilo de alimento n\u00e3o perec\u00edvel (exceto sal) e quem realizar o pagamento com Banese Card ganha o desconto de R$ 10 (apenas para inscri\u00e7\u00f5es presenciais). Portadores de Necessidades Especiais (PNE) t\u00eam direito \u00e0 gratuidade e idosos acima de 60 anos pagam R$ 45 +\u00a01 quilo de alimento n\u00e3o perec\u00edvel. Integrantes de clubes de corrida tamb\u00e9m ganham R$ 10 de desconto, mas a inscri\u00e7\u00e3o deve ser realizada pelo coordenador do clube. Consulte regulamento em\u00a0<a href=\"http:\/\/www.shoppingjardins.com.br\/corridaviverbem\" target=\"_blank\" rel=\"noopener\" data-saferedirecturl=\"https:\/\/www.google.com\/url?hl=pt-BR&amp;q=http:\/\/www.shoppingjardins.com.br\/corridaviverbem&amp;source=gmail&amp;ust=1519834457160000&amp;usg=AFQjCNGimVOdZquAqlThEKNT0KAGkYWfhQ\">www.shoppingjardins.com.br\/<wbr \/>corridaviverbem<\/a><span class=\"m_1348892406032749363MsoHyperlink\">.<\/span><u><\/u><u><\/u><\/p>\n<p class=\"m_1348892406032749363xmsonormal0\" style=\"text-align: justify;\">Cada atleta regularmente inscrito ter\u00e1 direito a um kit de participa\u00e7\u00e3o contendo\u00a0camisa dry fit, chip do atleta, bolsa sustent\u00e1vel, acesso ao caf\u00e9 da manh\u00e3 e medalha finisher.\u00a0Os participantes tamb\u00e9m desfrutar\u00e3o de aula de alongamento antes da corrida e uma super atra\u00e7\u00e3o musical ap\u00f3s a chegada, al\u00e9m de gratuidade no estacionamento no dia da corrida at\u00e9 as 12 horas.<u><\/u><u><\/u><\/p>\n<p class=\"m_1348892406032749363xmsonormal0\" style=\"text-align: justify;\">Para acolher os competidores das provas de 5 Km e 10 Km, o estacionamento do Shopping Jardins ir\u00e1 se transformar em uma mega arena com buffet completo de caf\u00e9 da manh\u00e3, espa\u00e7o kids gratuito, guarda-volumes, posto m\u00e9dico e ambul\u00e2ncia, espa\u00e7o sustent\u00e1vel e muito mais.Promovida pelo Shopping Jardins e organizada pela\u00a0Conceito Solu\u00e7\u00f5es Esportivas, a Corrida Viver Bem Jardins j\u00e1 entrou para o calend\u00e1rio esportivo oficial de Sergipe, destacando-se pela qualidade, organiza\u00e7\u00e3o e servi\u00e7os especiais que proporcionam mais conforto e comodidade a todos os participantes.<\/p>\n<p class=\"m_3546848221559065228xmsonormal0\"><b>Festival Viver Bem Jardins<\/b><u><\/u><u><\/u><\/p>\n<p class=\"m_3546848221559065228xmsonormal0\" style=\"text-align: justify;\"><b>O qu\u00ea?<\/b>\u00a0Evento que une esporte,\u00a0divers\u00e3o, m\u00fasica e gastronomia para voc\u00ea curtir com a fam\u00edlia inteira.<br \/>\n<u><\/u><u><\/u><b>Quando?<\/b>\u00a022 de abril, a partir das 7h.<br \/>\n<u><\/u><u><\/u><b>Onde?<\/b>\u00a0Estacionamento do Shopping Jardins \u2013\u00a0<a href=\"https:\/\/maps.google.com\/?q=Avenida+Ministro+Geraldo+Barreto+Sobral,+215&amp;entry=gmail&amp;source=g\">Avenida Ministro Geraldo Barreto Sobral, 215<\/a>, bairro Jardins, Aracaju | SE.<br \/>\n<u><\/u><u><\/u><b>Quanto?<\/b>\u00a0Acesso gratuito ao evento. Inscri\u00e7\u00f5es para a corrida no valor de R$ 90 + 1 quilo de alimento n\u00e3o perec\u00edvel (exceto sal).<u><\/u><u><\/u><\/p>\n<p class=\"m_3546848221559065228xmsonormal0\" style=\"text-align: justify;\"><b>Mais informa\u00e7\u00f5es?<\/b>\u00a0(79)\u00a03024.5955 |\u00a0<a href=\"mailto:contato@conceito-se.com\" target=\"_blank\" rel=\"noopener\">contato@conceito-se.com<\/a>\u00a0|\u00a0<a href=\"http:\/\/www.shoppingjardins.com.br\/corridaviverbem\" target=\"_blank\" rel=\"noopener\" data-saferedirecturl=\"https:\/\/www.google.com\/url?hl=pt-BR&amp;q=http:\/\/www.shoppingjardins.com.br\/corridaviverbem&amp;source=gmail&amp;ust=1519836285646000&amp;usg=AFQjCNG0l2C0ZVDPniICmps2433Vnkbq3g\">www.shoppingjardins.com.br\/<wbr \/>corridaviverbem<\/a><\/p>\n<p>&nbsp;<\/p>\n<p><a href=\"https:\/\/senoticias.com.br\/se\/wp-content\/uploads\/2018\/02\/Logomarca-fone-SE-4-2-1.jpg\"><img loading=\"lazy\" decoding=\"async\" class=\"aligncenter size-full wp-image-111094\" src=\"https:\/\/senoticias.com.br\/se\/wp-content\/uploads\/2018\/02\/Logomarca-fone-SE-4-2-1.jpg\" alt=\"\" width=\"599\" height=\"78\" srcset=\"https:\/\/senoticias.com.br\/se\/wp-content\/uploads\/2018\/02\/Logomarca-fone-SE-4-2-1.jpg 599w, https:\/\/senoticias.com.br\/se\/wp-content\/uploads\/2018\/02\/Logomarca-fone-SE-4-2-1-300x39.jpg 300w\" sizes=\"(max-width: 599px) 100vw, 599px\" \/><\/a><\/p>\n<p>&nbsp;<\/p>\n<p><strong>Acompanhe tamb\u00e9m o SE Not\u00edcias no<\/strong><span class=\"apple-converted-space\"><b>\u00a0<\/b><\/span><a href=\"https:\/\/twitter.com\/Senoticias\" target=\"_blank\" rel=\"noopener\"><b>Twitter<\/b><\/a><strong>,<\/strong><span class=\"apple-converted-space\"><b>\u00a0<\/b><\/span><a href=\"https:\/\/www.facebook.com\/senoticias1\" target=\"_blank\" rel=\"noopener\"><b>Facebook<\/b><span class=\"apple-converted-space\"><b>\u00a0<\/b><\/span><\/a><strong>e no<\/strong><span class=\"apple-converted-space\"><b>\u00a0<\/b><\/span><a href=\"https:\/\/www.instagram.com\/senoticias\/\" target=\"_blank\" rel=\"noopener\"><b>Instagram<\/b><\/a><\/p>\n<p><em>Assessoria de imprensa<\/em><br \/>\n<em>Lotti+Caldas Comunica\u00e7\u00e3o<\/em><\/p>\n","protected":false},"excerpt":{"rendered":"<p>Pode ir intensificando os treinos porque j\u00e1 foi dada a largada para a corrida de rua mais\u00a0hypadade Sergipe. No dia 22 de abril, o Shopping Jardins realiza a segunda edi\u00e7\u00e3o do Festival Viver Bem Jardins e, mais uma vez, a\u00a0Corrida Viver Bem \u2013 Etapa Aracaju\u00a0ser\u00e1 uma das atra\u00e7\u00f5es do evento que une esporte,\u00a0divers\u00e3o, m\u00fasica e [&hellip;]<\/p>\n","protected":false},"author":6552,"featured_media":111100,"comment_status":"closed","ping_status":"closed","sticky":false,"template":"","format":"standard","meta":{"footnotes":""},"categories":[21],"tags":[8837,4939,8838],"class_list":{"0":"post-111099","1":"post","2":"type-post","3":"status-publish","4":"format-standard","5":"has-post-thumbnail","7":"category-entretenimento","8":"tag-2o-festival","9":"tag-shopping-jardins","10":"tag-viver-bem-jardins"},"_links":{"self":[{"href":"https:\/\/senoticias.com.br\/se\/wp-json\/wp\/v2\/posts\/111099"}],"collection":[{"href":"https:\/\/senoticias.com.br\/se\/wp-json\/wp\/v2\/posts"}],"about":[{"href":"https:\/\/senoticias.com.br\/se\/wp-json\/wp\/v2\/types\/post"}],"author":[{"embeddable":true,"href":"https:\/\/senoticias.com.br\/se\/wp-json\/wp\/v2\/users\/6552"}],"replies":[{"embeddable":true,"href":"https:\/\/senoticias.com.br\/se\/wp-json\/wp\/v2\/comments?post=111099"}],"version-history":[{"count":0,"href":"https:\/\/senoticias.com.br\/se\/wp-json\/wp\/v2\/posts\/111099\/revisions"}],"wp:featuredmedia":[{"embeddable":true,"href":"https:\/\/senoticias.com.br\/se\/wp-json\/wp\/v2\/media\/111100"}],"wp:attachment":[{"href":"https:\/\/senoticias.com.br\/se\/wp-json\/wp\/v2\/media?parent=111099"}],"wp:term":[{"taxonomy":"category","embeddable":true,"href":"https:\/\/senoticias.com.br\/se\/wp-json\/wp\/v2\/categories?post=111099"},{"taxonomy":"post_tag","embeddable":true,"href":"https:\/\/senoticias.com.br\/se\/wp-json\/wp\/v2\/tags?post=111099"}],"curies":[{"name":"wp","href":"https:\/\/api.w.org\/{rel}","templated":true}]}}