{"id":111097,"date":"2018-02-27T10:07:56","date_gmt":"2018-02-27T13:07:56","guid":{"rendered":"https:\/\/senoticias.com.br\/se\/?p=111097"},"modified":"2018-02-27T10:07:56","modified_gmt":"2018-02-27T13:07:56","slug":"duas-pessoas-sao-presas-em-operacao-da-policia-federal-e-prf-em-itabaiana","status":"publish","type":"post","link":"https:\/\/senoticias.com.br\/se\/duas-pessoas-sao-presas-em-operacao-da-policia-federal-e-prf-em-itabaiana\/","title":{"rendered":"Duas pessoas s\u00e3o presas em opera\u00e7\u00e3o da Pol\u00edcia Federal  e PRF em Itabaiana"},"content":{"rendered":"<p style=\"text-align: justify;\">Agentes da Pol\u00edcia Rodovi\u00e1ria Federal (PRF) e da Pol\u00edcia Federal (PF) cumprem desde as primeiras horas da manh\u00e3 desta ter\u00e7a-feira (27), mandados de pris\u00e3o e de busca e apreens\u00e3o em tr\u00eas estados do pa\u00eds. A a\u00e7\u00e3o faz parte da opera\u00e7\u00e3o \u201cEstrada Livre\u201d, que tem o objetivo de desarticular uma quadrilha especializada no roubo de pneus de ve\u00edculos de carga.<\/p>\n<div id=\"attachment_111098\" style=\"width: 609px\" class=\"wp-caption aligncenter\"><a href=\"https:\/\/senoticias.com.br\/se\/wp-content\/uploads\/2018\/02\/Opera\u00e7\u00e3o-Estrada-Livre-PRF-e-PF-27.02-1.jpeg\"><img loading=\"lazy\" decoding=\"async\" aria-describedby=\"caption-attachment-111098\" class=\"size-full wp-image-111098\" src=\"https:\/\/senoticias.com.br\/se\/wp-content\/uploads\/2018\/02\/Opera\u00e7\u00e3o-Estrada-Livre-PRF-e-PF-27.02-1-e1519736644590.jpeg\" alt=\"\" width=\"599\" height=\"384\" \/><\/a><p id=\"caption-attachment-111098\" class=\"wp-caption-text\">Duas pessoas foram presas em opera\u00e7\u00e3o da PF e PRF em Itabaiana (foto: PRF\/SE)<\/p><\/div>\n<p style=\"text-align: justify;\">Os alvos dos bandidos eram caminh\u00f5es, carretas e bi-trens novos. Eles aguardavam a parada desses ve\u00edculos em postos de combust\u00edveis, quando anunciavam o assalto e levavam o caminh\u00e3o at\u00e9 um local deserto, onde retiravam todos os pneus. O caminhoneiro tamb\u00e9m seguia com os criminosos e ficava amarrado no local do desmonte.<\/p>\n<p style=\"text-align: justify;\">Os assaltos aconteciam nas rodovias federais dos estados da Bahia e Minas Gerais. Dependendo do tipo do caminh\u00e3o, estima-se que o preju\u00edzo causado pela quadrilha chegava a R$ 70 mil com a retirada dos pneus roubados.<\/p>\n<p style=\"text-align: justify;\"><strong>Em Sergipe<\/strong>, at\u00e9 agora, dois mandados de pris\u00e3o foram cumpridos no munic\u00edpio de <strong>Itabaiana<\/strong>. Na hierarquia da quadrilha, os dois detidos eram respons\u00e1veis pelos assaltos aos caminhoneiros. Eles ser\u00e3o levados para a Superintend\u00eancia Regional da Pol\u00edcia Federal em Salvador, local onde se concentra a opera\u00e7\u00e3o \u201c<strong>Estrada Livre<\/strong>\u201d. Al\u00e9m deles, outros cinco homens foram presos em flagrante por darem cobertura a um dos criminosos que tentava fugir. Esses ser\u00e3o levados para a Superintend\u00eancia Regional da Pol\u00edcia Federal, em Aracaju.<\/p>\n<p>&nbsp;<\/p>\n<p><a href=\"https:\/\/senoticias.com.br\/se\/wp-content\/uploads\/2018\/02\/Logomarca-fone-SE-4-2-1.jpg\"><img loading=\"lazy\" decoding=\"async\" class=\"aligncenter size-full wp-image-111094\" src=\"https:\/\/senoticias.com.br\/se\/wp-content\/uploads\/2018\/02\/Logomarca-fone-SE-4-2-1.jpg\" alt=\"\" width=\"599\" height=\"78\" srcset=\"https:\/\/senoticias.com.br\/se\/wp-content\/uploads\/2018\/02\/Logomarca-fone-SE-4-2-1.jpg 599w, https:\/\/senoticias.com.br\/se\/wp-content\/uploads\/2018\/02\/Logomarca-fone-SE-4-2-1-300x39.jpg 300w\" sizes=\"(max-width: 599px) 100vw, 599px\" \/><\/a><\/p>\n<p>&nbsp;<\/p>\n<p><strong>Acompanhe tamb\u00e9m o SE Not\u00edcias no<\/strong><span class=\"apple-converted-space\"><b>\u00a0<\/b><\/span><a href=\"https:\/\/twitter.com\/Senoticias\" target=\"_blank\" rel=\"noopener\"><b>Twitter<\/b><\/a><strong>,<\/strong><span class=\"apple-converted-space\"><b>\u00a0<\/b><\/span><a href=\"https:\/\/www.facebook.com\/senoticias1\" target=\"_blank\" rel=\"noopener\"><b>Facebook<\/b><span class=\"apple-converted-space\"><b>\u00a0<\/b><\/span><\/a><strong>e no<\/strong><span class=\"apple-converted-space\"><b>\u00a0<\/b><\/span><a href=\"https:\/\/www.instagram.com\/senoticias\/\" target=\"_blank\" rel=\"noopener\"><b>Instagram<\/b><\/a><\/p>\n<p align=\"left\"><em><span style=\"font-family: Arial, sans-serif;\"><span style=\"font-size: small;\"><b>Assessoria de Comunica\u00e7\u00e3o Social<br \/>\n<\/b><\/span><\/span><span style=\"font-family: Arial, sans-serif;\"><span style=\"font-size: small;\"><b>Pol\u00edcia Rodovi\u00e1ria Federal \u2013 Sergipe<\/b><\/span><\/span><\/em><\/p>\n","protected":false},"excerpt":{"rendered":"<p>Agentes da Pol\u00edcia Rodovi\u00e1ria Federal (PRF) e da Pol\u00edcia Federal (PF) cumprem desde as primeiras horas da manh\u00e3 desta ter\u00e7a-feira (27), mandados de pris\u00e3o e de busca e apreens\u00e3o em tr\u00eas estados do pa\u00eds. A a\u00e7\u00e3o faz parte da opera\u00e7\u00e3o \u201cEstrada Livre\u201d, que tem o objetivo de desarticular uma quadrilha especializada no roubo de pneus [&hellip;]<\/p>\n","protected":false},"author":6552,"featured_media":111098,"comment_status":"closed","ping_status":"closed","sticky":false,"template":"","format":"standard","meta":{"footnotes":""},"categories":[15,7],"tags":[8836,236,1947,4155],"class_list":{"0":"post-111097","1":"post","2":"type-post","3":"status-publish","4":"format-standard","5":"has-post-thumbnail","7":"category-destaques","8":"category-policia","9":"tag-estrada-livre","10":"tag-itabaiana","11":"tag-policia-federal","12":"tag-policia-rodoviaria-federal"},"_links":{"self":[{"href":"https:\/\/senoticias.com.br\/se\/wp-json\/wp\/v2\/posts\/111097"}],"collection":[{"href":"https:\/\/senoticias.com.br\/se\/wp-json\/wp\/v2\/posts"}],"about":[{"href":"https:\/\/senoticias.com.br\/se\/wp-json\/wp\/v2\/types\/post"}],"author":[{"embeddable":true,"href":"https:\/\/senoticias.com.br\/se\/wp-json\/wp\/v2\/users\/6552"}],"replies":[{"embeddable":true,"href":"https:\/\/senoticias.com.br\/se\/wp-json\/wp\/v2\/comments?post=111097"}],"version-history":[{"count":0,"href":"https:\/\/senoticias.com.br\/se\/wp-json\/wp\/v2\/posts\/111097\/revisions"}],"wp:featuredmedia":[{"embeddable":true,"href":"https:\/\/senoticias.com.br\/se\/wp-json\/wp\/v2\/media\/111098"}],"wp:attachment":[{"href":"https:\/\/senoticias.com.br\/se\/wp-json\/wp\/v2\/media?parent=111097"}],"wp:term":[{"taxonomy":"category","embeddable":true,"href":"https:\/\/senoticias.com.br\/se\/wp-json\/wp\/v2\/categories?post=111097"},{"taxonomy":"post_tag","embeddable":true,"href":"https:\/\/senoticias.com.br\/se\/wp-json\/wp\/v2\/tags?post=111097"}],"curies":[{"name":"wp","href":"https:\/\/api.w.org\/{rel}","templated":true}]}}