{"id":111003,"date":"2018-02-22T17:53:29","date_gmt":"2018-02-22T20:53:29","guid":{"rendered":"http:\/\/senoticias.com.br\/se\/?p=111003"},"modified":"2018-02-22T17:53:29","modified_gmt":"2018-02-22T20:53:29","slug":"empresario-e-executado-dentro-de-loja-no-municipio-de-poco-redondo","status":"publish","type":"post","link":"https:\/\/senoticias.com.br\/se\/empresario-e-executado-dentro-de-loja-no-municipio-de-poco-redondo\/","title":{"rendered":"Empres\u00e1rio \u00e9 executado dentro de loja no munic\u00edpio de Po\u00e7o Redondo"},"content":{"rendered":"<p style=\"text-align: justify\">Nesta quinta-feira (22), um empres\u00e1rio foi executado dentro de uma loja de motocicletas, pr\u00f3ximo \u00e0 C\u00e2mara de Vereadores do munic\u00edpio de Po\u00e7o Redondo (SE), Sert\u00e3o do Estado.<\/p>\n<div id=\"attachment_44530\" style=\"width: 410px\" class=\"wp-caption aligncenter\"><a href=\"http:\/\/senoticias.com.br\/se\/wp-content\/uploads\/2013\/02\/registro-de-armas-de-fogo.jpg\"><img loading=\"lazy\" decoding=\"async\" aria-describedby=\"caption-attachment-44530\" class=\"size-full wp-image-44530\" src=\"http:\/\/senoticias.com.br\/se\/wp-content\/uploads\/2013\/02\/registro-de-armas-de-fogo.jpg\" alt=\"\" width=\"400\" height=\"300\" srcset=\"https:\/\/senoticias.com.br\/se\/wp-content\/uploads\/2013\/02\/registro-de-armas-de-fogo.jpg 400w, https:\/\/senoticias.com.br\/se\/wp-content\/uploads\/2013\/02\/registro-de-armas-de-fogo-300x225.jpg 300w, https:\/\/senoticias.com.br\/se\/wp-content\/uploads\/2013\/02\/registro-de-armas-de-fogo-342x256.jpg 342w, https:\/\/senoticias.com.br\/se\/wp-content\/uploads\/2013\/02\/registro-de-armas-de-fogo-60x45.jpg 60w, https:\/\/senoticias.com.br\/se\/wp-content\/uploads\/2013\/02\/registro-de-armas-de-fogo-150x113.jpg 150w, https:\/\/senoticias.com.br\/se\/wp-content\/uploads\/2013\/02\/registro-de-armas-de-fogo-269x201.jpg 269w\" sizes=\"(max-width: 400px) 100vw, 400px\" \/><\/a><p id=\"caption-attachment-44530\" class=\"wp-caption-text\">Foto: Inlustrativa<\/p><\/div>\n<p style=\"text-align: justify\">Segundo informa\u00e7\u00f5es passadas pelo capit\u00e3o da Pol\u00edcia Militar, Ant\u00f4nio Eurico, por volta das 15h30, um carro parou na frente da loja e dele sa\u00edram tr\u00eas homens armados com pistola e espingarda calibre 12. Eles entraram no estabelecimento, mandaram os funcion\u00e1rios se afastar e, na parte onde ocorria uma reforma, disparam diversos tiros na v\u00edtima. Os suspeitos fugiram sem deixar pistas.<\/p>\n<p style=\"text-align: justify\">O caso \u00e9 acompanhado pelo delegado de Canind\u00e9 de S\u00e3o Francisco, Ant\u00f4nio Francisco. Quem tiver alguma informa\u00e7\u00e3o pode ligar para o disque den\u00fancia atrav\u00e9s do n\u00famero 181. A identidade vai ser mantida em sigilo.<\/p>\n<p style=\"text-align: justify\">O Instituto M\u00e9dico Legal de Sergipe (IML), com sede em Aracaju, foi acionado para recolher o copo.<\/p>\n<p style=\"text-align: justify\"><strong>Do G1 SE.<\/strong><\/p>\n<p style=\"line-height: 14.25pt\"><strong><span style=\"font-size: 10.0pt;font-family: 'Georgia','serif';color: #333333\">Acompanhe tamb\u00e9m o SE Not\u00edcias no<\/span><\/strong><span class=\"apple-converted-space\"><b><span style=\"font-size: 10.0pt;font-family: 'Georgia','serif';color: #333333\">\u00a0<\/span><\/b><\/span><a href=\"https:\/\/twitter.com\/Senoticias\" target=\"_blank\" rel=\"noopener\"><b><span style=\"font-size: 10.0pt;font-family: 'Georgia','serif'\">Twitter<\/span><\/b><\/a><strong><span style=\"font-size: 10.0pt;font-family: 'Georgia','serif';color: #333333\">,<\/span><\/strong><span class=\"apple-converted-space\"><b><span style=\"font-size: 10.0pt;font-family: 'Georgia','serif';color: #333333\">\u00a0<\/span><\/b><\/span><a href=\"https:\/\/www.facebook.com\/senoticias1\" target=\"_blank\" rel=\"noopener\"><b><span style=\"font-size: 10.0pt;font-family: 'Georgia','serif'\">Facebook<\/span><\/b><span class=\"apple-converted-space\"><b><span style=\"font-size: 10.0pt;font-family: 'Georgia','serif';color: windowtext;text-decoration: none\">\u00a0<\/span><\/b><\/span><\/a><strong><span style=\"font-size: 10.0pt;font-family: 'Georgia','serif';color: #333333\">e no<\/span><\/strong><span class=\"apple-converted-space\"><b><span style=\"font-size: 10.0pt;font-family: 'Georgia','serif';color: #333333\">\u00a0<\/span><\/b><\/span><a href=\"https:\/\/www.instagram.com\/senoticias\/\" target=\"_blank\" rel=\"noopener\"><b><span style=\"font-size: 10.0pt;font-family: 'Georgia','serif'\">Instagram<\/span><\/b><\/a><strong><span style=\"font-size: 10.0pt;font-family: 'Georgia','serif';color: #333333\">.<\/span><\/strong><\/p>\n<p><a href=\"http:\/\/senoticias.com.br\/se\/wp-content\/uploads\/2018\/02\/Logomarca-fone-SE-4-2.jpg\"><img loading=\"lazy\" decoding=\"async\" class=\"aligncenter size-full wp-image-110759\" src=\"http:\/\/senoticias.com.br\/se\/wp-content\/uploads\/2018\/02\/Logomarca-fone-SE-4-2.jpg\" alt=\"\" width=\"599\" height=\"78\" srcset=\"https:\/\/senoticias.com.br\/se\/wp-content\/uploads\/2018\/02\/Logomarca-fone-SE-4-2.jpg 599w, https:\/\/senoticias.com.br\/se\/wp-content\/uploads\/2018\/02\/Logomarca-fone-SE-4-2-300x39.jpg 300w\" sizes=\"(max-width: 599px) 100vw, 599px\" \/><\/a><\/p>\n","protected":false},"excerpt":{"rendered":"<p>Nesta quinta-feira (22), um empres\u00e1rio foi executado dentro de uma loja de motocicletas, pr\u00f3ximo \u00e0 C\u00e2mara de Vereadores do munic\u00edpio de Po\u00e7o Redondo (SE), Sert\u00e3o do Estado. Segundo informa\u00e7\u00f5es passadas pelo capit\u00e3o da Pol\u00edcia Militar, Ant\u00f4nio Eurico, por volta das 15h30, um carro parou na frente da loja e dele sa\u00edram tr\u00eas homens armados com [&hellip;]<\/p>\n","protected":false},"author":6554,"featured_media":44530,"comment_status":"closed","ping_status":"closed","sticky":false,"template":"","format":"standard","meta":{"footnotes":""},"categories":[7],"tags":[4514,8800,3985,3544,1303,78,223,857],"class_list":{"0":"post-111003","1":"post","2":"type-post","3":"status-publish","4":"format-standard","5":"has-post-thumbnail","7":"category-policia","8":"tag-empresario","9":"tag-empresario-e-executado-dentro-de-loja-no-municipio-de-poco-redondo","10":"tag-morto","11":"tag-poco-redondo","12":"tag-policia","13":"tag-policia-civil","14":"tag-sergipe","15":"tag-violencia"},"_links":{"self":[{"href":"https:\/\/senoticias.com.br\/se\/wp-json\/wp\/v2\/posts\/111003"}],"collection":[{"href":"https:\/\/senoticias.com.br\/se\/wp-json\/wp\/v2\/posts"}],"about":[{"href":"https:\/\/senoticias.com.br\/se\/wp-json\/wp\/v2\/types\/post"}],"author":[{"embeddable":true,"href":"https:\/\/senoticias.com.br\/se\/wp-json\/wp\/v2\/users\/6554"}],"replies":[{"embeddable":true,"href":"https:\/\/senoticias.com.br\/se\/wp-json\/wp\/v2\/comments?post=111003"}],"version-history":[{"count":0,"href":"https:\/\/senoticias.com.br\/se\/wp-json\/wp\/v2\/posts\/111003\/revisions"}],"wp:featuredmedia":[{"embeddable":true,"href":"https:\/\/senoticias.com.br\/se\/wp-json\/wp\/v2\/media\/44530"}],"wp:attachment":[{"href":"https:\/\/senoticias.com.br\/se\/wp-json\/wp\/v2\/media?parent=111003"}],"wp:term":[{"taxonomy":"category","embeddable":true,"href":"https:\/\/senoticias.com.br\/se\/wp-json\/wp\/v2\/categories?post=111003"},{"taxonomy":"post_tag","embeddable":true,"href":"https:\/\/senoticias.com.br\/se\/wp-json\/wp\/v2\/tags?post=111003"}],"curies":[{"name":"wp","href":"https:\/\/api.w.org\/{rel}","templated":true}]}}