{"id":110989,"date":"2018-02-22T17:03:09","date_gmt":"2018-02-22T20:03:09","guid":{"rendered":"http:\/\/senoticias.com.br\/se\/?p=110989"},"modified":"2018-02-22T17:03:09","modified_gmt":"2018-02-22T20:03:09","slug":"secretaria-de-estado-do-esporte-apoia-judocas-sergipanos-que-participarao-do-pan-americano-no-peru","status":"publish","type":"post","link":"https:\/\/senoticias.com.br\/se\/secretaria-de-estado-do-esporte-apoia-judocas-sergipanos-que-participarao-do-pan-americano-no-peru\/","title":{"rendered":"Secretaria de Estado do Esporte apoia judocas sergipanos que participar\u00e3o do Pan-Americano no Peru"},"content":{"rendered":"<p style=\"text-align: justify\"><span style=\"color: #000000\">O Governo do Estado, atrav\u00e9s da Secretaria de Estado do Esporte, Lazer e da Juventude (SEEL), estar\u00e1 dando apoio aos judocas Istelina Silva e Edu Ramos, que representar\u00e3o o Brasil no Campeonato Pan-Americano de Jud\u00f4, que acontece em Lima, no Peru, no m\u00eas de mar\u00e7o. Os judocas procuravam patrocinadores e tiveram suas pretens\u00f5es atendidas pela SEEL.<\/span><\/p>\n<p style=\"text-align: justify\"><span style=\"color: #000000\">Na manh\u00e3 desta \u00faltima quarta-feira (21), a SEEL reafirmou mais uma vez seu compromisso com o esporte sergipano, dando total apoio log\u00edstico ao referidos atletas, que participar\u00e3o do Campeonato Pan-Americano de Jud\u00f4, no Peru. Os judocas, juntamente com o t\u00e9cnico Euder Lima e o presidente da Federa\u00e7\u00e3o Sergipana de Jud\u00f4, Durval Am\u00e9rico, levaram ao secret\u00e1rio Ant\u00f4nio Hora os anseios dos atletas sergipano e foram prontamente atendidos.<\/span><\/p>\n<div id=\"attachment_110990\" style=\"width: 487px\" class=\"wp-caption aligncenter\"><a href=\"http:\/\/senoticias.com.br\/se\/wp-content\/uploads\/2018\/02\/esporte-SENOTICIAS-e1519329741887.jpg\"><img loading=\"lazy\" decoding=\"async\" aria-describedby=\"caption-attachment-110990\" class=\" wp-image-110990\" src=\"http:\/\/senoticias.com.br\/se\/wp-content\/uploads\/2018\/02\/esporte-SENOTICIAS-300x225.jpg\" alt=\"\" width=\"477\" height=\"358\" \/><\/a><p id=\"caption-attachment-110990\" class=\"wp-caption-text\">Foto: Ascom \/ Seel<\/p><\/div>\n<p style=\"text-align: justify\"><span style=\"color: #000000\">&#8220;O secret\u00e1rio, mais uma vez, nos recebeu de portas abertas e, como sempre, muito compreensivo com o esporte sergipano, demonstrou seu apoio e comprometimento para o desenvolvimento da categoria no Estado de Sergipe&#8221;, afirma o t\u00e9cnico Euder Lima.<\/span><\/p>\n<p style=\"text-align: justify\"><span style=\"color: #000000\">Istelina Silva e Edu Ramos j\u00e1 foram vice-campe\u00f5es da Seletiva Ol\u00edmpica. Bem ranqueados, eles podem agora agregar a pontua\u00e7\u00e3o para entrar no Circuito Mundial. Edu, 22, que compete na categoria at\u00e9 81kg, se diz muito feliz com o apoio. &#8220;\u00c9 uma competi\u00e7\u00e3o muito forte, sendo o foco de todo atleta representar o Brasil na Sele\u00e7\u00e3o principal e \u00e9 l\u00e1 que queremos chegar, pontuando o m\u00e1ximo poss\u00edvel, para alcan\u00e7ar o sonho de disputar a Olimp\u00edada de T\u00f3quio&#8221;, relata o atleta Edu Ramos.<\/span><\/p>\n<p style=\"text-align: justify\"><span style=\"color: #000000\">Istelina Silva, 24, j\u00e1 foi tricampe\u00e3 brasileira e bicampe\u00e3 sul-americana e compete na categoria peso pesado feminino. A atleta est\u00e1 muito empolgada para a competi\u00e7\u00e3o, mantendo todo o foco para buscar a medalha. &#8221; \u00c9 uma oportunidade muito boa que teremos, competindo internacionalmente e somando pontos para o ranking da FIJ, com grandes chances de trazer medalhas para nosso estado e pa\u00eds, come\u00e7ando a caminhada rumo a Olimp\u00edada de 2020, em T\u00f3quio&#8221; afirma a judoca Istelina Silva.<\/span><\/p>\n<p style=\"text-align: justify\"><span style=\"color: #000000\">O secret\u00e1rio Ant\u00f4nio Hora Filho, afirma que as boas pr\u00e1ticas sempre t\u00eam que ser apoiadas, fazendo com que o estado de Sergipe mantenha condi\u00e7\u00f5es, para que os atletas do nosso estado possam representar o Brasil em competi\u00e7\u00f5es internacionais, dando ascens\u00e3o social para o nosso esporte. &#8221; A gente tem o prazer de receber pr\u00e1ticas vitoriosas, sendo esse o caso do trabalho do professor Euder. Temos que apoiar as boas iniciativas, dando incentivo e o apoio necess\u00e1rios, para que esses atletas possam tamb\u00e9m, galgar uma carreira internacional no jud\u00f4&#8221;, afirma o secret\u00e1rio.<\/span><\/p>\n<p>&nbsp;<\/p>\n<p><a href=\"http:\/\/senoticias.com.br\/se\/wp-content\/uploads\/2018\/02\/Logomarca-fone-SE-4-2.jpg\"><img loading=\"lazy\" decoding=\"async\" class=\" wp-image-110759 aligncenter\" src=\"http:\/\/senoticias.com.br\/se\/wp-content\/uploads\/2018\/02\/Logomarca-fone-SE-4-2-300x39.jpg\" alt=\"\" width=\"417\" height=\"54\" srcset=\"https:\/\/senoticias.com.br\/se\/wp-content\/uploads\/2018\/02\/Logomarca-fone-SE-4-2-300x39.jpg 300w, https:\/\/senoticias.com.br\/se\/wp-content\/uploads\/2018\/02\/Logomarca-fone-SE-4-2.jpg 599w\" sizes=\"(max-width: 417px) 100vw, 417px\" \/><\/a><\/p>\n<p>&nbsp;<\/p>\n<p><strong>Acompanhe tamb\u00e9m o SE Not\u00edci<a href=\"https:\/\/g1.globo.com\/se\/sergipe\/noticia\/suspeitos-morrem-em-confronto-com-a-policia.ghtml\">as no<\/a><\/strong><span class=\"apple-converted-space\"><b>\u00a0<\/b><\/span><a href=\"https:\/\/twitter.com\/Senoticias\" target=\"_blank\" rel=\"noopener\"><b>Twitter<\/b><\/a><strong>,<\/strong><span class=\"apple-converted-space\"><b>\u00a0<\/b><\/span><a href=\"https:\/\/www.facebook.com\/senoticias1\" target=\"_blank\" rel=\"noopener\"><b>Facebook<\/b><span class=\"apple-converted-space\"><b>\u00a0<\/b><\/span><\/a><strong>e no<\/strong><span class=\"apple-converted-space\"><b>\u00a0<\/b><\/span><a href=\"https:\/\/www.instagram.com\/senoticias\/\" target=\"_blank\" rel=\"noopener\"><b>Instagram<\/b><\/a><\/p>\n<p>Por ASN<\/p>\n","protected":false},"excerpt":{"rendered":"<p>O Governo do Estado, atrav\u00e9s da Secretaria de Estado do Esporte, Lazer e da Juventude (SEEL), estar\u00e1 dando apoio aos judocas Istelina Silva e Edu Ramos, que representar\u00e3o o Brasil no Campeonato Pan-Americano de Jud\u00f4, que acontece em Lima, no Peru, no m\u00eas de mar\u00e7o. Os judocas procuravam patrocinadores e tiveram suas pretens\u00f5es atendidas pela [&hellip;]<\/p>\n","protected":false},"author":6553,"featured_media":0,"comment_status":"closed","ping_status":"closed","sticky":false,"template":"","format":"standard","meta":{"footnotes":""},"categories":[26],"tags":[4766,1306,3875,2002,868,6569,223],"class_list":{"0":"post-110989","1":"post","2":"type-post","3":"status-publish","4":"format-standard","6":"category-esportes","7":"tag-apoio","8":"tag-educacao","9":"tag-esporte","10":"tag-governo","11":"tag-olimpiada","12":"tag-peru","13":"tag-sergipe"},"_links":{"self":[{"href":"https:\/\/senoticias.com.br\/se\/wp-json\/wp\/v2\/posts\/110989"}],"collection":[{"href":"https:\/\/senoticias.com.br\/se\/wp-json\/wp\/v2\/posts"}],"about":[{"href":"https:\/\/senoticias.com.br\/se\/wp-json\/wp\/v2\/types\/post"}],"author":[{"embeddable":true,"href":"https:\/\/senoticias.com.br\/se\/wp-json\/wp\/v2\/users\/6553"}],"replies":[{"embeddable":true,"href":"https:\/\/senoticias.com.br\/se\/wp-json\/wp\/v2\/comments?post=110989"}],"version-history":[{"count":0,"href":"https:\/\/senoticias.com.br\/se\/wp-json\/wp\/v2\/posts\/110989\/revisions"}],"wp:attachment":[{"href":"https:\/\/senoticias.com.br\/se\/wp-json\/wp\/v2\/media?parent=110989"}],"wp:term":[{"taxonomy":"category","embeddable":true,"href":"https:\/\/senoticias.com.br\/se\/wp-json\/wp\/v2\/categories?post=110989"},{"taxonomy":"post_tag","embeddable":true,"href":"https:\/\/senoticias.com.br\/se\/wp-json\/wp\/v2\/tags?post=110989"}],"curies":[{"name":"wp","href":"https:\/\/api.w.org\/{rel}","templated":true}]}}