{"id":110987,"date":"2018-02-22T16:54:18","date_gmt":"2018-02-22T19:54:18","guid":{"rendered":"http:\/\/senoticias.com.br\/se\/?p=110987"},"modified":"2018-02-22T17:53:11","modified_gmt":"2018-02-22T20:53:11","slug":"pre-universitario-seed-2018-inicia-aulas-dia-5-de-marco","status":"publish","type":"post","link":"https:\/\/senoticias.com.br\/se\/pre-universitario-seed-2018-inicia-aulas-dia-5-de-marco\/","title":{"rendered":"Pr\u00e9-Universit\u00e1rio Seed 2018 inicia aulas dia 5 de mar\u00e7o"},"content":{"rendered":"<p style=\"text-align: justify;\"><span style=\"color: #000000;\">Os mais de 5.400 alunos matriculados no programa Pr\u00e9-Universit\u00e1rio da Secretaria de Estado da Educa\u00e7\u00e3o iniciar\u00e3o as aulas no dia 5 de mar\u00e7o. A equipe de t\u00e9cnicos e professores do Departamento de Apoio ao Sistema Educacional (Dase\/ Seed), setor respons\u00e1vel pelo programa, acolher\u00e1 os novos discentes nos primeiros dias de aula, matriculados nos 44 polos, em 29 munic\u00edpios sergipanos.<\/span><\/p>\n<div id=\"attachment_111004\" style=\"width: 609px\" class=\"wp-caption aligncenter\"><a href=\"http:\/\/senoticias.com.br\/se\/wp-content\/uploads\/2018\/02\/Seed-e1519332541269.png\"><img loading=\"lazy\" decoding=\"async\" aria-describedby=\"caption-attachment-111004\" class=\"size-full wp-image-111004\" src=\"http:\/\/senoticias.com.br\/se\/wp-content\/uploads\/2018\/02\/Seed-e1519332541269.png\" alt=\"\" width=\"599\" height=\"351\" \/><\/a><p id=\"caption-attachment-111004\" class=\"wp-caption-text\">O Preuni se configura a cada ano como uma refer\u00eancia em rela\u00e7\u00e3o aos altos \u00edndices de aprova\u00e7\u00e3o dos alunos em Institui\u00e7\u00f5es de Ensino Superior (foto: arquivo\/ Seed)<\/p><\/div>\n<p style=\"text-align: justify;\"><span style=\"color: #000000;\">O Preuni do Governo de Sergipe se configura a cada ano como uma refer\u00eancia em rela\u00e7\u00e3o aos altos \u00edndices de aprova\u00e7\u00e3o dos alunos em Institui\u00e7\u00f5es de Ensino Superior (IES). E \u00e9 por essa condi\u00e7\u00e3o que, nesta edi\u00e7\u00e3o, mais de 7.700 candidatos se inscreveram no processo seletivo para as 5.485 vagas.<\/span><\/p>\n<p style=\"text-align: justify;\"><span style=\"color: #000000;\">Segundo o coordenador do Dase, F\u00e1bio Leite, o Preuni \u00e9 uma oportunidade para milhares de estudantes da rede p\u00fablica que est\u00e3o cursando o 3\u00b0 ano ou que j\u00e1 conclu\u00edram o ensino m\u00e9dio terem acesso ao estudo preparat\u00f3rio para o n\u00edvel superior ou profissionalizante.<\/span><\/p>\n<p style=\"text-align: justify;\"><span style=\"color: #000000;\">F\u00e1bio Leite afirma que a cada ano aumenta o n\u00famero de alunos interessados em cursar o pr\u00e9-universit\u00e1rio. &#8220;Foram 7.719 candidatos que concorreram as 5.485 vagas. \u00c9 v\u00e1lido frisar que o Preuni \u00e9 uma importante a\u00e7\u00e3o do Governo do Estado de Sergipe que conta com a participa\u00e7\u00e3o de profissionais altamente capacitados e em 2018 est\u00e3o sendo repensadas a\u00e7\u00f5es para repetir a receita de sucesso&#8221;, declara o coordenador.<\/span><\/p>\n<p style=\"text-align: justify;\"><span style=\"color: #000000;\">A lista final dos aprovados no Processo Seletivo para o Programa Pr\u00e9-Universit\u00e1rio Seed foi divulgada nesta \u00fatima quarta-feira (21), no Portal da Seed.<\/span><\/p>\n<p style=\"text-align: justify;\"><span style=\"color: #000000;\">Durante o ano letivo, o programa ofertar\u00e1 aulas expositivas, das segundas \u00e0s sextas-feiras, aul\u00f5es nos finais de semana, simulados, oficinas de reda\u00e7\u00e3o, acolhimento individual, disponibiliza\u00e7\u00e3o do material did\u00e1tico gratuitamente e ainda os alunos contar\u00e3o com a tecnologia a servi\u00e7o da educa\u00e7\u00e3o. A equipe da Coordenadoria de Inform\u00e1tica (Codin) da Seed trabalha tamb\u00e9m no sentido de disponibilizar um sistema onde os estudantes ter\u00e3o acesso aos v\u00eddeos com dicas gravados pelos professores nas redes sociais.<\/span><\/p>\n<p>&nbsp;<\/p>\n<p><a href=\"http:\/\/senoticias.com.br\/se\/wp-content\/uploads\/2018\/02\/Logomarca-fone-SE-4-2.jpg\"><img loading=\"lazy\" decoding=\"async\" class=\" wp-image-110759 aligncenter\" src=\"http:\/\/senoticias.com.br\/se\/wp-content\/uploads\/2018\/02\/Logomarca-fone-SE-4-2-300x39.jpg\" alt=\"\" width=\"430\" height=\"56\" srcset=\"https:\/\/senoticias.com.br\/se\/wp-content\/uploads\/2018\/02\/Logomarca-fone-SE-4-2-300x39.jpg 300w, https:\/\/senoticias.com.br\/se\/wp-content\/uploads\/2018\/02\/Logomarca-fone-SE-4-2.jpg 599w\" sizes=\"(max-width: 430px) 100vw, 430px\" \/><\/a><\/p>\n<p><strong>Acompanhe tamb\u00e9m o SE Not\u00edci<a href=\"https:\/\/g1.globo.com\/se\/sergipe\/noticia\/suspeitos-morrem-em-confronto-com-a-policia.ghtml\">as no<\/a><\/strong><span class=\"apple-converted-space\"><b>\u00a0<\/b><\/span><a href=\"https:\/\/twitter.com\/Senoticias\" target=\"_blank\" rel=\"noopener\"><b>Twitter<\/b><\/a><strong>,<\/strong><span class=\"apple-converted-space\"><b>\u00a0<\/b><\/span><a href=\"https:\/\/www.facebook.com\/senoticias1\" target=\"_blank\" rel=\"noopener\"><b>Facebook<\/b><span class=\"apple-converted-space\"><b>\u00a0<\/b><\/span><\/a><strong>e no<\/strong><span class=\"apple-converted-space\"><b>\u00a0<\/b><\/span><a href=\"https:\/\/www.instagram.com\/senoticias\/\" target=\"_blank\" rel=\"noopener\"><b>Instagram<\/b><\/a><\/p>\n<p>Por ASN<\/p>\n","protected":false},"excerpt":{"rendered":"<p>Os mais de 5.400 alunos matriculados no programa Pr\u00e9-Universit\u00e1rio da Secretaria de Estado da Educa\u00e7\u00e3o iniciar\u00e3o as aulas no dia 5 de mar\u00e7o. A equipe de t\u00e9cnicos e professores do Departamento de Apoio ao Sistema Educacional (Dase\/ Seed), setor respons\u00e1vel pelo programa, acolher\u00e1 os novos discentes nos primeiros dias de aula, matriculados nos 44 polos, [&hellip;]<\/p>\n","protected":false},"author":6553,"featured_media":111004,"comment_status":"closed","ping_status":"closed","sticky":false,"template":"","format":"standard","meta":{"footnotes":""},"categories":[15,38],"tags":[1306,4522,3958,223,8796],"class_list":{"0":"post-110987","1":"post","2":"type-post","3":"status-publish","4":"format-standard","5":"has-post-thumbnail","7":"category-destaques","8":"category-municipios","9":"tag-educacao","10":"tag-seed","11":"tag-senoticias","12":"tag-sergipe","13":"tag-universitario"},"_links":{"self":[{"href":"https:\/\/senoticias.com.br\/se\/wp-json\/wp\/v2\/posts\/110987"}],"collection":[{"href":"https:\/\/senoticias.com.br\/se\/wp-json\/wp\/v2\/posts"}],"about":[{"href":"https:\/\/senoticias.com.br\/se\/wp-json\/wp\/v2\/types\/post"}],"author":[{"embeddable":true,"href":"https:\/\/senoticias.com.br\/se\/wp-json\/wp\/v2\/users\/6553"}],"replies":[{"embeddable":true,"href":"https:\/\/senoticias.com.br\/se\/wp-json\/wp\/v2\/comments?post=110987"}],"version-history":[{"count":0,"href":"https:\/\/senoticias.com.br\/se\/wp-json\/wp\/v2\/posts\/110987\/revisions"}],"wp:featuredmedia":[{"embeddable":true,"href":"https:\/\/senoticias.com.br\/se\/wp-json\/wp\/v2\/media\/111004"}],"wp:attachment":[{"href":"https:\/\/senoticias.com.br\/se\/wp-json\/wp\/v2\/media?parent=110987"}],"wp:term":[{"taxonomy":"category","embeddable":true,"href":"https:\/\/senoticias.com.br\/se\/wp-json\/wp\/v2\/categories?post=110987"},{"taxonomy":"post_tag","embeddable":true,"href":"https:\/\/senoticias.com.br\/se\/wp-json\/wp\/v2\/tags?post=110987"}],"curies":[{"name":"wp","href":"https:\/\/api.w.org\/{rel}","templated":true}]}}