{"id":110976,"date":"2018-02-22T08:19:47","date_gmt":"2018-02-22T11:19:47","guid":{"rendered":"http:\/\/senoticias.com.br\/se\/?p=110976"},"modified":"2018-02-22T08:19:47","modified_gmt":"2018-02-22T11:19:47","slug":"homem-e-preso-depois-de-capotar-carro-que-acabou-de-roubar","status":"publish","type":"post","link":"https:\/\/senoticias.com.br\/se\/homem-e-preso-depois-de-capotar-carro-que-acabou-de-roubar\/","title":{"rendered":"Homem \u00e9 preso depois de capotar carro que acabou de roubar"},"content":{"rendered":"<p><em>Por J\u00e9ssica Fran\u00e7a*<\/em><\/p>\n<p style=\"text-align: justify;\">Um homem foi preso na Avenida Senador J\u00falio Cesar Leite, no bairro Aeroporto, em Aracaju, ap\u00f3s o carro em que estava capotar durante uma persegui\u00e7\u00e3o policial. De acordo com 1\u00ba Batalh\u00e3o de Pol\u00edcia Comunit\u00e1ria (1\u00ba BPCom), ele e mais dois comparsas, que conseguiram fugir, s\u00e3o suspeitos de praticar assaltos na regi\u00e3o.<\/p>\n<p style=\"text-align: justify;\">A a\u00e7\u00e3o teve in\u00edcio quando uma v\u00edtima de assalto dos tr\u00eas acusados procurou os policiais militares para pedir ajuda. Ela descreveu o carro em que os bandidos estavam e os agentes iniciaram as dilig\u00eancias. Ap\u00f3s localizar o carro, o ve\u00edculo come\u00e7ou a ser perseguido<\/p>\n<div id=\"attachment_110977\" style=\"width: 609px\" class=\"wp-caption aligncenter\"><a href=\"http:\/\/senoticias.com.br\/se\/wp-content\/uploads\/2018\/02\/grande-186263-e1519298041940.jpg\"><img loading=\"lazy\" decoding=\"async\" aria-describedby=\"caption-attachment-110977\" class=\"size-full wp-image-110977\" src=\"http:\/\/senoticias.com.br\/se\/wp-content\/uploads\/2018\/02\/grande-186263-e1519298041940.jpg\" alt=\"\" width=\"599\" height=\"398\" \/><\/a><p id=\"caption-attachment-110977\" class=\"wp-caption-text\">Fato aconteceu no Bairro Aeroporto na noite desta quarta-feira (foto: PM\/SE)<\/p><\/div>\n<p style=\"text-align: justify;\">Durante a persegui\u00e7\u00e3o, o carro dos suspeitos perdeu a dire\u00e7\u00e3o pr\u00f3ximo ao Col\u00e9gio Santos Dumont, bateu em dois ve\u00edculos estacionados na via e depois capotou. Os dois homens que estavam no banco da frente conseguiram fugir. J\u00e1 Worderson de Oliveira Santos, que estava no banco traseiro foi preso. No carro foram encontrados um rev\u00f3lver calibre .38, com numera\u00e7\u00e3o raspada e cinco muni\u00e7\u00f5es.<\/p>\n<div id=\"attachment_110978\" style=\"width: 609px\" class=\"wp-caption aligncenter\"><a href=\"http:\/\/senoticias.com.br\/se\/wp-content\/uploads\/2018\/02\/grande-186264.jpg\"><img loading=\"lazy\" decoding=\"async\" aria-describedby=\"caption-attachment-110978\" class=\"size-full wp-image-110978\" src=\"http:\/\/senoticias.com.br\/se\/wp-content\/uploads\/2018\/02\/grande-186264-e1519298157226.jpg\" alt=\"\" width=\"599\" height=\"398\" \/><\/a><p id=\"caption-attachment-110978\" class=\"wp-caption-text\">Um homem foi preso; a\u00e7\u00e3o ocorreu no bairro Aeroporto (foto: PM\/SE)<\/p><\/div>\n<p style=\"text-align: justify;\">A v\u00edtima, o suspeito, a arma com muni\u00e7\u00f5es e o ve\u00edculo foram encaminhados \u00e0 Delegacia Plantonista Sul. Ap\u00f3s levantamentos foi constatado que n\u00e3o \u00e9 a primeira vez que o acusado foi preso por assalto a m\u00e3o armada. J\u00e1 o ve\u00edculo usado na a\u00e7\u00e3o delituosa, n\u00e3o possu\u00eda, at\u00e9 o momento, nenhuma restri\u00e7\u00e3o de furto ou roubo.<\/p>\n<p>&nbsp;<\/p>\n<p><em>Por J\u00e9ssica Fran\u00e7a, do <a href=\"http:\/\/www.infonet.com.br\/noticias\/cidade\/ler.asp?id=210746\">Portal<\/a> Infonet<\/em><\/p>\n<p><a href=\"http:\/\/senoticias.com.br\/se\/wp-content\/uploads\/2018\/02\/Logomarca-fone-SE-4-2.jpg\"><img loading=\"lazy\" decoding=\"async\" class=\"aligncenter size-full wp-image-110759\" src=\"http:\/\/senoticias.com.br\/se\/wp-content\/uploads\/2018\/02\/Logomarca-fone-SE-4-2.jpg\" alt=\"\" width=\"599\" height=\"78\" srcset=\"https:\/\/senoticias.com.br\/se\/wp-content\/uploads\/2018\/02\/Logomarca-fone-SE-4-2.jpg 599w, https:\/\/senoticias.com.br\/se\/wp-content\/uploads\/2018\/02\/Logomarca-fone-SE-4-2-300x39.jpg 300w\" sizes=\"(max-width: 599px) 100vw, 599px\" \/><\/a><\/p>\n<p>&nbsp;<\/p>\n<p><strong>Acompanhe tamb\u00e9m o SE Not\u00edcias no<\/strong><span class=\"apple-converted-space\"><b>\u00a0<\/b><\/span><a href=\"https:\/\/twitter.com\/Senoticias\" target=\"_blank\" rel=\"noopener\"><b>Twitter<\/b><\/a><strong>,<\/strong><span class=\"apple-converted-space\"><b>\u00a0<\/b><\/span><a href=\"https:\/\/www.facebook.com\/senoticias1\" target=\"_blank\" rel=\"noopener\"><b>Facebook<\/b><span class=\"apple-converted-space\"><b>\u00a0<\/b><\/span><\/a><strong>e no<\/strong><span class=\"apple-converted-space\"><b>\u00a0<\/b><\/span><a href=\"https:\/\/www.instagram.com\/senoticias\/\" target=\"_blank\" rel=\"noopener\"><b>Instagram<\/b><\/a><\/p>\n","protected":false},"excerpt":{"rendered":"<p>Por J\u00e9ssica Fran\u00e7a* Um homem foi preso na Avenida Senador J\u00falio Cesar Leite, no bairro Aeroporto, em Aracaju, ap\u00f3s o carro em que estava capotar durante uma persegui\u00e7\u00e3o policial. De acordo com 1\u00ba Batalh\u00e3o de Pol\u00edcia Comunit\u00e1ria (1\u00ba BPCom), ele e mais dois comparsas, que conseguiram fugir, s\u00e3o suspeitos de praticar assaltos na regi\u00e3o. A [&hellip;]<\/p>\n","protected":false},"author":6552,"featured_media":110977,"comment_status":"closed","ping_status":"closed","sticky":false,"template":"","format":"standard","meta":{"footnotes":""},"categories":[15,7],"tags":[8792,8791],"class_list":{"0":"post-110976","1":"post","2":"type-post","3":"status-publish","4":"format-standard","5":"has-post-thumbnail","7":"category-destaques","8":"category-policia","9":"tag-bairro-aeroporto","10":"tag-capotou-carro"},"_links":{"self":[{"href":"https:\/\/senoticias.com.br\/se\/wp-json\/wp\/v2\/posts\/110976"}],"collection":[{"href":"https:\/\/senoticias.com.br\/se\/wp-json\/wp\/v2\/posts"}],"about":[{"href":"https:\/\/senoticias.com.br\/se\/wp-json\/wp\/v2\/types\/post"}],"author":[{"embeddable":true,"href":"https:\/\/senoticias.com.br\/se\/wp-json\/wp\/v2\/users\/6552"}],"replies":[{"embeddable":true,"href":"https:\/\/senoticias.com.br\/se\/wp-json\/wp\/v2\/comments?post=110976"}],"version-history":[{"count":0,"href":"https:\/\/senoticias.com.br\/se\/wp-json\/wp\/v2\/posts\/110976\/revisions"}],"wp:featuredmedia":[{"embeddable":true,"href":"https:\/\/senoticias.com.br\/se\/wp-json\/wp\/v2\/media\/110977"}],"wp:attachment":[{"href":"https:\/\/senoticias.com.br\/se\/wp-json\/wp\/v2\/media?parent=110976"}],"wp:term":[{"taxonomy":"category","embeddable":true,"href":"https:\/\/senoticias.com.br\/se\/wp-json\/wp\/v2\/categories?post=110976"},{"taxonomy":"post_tag","embeddable":true,"href":"https:\/\/senoticias.com.br\/se\/wp-json\/wp\/v2\/tags?post=110976"}],"curies":[{"name":"wp","href":"https:\/\/api.w.org\/{rel}","templated":true}]}}