{"id":110972,"date":"2018-02-21T18:54:58","date_gmt":"2018-02-21T21:54:58","guid":{"rendered":"http:\/\/senoticias.com.br\/se\/?p=110972"},"modified":"2018-02-21T18:54:58","modified_gmt":"2018-02-21T21:54:58","slug":"policia-cumpre-mandados-de-prisao-contra-assaltante-em-estancia","status":"publish","type":"post","link":"https:\/\/senoticias.com.br\/se\/policia-cumpre-mandados-de-prisao-contra-assaltante-em-estancia\/","title":{"rendered":"Pol\u00edcia cumpre mandados de pris\u00e3o contra assaltante em Est\u00e2ncia"},"content":{"rendered":"<p style=\"text-align: justify\">Na tarde de ter\u00e7a-feira, 20, policias civis da Delegacia Regional de Est\u00e2ncia prenderam Edemilson Andrade Silva, conhecido por &#8220;Dad\u00e1&#8221;, de 21 anos, na Rua E, Loteamento Umberto Ralim, em Est\u00e2ncia.<\/p>\n<div id=\"attachment_110973\" style=\"width: 535px\" class=\"wp-caption aligncenter\"><a href=\"http:\/\/senoticias.com.br\/se\/wp-content\/uploads\/2018\/02\/WhatsApp-Image-2018-02-21-at-08.39.52.jpeg\"><img loading=\"lazy\" decoding=\"async\" aria-describedby=\"caption-attachment-110973\" class=\"size-full wp-image-110973\" src=\"http:\/\/senoticias.com.br\/se\/wp-content\/uploads\/2018\/02\/WhatsApp-Image-2018-02-21-at-08.39.52.jpeg\" alt=\"\" width=\"525\" height=\"585\" srcset=\"https:\/\/senoticias.com.br\/se\/wp-content\/uploads\/2018\/02\/WhatsApp-Image-2018-02-21-at-08.39.52.jpeg 525w, https:\/\/senoticias.com.br\/se\/wp-content\/uploads\/2018\/02\/WhatsApp-Image-2018-02-21-at-08.39.52-269x300.jpeg 269w\" sizes=\"(max-width: 525px) 100vw, 525px\" \/><\/a><p id=\"caption-attachment-110973\" class=\"wp-caption-text\">Foto: Divulga\u00e7\u00e3o\/SSP\/SE<\/p><\/div>\n<p style=\"text-align: justify\">Contra Edemilson existiam dois mandados de pris\u00e3o em aberto, ambos por roubo, cometidos na cidade de Itaporanga D&#8217;Ajuda. No momento da abordagem, foi encontrada com ele uma muni\u00e7\u00e3o de calibre .38, al\u00e9m de pino de coca\u00edna.<\/p>\n<p style=\"text-align: justify\">O individuou tamb\u00e9m \u00e9 suspeito da pr\u00e1tica de um homic\u00eddio cometido contra Marcos Santana Santos, cujo corpo foi encontrado carbonizado no Povoado Rio Fundo I, Est\u00e2ncia, no dia 06 de janeiro de 2017.<\/p>\n<p style=\"text-align: justify\">O mesmo ser\u00e1 conduzido \u00e0 capital sergipana onde ficar\u00e1 \u00e0 disposi\u00e7\u00e3o do Poder Judici\u00e1rio.<\/p>\n<p style=\"text-align: justify\">\n<strong>Da SSP\/SE.<\/strong><\/p>\n<p><strong>Acompanhe tamb\u00e9m o SE Not\u00edcias no<\/strong>\u00a0<a href=\"https:\/\/twitter.com\/Senoticias\">Twitter<\/a><strong>,<\/strong>\u00a0<a href=\"https:\/\/www.facebook.com\/senoticias1\">Facebook\u00a0<\/a><strong>e no<\/strong>\u00a0<a href=\"https:\/\/www.instagram.com\/senoticias\/\">Instagram<\/a><strong>.<\/strong><\/p>\n<p><a href=\"http:\/\/senoticias.com.br\/se\/wp-content\/uploads\/2018\/02\/Logomarca-fone-SE-4-2.jpg\"><img loading=\"lazy\" decoding=\"async\" class=\"aligncenter size-full wp-image-110759\" src=\"http:\/\/senoticias.com.br\/se\/wp-content\/uploads\/2018\/02\/Logomarca-fone-SE-4-2.jpg\" alt=\"\" width=\"599\" height=\"78\" srcset=\"https:\/\/senoticias.com.br\/se\/wp-content\/uploads\/2018\/02\/Logomarca-fone-SE-4-2.jpg 599w, https:\/\/senoticias.com.br\/se\/wp-content\/uploads\/2018\/02\/Logomarca-fone-SE-4-2-300x39.jpg 300w\" sizes=\"(max-width: 599px) 100vw, 599px\" \/><\/a><\/p>\n","protected":false},"excerpt":{"rendered":"<p>Na tarde de ter\u00e7a-feira, 20, policias civis da Delegacia Regional de Est\u00e2ncia prenderam Edemilson Andrade Silva, conhecido por &#8220;Dad\u00e1&#8221;, de 21 anos, na Rua E, Loteamento Umberto Ralim, em Est\u00e2ncia. Contra Edemilson existiam dois mandados de pris\u00e3o em aberto, ambos por roubo, cometidos na cidade de Itaporanga D&#8217;Ajuda. No momento da abordagem, foi encontrada com [&hellip;]<\/p>\n","protected":false},"author":6554,"featured_media":110973,"comment_status":"closed","ping_status":"closed","sticky":false,"template":"","format":"standard","meta":{"footnotes":""},"categories":[7],"tags":[8789,2130,8790,8788],"class_list":{"0":"post-110972","1":"post","2":"type-post","3":"status-publish","4":"format-standard","5":"has-post-thumbnail","7":"category-policia","8":"tag-dada","9":"tag-itaporanga","10":"tag-minante","11":"tag-policia-cumpre-mandados-de-prisao-contra-assaltante-em-estancia"},"_links":{"self":[{"href":"https:\/\/senoticias.com.br\/se\/wp-json\/wp\/v2\/posts\/110972"}],"collection":[{"href":"https:\/\/senoticias.com.br\/se\/wp-json\/wp\/v2\/posts"}],"about":[{"href":"https:\/\/senoticias.com.br\/se\/wp-json\/wp\/v2\/types\/post"}],"author":[{"embeddable":true,"href":"https:\/\/senoticias.com.br\/se\/wp-json\/wp\/v2\/users\/6554"}],"replies":[{"embeddable":true,"href":"https:\/\/senoticias.com.br\/se\/wp-json\/wp\/v2\/comments?post=110972"}],"version-history":[{"count":0,"href":"https:\/\/senoticias.com.br\/se\/wp-json\/wp\/v2\/posts\/110972\/revisions"}],"wp:featuredmedia":[{"embeddable":true,"href":"https:\/\/senoticias.com.br\/se\/wp-json\/wp\/v2\/media\/110973"}],"wp:attachment":[{"href":"https:\/\/senoticias.com.br\/se\/wp-json\/wp\/v2\/media?parent=110972"}],"wp:term":[{"taxonomy":"category","embeddable":true,"href":"https:\/\/senoticias.com.br\/se\/wp-json\/wp\/v2\/categories?post=110972"},{"taxonomy":"post_tag","embeddable":true,"href":"https:\/\/senoticias.com.br\/se\/wp-json\/wp\/v2\/tags?post=110972"}],"curies":[{"name":"wp","href":"https:\/\/api.w.org\/{rel}","templated":true}]}}