{"id":110964,"date":"2018-02-21T17:41:31","date_gmt":"2018-02-21T20:41:31","guid":{"rendered":"http:\/\/senoticias.com.br\/se\/?p=110964"},"modified":"2018-02-22T08:36:20","modified_gmt":"2018-02-22T11:36:20","slug":"sergipe-vai-cumprir-determinacao-do-stf-sobre-habeas-corpus-para-detentas-gravidas","status":"publish","type":"post","link":"https:\/\/senoticias.com.br\/se\/sergipe-vai-cumprir-determinacao-do-stf-sobre-habeas-corpus-para-detentas-gravidas\/","title":{"rendered":"Em Sergipe, 122 detentas dever\u00e3o ir para casa por determina\u00e7\u00e3o do STF"},"content":{"rendered":"<p style=\"text-align: justify;\">A Secretaria de Justi\u00e7a e Defesa do Consumidor (Sejuc) aguarda as notifica\u00e7\u00f5es Tribunal de Justi\u00e7a de Sergipe (TJ\/SE) a respeito da decis\u00e3o da Segunda Turma do Supremo Tribunal Federal em conceder habeas corpus coletivo para as mulheres presas, em todo territ\u00f3rio nacional, que sejam gestantes ou m\u00e3es de crian\u00e7as de at\u00e9 12 anos ou de pessoas com defici\u00eancia. A vota\u00e7\u00e3o ocorreu na sess\u00e3o da ter\u00e7a-feira \u00e0 noite. As mulheres presas em Sergipe, sejam provis\u00f3rias ou condenadas, est\u00e3o custodiadas no Pres\u00eddio Feminino (Prefem), em Nossa Senhora do Socorro.<\/p>\n<div id=\"attachment_110970\" style=\"width: 608px\" class=\"wp-caption aligncenter\"><a href=\"http:\/\/senoticias.com.br\/se\/wp-content\/uploads\/2018\/02\/presidio-feminino-em-sergipe_21102015.jpg.JPG-SE-Noticias-e1519245626164.jpg\"><img loading=\"lazy\" decoding=\"async\" aria-describedby=\"caption-attachment-110970\" class=\"wp-image-110970 size-full\" src=\"http:\/\/senoticias.com.br\/se\/wp-content\/uploads\/2018\/02\/presidio-feminino-em-sergipe_21102015.jpg.JPG-SE-Noticias-e1519245626164.jpg\" alt=\"\" width=\"598\" height=\"397\" \/><\/a><p id=\"caption-attachment-110970\" class=\"wp-caption-text\">Pres\u00eddio Feminino de Nossa Senhora do Socorro (foto: arquivo\/Sejuc)<\/p><\/div>\n<p style=\"text-align: justify;\">O secret\u00e1rio de Justi\u00e7a, Cristiano Barreto, explica que a decis\u00e3o dos ministros do STF fixa prazo para os Tribunais de Justi\u00e7a especificarem quais as mulheres dever\u00e3o ser liberadas, pois o habeas corpus afirma que \u201cos casos excepcionais dever\u00e3o ser devidamente justificados\u201d. \u201cCabe-nos somente cumprir o que for determinado pelo TJ\u201d, refor\u00e7ou Cristiano.<\/p>\n<p style=\"text-align: justify;\">Das 239 mulheres internas no Pres\u00eddio Feminino, 107 delas t\u00eam filhos com at\u00e9 12 anos de idade, e cinco com crian\u00e7as que t\u00eam necessidades especiais. Nove mulheres \u2013 uma delas sentenciada \u2013 est\u00e3o gr\u00e1vidas e, na \u00faltima segunda-feira, uma foi levada a maternidade em trabalho de parto. A dire\u00e7\u00e3o do Prefem j\u00e1 comunicou essa situa\u00e7\u00e3o \u00e0 Justi\u00e7a. Nos \u00faltimos 30 dias, quatro detentas que tinham beb\u00eas foram liberadas pela Justi\u00e7a.<\/p>\n<p style=\"text-align: justify;\"><strong>Vota\u00e7\u00e3o<\/strong><\/p>\n<p style=\"text-align: justify;\">A substitui\u00e7\u00e3o da pris\u00e3o preventiva para domiciliar para mulheres presas que se encaixem no habeas corpus, recebeu a maioria dos votos, seguindo o voto do relator, ministro Ricardo Lewandowski, sem preju\u00edzo da aplica\u00e7\u00e3o das medidas alternativas previstas no artigo 310 do C\u00f3digo de Processo Penal (CPP).<\/p>\n<p style=\"text-align: justify;\">O relator votou no sentido de conceder a ordem para determinar a substitui\u00e7\u00e3o da pris\u00e3o preventiva pela domiciliar \u2013 sem preju\u00edzo da aplica\u00e7\u00e3o concomitante das medidas alternativas previstas no artigo 319 do CPP \u2013 de todas as mulheres presas, gestantes, pu\u00e9rperas ou m\u00e3es de crian\u00e7as com at\u00e9 12 anos sob sua guarda ou pessoa com defici\u00eancia, listadas no processo pelo Departamento Penitenci\u00e1rio Nacional (Depen) e outras autoridades estaduais, enquanto perdurar tal condi\u00e7\u00e3o, excetuados os casos de crimes praticados por elas mediante viol\u00eancia ou grave amea\u00e7a, contra seus descendentes ou, ainda, em situa\u00e7\u00f5es excepcional\u00edssimas, as quais dever\u00e3o ser devidamente fundamentadas pelo ju\u00edzes que denegarem o benef\u00edcio.<\/p>\n<p><strong>Da ASN.<\/strong><\/p>\n<p><em>Acompanhe tamb\u00e9m o SE Not\u00edcias no\u00a0<a href=\"https:\/\/twitter.com\/Senoticias\">Twitter<\/a>,\u00a0<a href=\"https:\/\/www.facebook.com\/senoticias1\">Facebook\u00a0<\/a>e no\u00a0<a href=\"https:\/\/www.instagram.com\/senoticias\/\">Instagram<\/a><\/em><\/p>\n<p><a href=\"http:\/\/senoticias.com.br\/se\/wp-content\/uploads\/2018\/02\/Logomarca-fone-SE-4-2.jpg\"><img loading=\"lazy\" decoding=\"async\" class=\" wp-image-110759 aligncenter\" src=\"http:\/\/senoticias.com.br\/se\/wp-content\/uploads\/2018\/02\/Logomarca-fone-SE-4-2-300x39.jpg\" alt=\"\" width=\"377\" height=\"48\" srcset=\"https:\/\/senoticias.com.br\/se\/wp-content\/uploads\/2018\/02\/Logomarca-fone-SE-4-2-300x39.jpg 300w, https:\/\/senoticias.com.br\/se\/wp-content\/uploads\/2018\/02\/Logomarca-fone-SE-4-2.jpg 599w\" sizes=\"(max-width: 377px) 100vw, 377px\" \/><\/a><\/p>\n","protected":false},"excerpt":{"rendered":"<p>A Secretaria de Justi\u00e7a e Defesa do Consumidor (Sejuc) aguarda as notifica\u00e7\u00f5es Tribunal de Justi\u00e7a de Sergipe (TJ\/SE) a respeito da decis\u00e3o da Segunda Turma do Supremo Tribunal Federal em conceder habeas corpus coletivo para as mulheres presas, em todo territ\u00f3rio nacional, que sejam gestantes ou m\u00e3es de crian\u00e7as de at\u00e9 12 anos ou de [&hellip;]<\/p>\n","protected":false},"author":6554,"featured_media":110970,"comment_status":"closed","ping_status":"closed","sticky":false,"template":"","format":"standard","meta":{"footnotes":""},"categories":[15,7],"tags":[339,370,2002,448,2799,223,8784,637],"class_list":{"0":"post-110964","1":"post","2":"type-post","3":"status-publish","4":"format-standard","5":"has-post-thumbnail","7":"category-destaques","8":"category-policia","9":"tag-aracaju","10":"tag-brasil","11":"tag-governo","12":"tag-governo-de-sergipe","13":"tag-justica","14":"tag-sergipe","15":"tag-sergipe-vai-cumprir-determinacao-do-stf-sobre-habeas-corpus-para-detentas-gravidas","16":"tag-temer"},"_links":{"self":[{"href":"https:\/\/senoticias.com.br\/se\/wp-json\/wp\/v2\/posts\/110964"}],"collection":[{"href":"https:\/\/senoticias.com.br\/se\/wp-json\/wp\/v2\/posts"}],"about":[{"href":"https:\/\/senoticias.com.br\/se\/wp-json\/wp\/v2\/types\/post"}],"author":[{"embeddable":true,"href":"https:\/\/senoticias.com.br\/se\/wp-json\/wp\/v2\/users\/6554"}],"replies":[{"embeddable":true,"href":"https:\/\/senoticias.com.br\/se\/wp-json\/wp\/v2\/comments?post=110964"}],"version-history":[{"count":0,"href":"https:\/\/senoticias.com.br\/se\/wp-json\/wp\/v2\/posts\/110964\/revisions"}],"wp:featuredmedia":[{"embeddable":true,"href":"https:\/\/senoticias.com.br\/se\/wp-json\/wp\/v2\/media\/110970"}],"wp:attachment":[{"href":"https:\/\/senoticias.com.br\/se\/wp-json\/wp\/v2\/media?parent=110964"}],"wp:term":[{"taxonomy":"category","embeddable":true,"href":"https:\/\/senoticias.com.br\/se\/wp-json\/wp\/v2\/categories?post=110964"},{"taxonomy":"post_tag","embeddable":true,"href":"https:\/\/senoticias.com.br\/se\/wp-json\/wp\/v2\/tags?post=110964"}],"curies":[{"name":"wp","href":"https:\/\/api.w.org\/{rel}","templated":true}]}}