{"id":110963,"date":"2018-02-21T17:52:17","date_gmt":"2018-02-21T20:52:17","guid":{"rendered":"http:\/\/senoticias.com.br\/se\/?p=110963"},"modified":"2018-02-21T17:52:48","modified_gmt":"2018-02-21T20:52:48","slug":"governo-revoga-nomeacao-da-esposa-do-deputado-estadual-robson-viana","status":"publish","type":"post","link":"https:\/\/senoticias.com.br\/se\/governo-revoga-nomeacao-da-esposa-do-deputado-estadual-robson-viana\/","title":{"rendered":"Governo revoga nomea\u00e7\u00e3o da esposa do deputado estadual Robson Viana"},"content":{"rendered":"<p style=\"text-align: justify;\">Na tarde desta quarta-feira (21), o secret\u00e1rio de comunica\u00e7\u00e3o do Governo de Sergipe, jornalista Sales Neto, informou que o decreto que nomeou M\u00e9rcia Luci Farias Barreto Viana, esposa do deputado estadual Robson Viana (PEN) para a Secretaria de Estado da Cultura foi revogado.<\/p>\n<div id=\"attachment_76849\" style=\"width: 604px\" class=\"wp-caption aligncenter\"><a href=\"http:\/\/senoticias.com.br\/se\/wp-content\/uploads\/2015\/03\/Robson_Viana.jpg\"><img loading=\"lazy\" decoding=\"async\" aria-describedby=\"caption-attachment-76849\" class=\"size-full wp-image-76849\" src=\"http:\/\/senoticias.com.br\/se\/wp-content\/uploads\/2015\/03\/Robson_Viana.jpg\" alt=\"\" width=\"594\" height=\"393\" srcset=\"https:\/\/senoticias.com.br\/se\/wp-content\/uploads\/2015\/03\/Robson_Viana.jpg 594w, https:\/\/senoticias.com.br\/se\/wp-content\/uploads\/2015\/03\/Robson_Viana-300x198.jpg 300w, https:\/\/senoticias.com.br\/se\/wp-content\/uploads\/2015\/03\/Robson_Viana-342x226.jpg 342w\" sizes=\"(max-width: 594px) 100vw, 594px\" \/><\/a><p id=\"caption-attachment-76849\" class=\"wp-caption-text\">Nomea\u00e7\u00e3o da esposa de Robson Viana foi revogada ( foto: arquivo\/Ag\u00eancia Alese)<\/p><\/div>\n<p style=\"text-align: justify;\">O decreto foi publicado no Di\u00e1rio Oficial de Sergipe na \u00faltima segunda-feira (19). Segundo o Portal da Transpar\u00eancia, at\u00e9 o fim do ano passado ela estava lotada na Funda\u00e7\u00e3o Estadual da Sa\u00fade, onde tinha entrado no m\u00eas de julho.<\/p>\n<p><a href=\"http:\/\/senoticias.com.br\/se\/wp-content\/uploads\/2018\/02\/Logomarca-fone-SE-4-2.jpg\"><img loading=\"lazy\" decoding=\"async\" class=\"aligncenter size-full wp-image-110759\" src=\"http:\/\/senoticias.com.br\/se\/wp-content\/uploads\/2018\/02\/Logomarca-fone-SE-4-2.jpg\" alt=\"\" width=\"599\" height=\"78\" srcset=\"https:\/\/senoticias.com.br\/se\/wp-content\/uploads\/2018\/02\/Logomarca-fone-SE-4-2.jpg 599w, https:\/\/senoticias.com.br\/se\/wp-content\/uploads\/2018\/02\/Logomarca-fone-SE-4-2-300x39.jpg 300w\" sizes=\"(max-width: 599px) 100vw, 599px\" \/><\/a><\/p>\n<p>&nbsp;<\/p>\n<p><strong>Acompanhe tamb\u00e9m o SE Not\u00edci<a href=\"https:\/\/g1.globo.com\/se\/sergipe\/noticia\/suspeitos-morrem-em-confronto-com-a-policia.ghtml\">as no<\/a><\/strong><span class=\"apple-converted-space\"><b>\u00a0<\/b><\/span><a href=\"https:\/\/twitter.com\/Senoticias\" target=\"_blank\" rel=\"noopener\"><b>Twitter<\/b><\/a><strong>,<\/strong><span class=\"apple-converted-space\"><b>\u00a0<\/b><\/span><a href=\"https:\/\/www.facebook.com\/senoticias1\" target=\"_blank\" rel=\"noopener\"><b>Facebook<\/b><span class=\"apple-converted-space\"><b>\u00a0<\/b><\/span><\/a><strong>e no<\/strong><span class=\"apple-converted-space\"><b>\u00a0<\/b><\/span><a href=\"https:\/\/www.instagram.com\/senoticias\/\" target=\"_blank\" rel=\"noopener\"><b>Instagram<\/b><\/a><\/p>\n<p>&nbsp;<\/p>\n<p><em>Com informa\u00e7\u00f5es do <a href=\"https:\/\/g1.globo.com\/se\/sergipe\/noticia\/governo-revoga-nomeacao-da-esposa-do-deputado-estadual-robson-viana.ghtml\"><strong>G1<\/strong> <\/a>SE<\/em><\/p>\n","protected":false},"excerpt":{"rendered":"<p>Na tarde desta quarta-feira (21), o secret\u00e1rio de comunica\u00e7\u00e3o do Governo de Sergipe, jornalista Sales Neto, informou que o decreto que nomeou M\u00e9rcia Luci Farias Barreto Viana, esposa do deputado estadual Robson Viana (PEN) para a Secretaria de Estado da Cultura foi revogado. O decreto foi publicado no Di\u00e1rio Oficial de Sergipe na \u00faltima segunda-feira [&hellip;]<\/p>\n","protected":false},"author":6552,"featured_media":76849,"comment_status":"closed","ping_status":"closed","sticky":false,"template":"","format":"standard","meta":{"footnotes":""},"categories":[15,6],"tags":[8786,8787,8785],"class_list":{"0":"post-110963","1":"post","2":"type-post","3":"status-publish","4":"format-standard","5":"has-post-thumbnail","7":"category-destaques","8":"category-politica","9":"tag-deputado-robson-viana","10":"tag-mercia-luci-farias-barreto-viana","11":"tag-robson-viana"},"_links":{"self":[{"href":"https:\/\/senoticias.com.br\/se\/wp-json\/wp\/v2\/posts\/110963"}],"collection":[{"href":"https:\/\/senoticias.com.br\/se\/wp-json\/wp\/v2\/posts"}],"about":[{"href":"https:\/\/senoticias.com.br\/se\/wp-json\/wp\/v2\/types\/post"}],"author":[{"embeddable":true,"href":"https:\/\/senoticias.com.br\/se\/wp-json\/wp\/v2\/users\/6552"}],"replies":[{"embeddable":true,"href":"https:\/\/senoticias.com.br\/se\/wp-json\/wp\/v2\/comments?post=110963"}],"version-history":[{"count":0,"href":"https:\/\/senoticias.com.br\/se\/wp-json\/wp\/v2\/posts\/110963\/revisions"}],"wp:featuredmedia":[{"embeddable":true,"href":"https:\/\/senoticias.com.br\/se\/wp-json\/wp\/v2\/media\/76849"}],"wp:attachment":[{"href":"https:\/\/senoticias.com.br\/se\/wp-json\/wp\/v2\/media?parent=110963"}],"wp:term":[{"taxonomy":"category","embeddable":true,"href":"https:\/\/senoticias.com.br\/se\/wp-json\/wp\/v2\/categories?post=110963"},{"taxonomy":"post_tag","embeddable":true,"href":"https:\/\/senoticias.com.br\/se\/wp-json\/wp\/v2\/tags?post=110963"}],"curies":[{"name":"wp","href":"https:\/\/api.w.org\/{rel}","templated":true}]}}