{"id":110954,"date":"2018-02-21T11:21:32","date_gmt":"2018-02-21T14:21:32","guid":{"rendered":"http:\/\/senoticias.com.br\/se\/?p=110954"},"modified":"2018-02-21T11:24:14","modified_gmt":"2018-02-21T14:24:14","slug":"em-sergipe-oab-e-mpf-promovem-audiencia-publica-sobre-violencia-de-genero-no-meio-academico","status":"publish","type":"post","link":"https:\/\/senoticias.com.br\/se\/em-sergipe-oab-e-mpf-promovem-audiencia-publica-sobre-violencia-de-genero-no-meio-academico\/","title":{"rendered":"Em Sergipe, OAB e MPF promovem audi\u00eancia p\u00fablica sobre viol\u00eancia de g\u00eanero no meio acad\u00eamico"},"content":{"rendered":"<p style=\"text-align: justify;\">O Minist\u00e9rio P\u00fablico Federal em Sergipe (MPF\/SE) e a Ordem dos Advogados do Brasil Seccional Sergipe (OAB\/SE) promovem audi\u00eancia p\u00fablica com o tema \u201cViol\u00eancia de g\u00eanero no meio acad\u00eamico: ass\u00e9dio sexual, preven\u00e7\u00e3o e enfrentamento\u201d. O evento ser\u00e1 no dia 26 de fevereiro, \u00e0s 8h, no audit\u00f3rio da Caixa de Assist\u00eancia ao Advogado (CAA\/SE), localizado na\u00a0<a href=\"https:\/\/maps.google.com\/?q=Travessa+Martinho+Garcez,+n%C2%BA+71,+Centro,+Aracaju-SE&amp;entry=gmail&amp;source=g\">Travessa Martinho Garcez, n<\/a>\u00ba\u00a0<a href=\"https:\/\/maps.google.com\/?q=Travessa+Martinho+Garcez,+n%C2%BA+71,+Centro,+Aracaju-SE&amp;entry=gmail&amp;source=g\">71, Centro, Aracaju-SE<\/a>.<\/p>\n<div id=\"attachment_110955\" style=\"width: 609px\" class=\"wp-caption aligncenter\"><a href=\"http:\/\/senoticias.com.br\/se\/wp-content\/uploads\/2018\/02\/WhatsApp-Image-2018-02-08-at-12.13.54-1.jpeg\"><img loading=\"lazy\" decoding=\"async\" aria-describedby=\"caption-attachment-110955\" class=\"size-full wp-image-110955\" src=\"http:\/\/senoticias.com.br\/se\/wp-content\/uploads\/2018\/02\/WhatsApp-Image-2018-02-08-at-12.13.54-1-e1519222709155.jpeg\" alt=\"\" width=\"599\" height=\"454\" \/><\/a><p id=\"caption-attachment-110955\" class=\"wp-caption-text\">OAB e MPF promovem audi\u00eancia p\u00fablica sobre viol\u00eancia de g\u00eanero no meio acad\u00eamico (foto arte: OAB\/SE)<\/p><\/div>\n<p style=\"text-align: justify;\">A programa\u00e7\u00e3o conta com palestra da promotora de Justi\u00e7a do Minist\u00e9rio P\u00fablico do Estado da Bahia L\u00edvia Vaz. Na audi\u00eancia, ela vai explicar o que pode ser configurado como ass\u00e9dio sexual. Tamb\u00e9m deve apresentar casos concretos e falar sobre a responsabiliza\u00e7\u00e3o de agressores e de institui\u00e7\u00f5es de ensino.<\/p>\n<p style=\"text-align: justify;\">Est\u00e3o convidados a participar representantes de institui\u00e7\u00f5es de ensino superior, profissionais da educa\u00e7\u00e3o, acad\u00eamicos e demais interessados no tema. \u201cAs institui\u00e7\u00f5es de ensino precisam estar preparadas para tratar de forma adequada desse assunto t\u00e3o relevante. H\u00e1 um cen\u00e1rio discriminat\u00f3rio e preconceituoso que deve ser superado\u201d, salienta o procurador regional dos direitos do cidad\u00e3o, Ramiro Rockenbach.<\/p>\n<p style=\"text-align: justify;\">\u201c\u00c9 importante ampliar a discuss\u00e3o do tema entre a sociedade e as institui\u00e7\u00f5es de ensino superior para buscarmos formas de enfrentar a quest\u00e3o, seja por pol\u00edticas de preven\u00e7\u00e3o, seja pela implanta\u00e7\u00e3o de canais de atendimento \u00e0s v\u00edtimas, com a consequente e necess\u00e1ria apura\u00e7\u00e3o dos casos denunciados\u201d, ressaltou a presidente da Comiss\u00e3o de Defesa dos Direitos da Mulher da OAB\/SE, Valdilene Martins.<\/p>\n<p style=\"text-align: justify;\"><strong>Equidade de G\u00eanero<\/strong> \u2013 Em 2014, o MPF aderiu ao Programa Pr\u00f3-Equidade de G\u00eanero e Ra\u00e7a, da Secretaria de Pol\u00edtica para as Mulheres da Presid\u00eancia da Rep\u00fablica. Com a ades\u00e3o, o \u00f3rg\u00e3o se comprometeu em valorizar e fortalecer o compromisso institucional com pr\u00e1ticas que promovam a igualdade de g\u00eanero e de ra\u00e7a.<\/p>\n<p style=\"text-align: justify;\">Em Sergipe, o MPF instaurou inqu\u00e9rito para acompanhar medidas implementadas por institui\u00e7\u00f5es de ensino superior para promo\u00e7\u00e3o da igualdade de g\u00eanero e ra\u00e7a. A audi\u00eancia p\u00fablica faz parte das a\u00e7\u00f5es de acompanhamento.<\/p>\n<p>&nbsp;<\/p>\n<p><a href=\"http:\/\/senoticias.com.br\/se\/wp-content\/uploads\/2018\/02\/Logomarca-fone-SE-4-2.jpg\"><img loading=\"lazy\" decoding=\"async\" class=\"aligncenter size-full wp-image-110759\" src=\"http:\/\/senoticias.com.br\/se\/wp-content\/uploads\/2018\/02\/Logomarca-fone-SE-4-2.jpg\" alt=\"\" width=\"599\" height=\"78\" srcset=\"https:\/\/senoticias.com.br\/se\/wp-content\/uploads\/2018\/02\/Logomarca-fone-SE-4-2.jpg 599w, https:\/\/senoticias.com.br\/se\/wp-content\/uploads\/2018\/02\/Logomarca-fone-SE-4-2-300x39.jpg 300w\" sizes=\"(max-width: 599px) 100vw, 599px\" \/><\/a><\/p>\n<p>&nbsp;<\/p>\n<p><strong>Acompanhe tamb\u00e9m o SE Not\u00edcias no<\/strong><span class=\"apple-converted-space\"><b>\u00a0<\/b><\/span><a href=\"https:\/\/twitter.com\/Senoticias\" target=\"_blank\" rel=\"noopener\"><b>Twitter<\/b><\/a><strong>,<\/strong><span class=\"apple-converted-space\"><b>\u00a0<\/b><\/span><a href=\"https:\/\/www.facebook.com\/senoticias1\" target=\"_blank\" rel=\"noopener\"><b>Facebook<\/b><span class=\"apple-converted-space\"><b>\u00a0<\/b><\/span><\/a><strong>e no<\/strong><span class=\"apple-converted-space\"><b>\u00a0<\/b><\/span><a href=\"https:\/\/www.instagram.com\/senoticias\/\" target=\"_blank\" rel=\"noopener\"><b>Instagram<\/b><\/a><\/p>\n<p>&nbsp;<\/p>\n<p><em>Da Assessoria de Imprensa\/OAB\/SE<\/em><\/p>\n","protected":false},"excerpt":{"rendered":"<p>O Minist\u00e9rio P\u00fablico Federal em Sergipe (MPF\/SE) e a Ordem dos Advogados do Brasil Seccional Sergipe (OAB\/SE) promovem audi\u00eancia p\u00fablica com o tema \u201cViol\u00eancia de g\u00eanero no meio acad\u00eamico: ass\u00e9dio sexual, preven\u00e7\u00e3o e enfrentamento\u201d. O evento ser\u00e1 no dia 26 de fevereiro, \u00e0s 8h, no audit\u00f3rio da Caixa de Assist\u00eancia ao Advogado (CAA\/SE), localizado na\u00a0Travessa [&hellip;]<\/p>\n","protected":false},"author":6552,"featured_media":110955,"comment_status":"closed","ping_status":"closed","sticky":false,"template":"","format":"standard","meta":{"footnotes":""},"categories":[15],"tags":[8148,8775,8776,8778,8777],"class_list":{"0":"post-110954","1":"post","2":"type-post","3":"status-publish","4":"format-standard","5":"has-post-thumbnail","7":"category-destaques","8":"tag-assedio-sexual","9":"tag-defesa-dos-direitos-da-mulher-da-oab","10":"tag-ramiro-rockenbach","11":"tag-valdilene-martins","12":"tag-violencia-de-genero-no-meio-academico"},"_links":{"self":[{"href":"https:\/\/senoticias.com.br\/se\/wp-json\/wp\/v2\/posts\/110954"}],"collection":[{"href":"https:\/\/senoticias.com.br\/se\/wp-json\/wp\/v2\/posts"}],"about":[{"href":"https:\/\/senoticias.com.br\/se\/wp-json\/wp\/v2\/types\/post"}],"author":[{"embeddable":true,"href":"https:\/\/senoticias.com.br\/se\/wp-json\/wp\/v2\/users\/6552"}],"replies":[{"embeddable":true,"href":"https:\/\/senoticias.com.br\/se\/wp-json\/wp\/v2\/comments?post=110954"}],"version-history":[{"count":0,"href":"https:\/\/senoticias.com.br\/se\/wp-json\/wp\/v2\/posts\/110954\/revisions"}],"wp:featuredmedia":[{"embeddable":true,"href":"https:\/\/senoticias.com.br\/se\/wp-json\/wp\/v2\/media\/110955"}],"wp:attachment":[{"href":"https:\/\/senoticias.com.br\/se\/wp-json\/wp\/v2\/media?parent=110954"}],"wp:term":[{"taxonomy":"category","embeddable":true,"href":"https:\/\/senoticias.com.br\/se\/wp-json\/wp\/v2\/categories?post=110954"},{"taxonomy":"post_tag","embeddable":true,"href":"https:\/\/senoticias.com.br\/se\/wp-json\/wp\/v2\/tags?post=110954"}],"curies":[{"name":"wp","href":"https:\/\/api.w.org\/{rel}","templated":true}]}}