{"id":110916,"date":"2018-02-20T08:17:59","date_gmt":"2018-02-20T11:17:59","guid":{"rendered":"http:\/\/senoticias.com.br\/se\/?p=110916"},"modified":"2018-02-20T08:18:43","modified_gmt":"2018-02-20T11:18:43","slug":"comerciante-e-assassinado-dentro-do-proprio-estabelecimento-comercial","status":"publish","type":"post","link":"https:\/\/senoticias.com.br\/se\/comerciante-e-assassinado-dentro-do-proprio-estabelecimento-comercial\/","title":{"rendered":"Em Malhador, comerciante \u00e9 assassinado dentro do pr\u00f3prio estabelecimento comercial"},"content":{"rendered":"<p>Um comerciante identificado como Jos\u00e9 Menezes de Lima, de 39 anos, foi assassinado a tiros dentro do pr\u00f3prio estabelecimento comercial. O caso foi registrado na noite dessa segunda-feira, 19, no munic\u00edpio de Malhador (SE). A v\u00edtima chegou a ser socorrida e levada ao Hospital Regional de Itabaiana (SE), mas n\u00e3o resistiu aos ferimentos.<\/p>\n<div id=\"attachment_108951\" style=\"width: 609px\" class=\"wp-caption aligncenter\"><a href=\"http:\/\/senoticias.com.br\/se\/wp-content\/uploads\/2017\/12\/iml-SENOTICIAS.jpeg\"><img loading=\"lazy\" decoding=\"async\" aria-describedby=\"caption-attachment-108951\" class=\"size-full wp-image-108951\" src=\"http:\/\/senoticias.com.br\/se\/wp-content\/uploads\/2017\/12\/iml-SENOTICIAS.jpeg\" alt=\"\" width=\"599\" height=\"399\" srcset=\"https:\/\/senoticias.com.br\/se\/wp-content\/uploads\/2017\/12\/iml-SENOTICIAS.jpeg 599w, https:\/\/senoticias.com.br\/se\/wp-content\/uploads\/2017\/12\/iml-SENOTICIAS-300x200.jpeg 300w, https:\/\/senoticias.com.br\/se\/wp-content\/uploads\/2017\/12\/iml-SENOTICIAS-90x60.jpeg 90w, https:\/\/senoticias.com.br\/se\/wp-content\/uploads\/2017\/12\/iml-SENOTICIAS-180x120.jpeg 180w, https:\/\/senoticias.com.br\/se\/wp-content\/uploads\/2017\/12\/iml-SENOTICIAS-95x64.jpeg 95w\" sizes=\"(max-width: 599px) 100vw, 599px\" \/><\/a><p id=\"caption-attachment-108951\" class=\"wp-caption-text\">O corpo de Jos\u00e9 Menezes\u00a0 foi encaminhado ao IML (foto: arquivo\/M\u00e1rcio Garcez)<\/p><\/div>\n<p>De acordo com o irm\u00e3o da v\u00edtima, que n\u00e3o ser\u00e1 identificado, ningu\u00e9m tem ainda muita informa\u00e7\u00e3o sobre o que aconteceu. \u201cA esposa dele estava no banheiro e ele estava sozinho no mercadinho, quando chegaram e atiraram nas costas dele, \u00e9 s\u00f3 o que sabemos\u201d, informou.<\/p>\n<p>O corpo de Jos\u00e9 Menezes, foi encaminhado ao Instituto M\u00e9dico Legal (IML) em Aracaju, onde permanecia at\u00e9 as primeiras horas dessa ter\u00e7a-feira, 20. O vel\u00f3rio e sepultamento ir\u00e3o acontecer no Povoado Saco Torto, no munic\u00edpio de Malhador.<\/p>\n<p>&nbsp;<\/p>\n<p><a href=\"http:\/\/senoticias.com.br\/se\/wp-content\/uploads\/2018\/02\/Logomarca-fone-SE-4-2.jpg\"><img loading=\"lazy\" decoding=\"async\" class=\"aligncenter size-full wp-image-110759\" src=\"http:\/\/senoticias.com.br\/se\/wp-content\/uploads\/2018\/02\/Logomarca-fone-SE-4-2.jpg\" alt=\"\" width=\"599\" height=\"78\" srcset=\"https:\/\/senoticias.com.br\/se\/wp-content\/uploads\/2018\/02\/Logomarca-fone-SE-4-2.jpg 599w, https:\/\/senoticias.com.br\/se\/wp-content\/uploads\/2018\/02\/Logomarca-fone-SE-4-2-300x39.jpg 300w\" sizes=\"(max-width: 599px) 100vw, 599px\" \/><\/a><\/p>\n<p>&nbsp;<\/p>\n<p>&nbsp;<\/p>\n<p><strong>Acompanhe tamb\u00e9m o SE Not\u00edcias no<\/strong><span class=\"apple-converted-space\"><b>\u00a0<\/b><\/span><a href=\"https:\/\/twitter.com\/Senoticias\" target=\"_blank\" rel=\"noopener\"><b>Twitter<\/b><\/a><strong>,<\/strong><span class=\"apple-converted-space\"><b>\u00a0<\/b><\/span><a href=\"https:\/\/www.facebook.com\/senoticias1\" target=\"_blank\" rel=\"noopener\"><b>Facebook<\/b><span class=\"apple-converted-space\"><b>\u00a0<\/b><\/span><\/a><strong>e no<\/strong><span class=\"apple-converted-space\"><b>\u00a0<\/b><\/span><a href=\"https:\/\/www.instagram.com\/senoticias\/\" target=\"_blank\" rel=\"noopener\"><b>Instagram<\/b><\/a><\/p>\n<p>&nbsp;<\/p>\n<p><em>Com informa\u00e7\u00f5es do <a href=\"http:\/\/fanf1.com.br\/homem-e-assassinado-dentro-do-proprio-estabelecimento-comercial\/\">site<\/a> da FANFM<\/em><\/p>\n","protected":false},"excerpt":{"rendered":"<p>Um comerciante identificado como Jos\u00e9 Menezes de Lima, de 39 anos, foi assassinado a tiros dentro do pr\u00f3prio estabelecimento comercial. O caso foi registrado na noite dessa segunda-feira, 19, no munic\u00edpio de Malhador (SE). A v\u00edtima chegou a ser socorrida e levada ao Hospital Regional de Itabaiana (SE), mas n\u00e3o resistiu aos ferimentos. De acordo [&hellip;]<\/p>\n","protected":false},"author":6552,"featured_media":108951,"comment_status":"closed","ping_status":"closed","sticky":false,"template":"","format":"standard","meta":{"footnotes":""},"categories":[15],"tags":[731,8765],"class_list":{"0":"post-110916","1":"post","2":"type-post","3":"status-publish","4":"format-standard","5":"has-post-thumbnail","7":"category-destaques","8":"tag-malhador","9":"tag-saco-torto"},"_links":{"self":[{"href":"https:\/\/senoticias.com.br\/se\/wp-json\/wp\/v2\/posts\/110916"}],"collection":[{"href":"https:\/\/senoticias.com.br\/se\/wp-json\/wp\/v2\/posts"}],"about":[{"href":"https:\/\/senoticias.com.br\/se\/wp-json\/wp\/v2\/types\/post"}],"author":[{"embeddable":true,"href":"https:\/\/senoticias.com.br\/se\/wp-json\/wp\/v2\/users\/6552"}],"replies":[{"embeddable":true,"href":"https:\/\/senoticias.com.br\/se\/wp-json\/wp\/v2\/comments?post=110916"}],"version-history":[{"count":0,"href":"https:\/\/senoticias.com.br\/se\/wp-json\/wp\/v2\/posts\/110916\/revisions"}],"wp:featuredmedia":[{"embeddable":true,"href":"https:\/\/senoticias.com.br\/se\/wp-json\/wp\/v2\/media\/108951"}],"wp:attachment":[{"href":"https:\/\/senoticias.com.br\/se\/wp-json\/wp\/v2\/media?parent=110916"}],"wp:term":[{"taxonomy":"category","embeddable":true,"href":"https:\/\/senoticias.com.br\/se\/wp-json\/wp\/v2\/categories?post=110916"},{"taxonomy":"post_tag","embeddable":true,"href":"https:\/\/senoticias.com.br\/se\/wp-json\/wp\/v2\/tags?post=110916"}],"curies":[{"name":"wp","href":"https:\/\/api.w.org\/{rel}","templated":true}]}}