{"id":110907,"date":"2018-02-19T20:58:28","date_gmt":"2018-02-19T23:58:28","guid":{"rendered":"http:\/\/senoticias.com.br\/se\/?p=110907"},"modified":"2018-02-19T21:01:47","modified_gmt":"2018-02-20T00:01:47","slug":"universidade-federal-de-sergipe-convoca-195-aprovados-em-concurso-da-ebserh","status":"publish","type":"post","link":"https:\/\/senoticias.com.br\/se\/universidade-federal-de-sergipe-convoca-195-aprovados-em-concurso-da-ebserh\/","title":{"rendered":"Universidade Federal de Sergipe convoca 195 aprovados em concurso da Ebserh"},"content":{"rendered":"<p style=\"text-align: justify;\">Foi publicado nesta segunda-feira, 19, no Di\u00e1rio Oficial da Uni\u00e3o, o chamamento de 195 aprovados no concurso p\u00fablico realizado pela Empresa Brasileira de Servi\u00e7os Hospitalares (Ebserh) para lota\u00e7\u00e3o no Hospital Universit\u00e1rio da Universidade Federal de Sergipe (HU-UFS), em Aracaju.<\/p>\n<div id=\"attachment_110908\" style=\"width: 609px\" class=\"wp-caption aligncenter\"><a href=\"http:\/\/senoticias.com.br\/se\/wp-content\/uploads\/2018\/02\/Angela-Superitendente-do-HU-UFS-SE-NOTICIAS-e1519084567736.jpg\"><img loading=\"lazy\" decoding=\"async\" aria-describedby=\"caption-attachment-110908\" class=\"size-full wp-image-110908\" src=\"http:\/\/senoticias.com.br\/se\/wp-content\/uploads\/2018\/02\/Angela-Superitendente-do-HU-UFS-SE-NOTICIAS-e1519084567736.jpg\" alt=\" Superintendente do HU-UFS, \u00c2ngela Silva\" width=\"599\" height=\"371\" \/><\/a><p id=\"caption-attachment-110908\" class=\"wp-caption-text\"><br \/>Superintendente do HU-UFS, \u00c2ngela Silva (foto: arquivo\/Ebserh)<\/p><\/div>\n<p style=\"text-align: justify;\">Os convocados &#8211; aprovados para as \u00e1reas m\u00e9dica, assistencial e administrativa &#8211; dever\u00e3o comparecer ao HU-UFS na pr\u00f3xima quarta-feira, 21, conforme agendamento enviado por e-mail. Ap\u00f3s a entrega de documentos e realiza\u00e7\u00e3o de exames espec\u00edficos para cada cargo, aqueles que estiverem aptos ter\u00e3o um encontro no Audit\u00f3rio do HU-UFS, destinado ao conhecimento dos hor\u00e1rios de trabalho; assinatura do contrato de trabalho e da Carteira de Trabalho e Previd\u00eancia Social; e atividades de integra\u00e7\u00e3o.<\/p>\n<p style=\"text-align: justify;\">A aus\u00eancia do candidato nas datas e hor\u00e1rios definidos, ou a n\u00e3o apresenta\u00e7\u00e3o de qualquer um dos documentos exigidos para a contrata\u00e7\u00e3o, implicar\u00e1 na exclus\u00e3o do candidato do presente concurso p\u00fablico.<\/p>\n<p><strong>Novos servi\u00e7os<\/strong><\/p>\n<p style=\"text-align: justify;\">Para a superintendente do HU-UFS, Angela Silva, a convoca\u00e7\u00e3o contemplar\u00e1 a abertura de novos servi\u00e7os e reduzir\u00e1 o d\u00e9ficit de pessoal. \u201cO HU-UFS dever\u00e1 ganhar uma for\u00e7a de trabalho de quase 200 pessoas, que ser\u00e3o instaladas, em sua maioria, nos pr\u00e9dios recentemente inaugurados. Esses convocados ajudar\u00e3o a estabelecer novos servi\u00e7os, a exemplo da hemodin\u00e2mica, e atuar\u00e3o tamb\u00e9m na forma\u00e7\u00e3o de equipes cir\u00fargicas\u201d, afirma.<\/p>\n<p style=\"text-align: justify;\">De acordo com ela, em novembro \u00faltimo, foram inaugurados o Anexo Hospitalar, incluindo o Centro de Diagn\u00f3stico e Imagem, e a reforma e amplia\u00e7\u00e3o da Ala Norte do Hospital Universit\u00e1rio da Universidade Federal de Sergipe (HU-UFS). \u201cAp\u00f3s um investimento de cerca de R$ 8 milh\u00f5es por parte do Minist\u00e9rio da Educa\u00e7\u00e3o (MEC), o Anexo Hospitalar, quando estiver devidamente habilitado, com os servi\u00e7os contratualizados e em pleno funcionamento, atender\u00e1 \u00e0s \u00e1reas de Oncologia, Transplantes e Diagn\u00f3sticos\u201d, acrescenta.<\/p>\n<p>J\u00e1 a Ala Norte, que ocupa uma \u00e1rea de 400m\u00b2, est\u00e1 destinada \u00e0 complementa\u00e7\u00e3o diagn\u00f3stica e \u00e0 triagem neonatal.<\/p>\n<p>Neste momento, foram 195 convoca\u00e7\u00f5es. Em seguida, devem ser chamados os demais aprovados dentro do n\u00famero de vagas.<\/p>\n<p><strong>Sobre a Ebserh<\/strong><\/p>\n<p style=\"text-align: justify;\">Desde outubro de 2013, o HU-UFS o faz parte da Rede Ebserh. Estatal vinculada ao Minist\u00e9rio da Educa\u00e7\u00e3o, a Empresa Brasileira de Servi\u00e7os Hospitalares (Ebserh) atua na gest\u00e3o de hospitais universit\u00e1rios federais. O objetivo \u00e9, em parceria com as universidades, aperfei\u00e7oar os servi\u00e7os de atendimento \u00e0 popula\u00e7\u00e3o, por meio do SUS, e promover o ensino e a pesquisa nas unidades filiadas.<\/p>\n<p style=\"text-align: justify;\">A empresa, criada em dezembro de 2011, administra atualmente 40 hospitais e \u00e9 respons\u00e1vel pela gest\u00e3o do Programa Nacional de Reestrutura\u00e7\u00e3o dos Hospitais Universit\u00e1rios Federais (Rehuf), que contempla a\u00e7\u00f5es em todas as unidades existentes no pa\u00eds, incluindo as n\u00e3o filiadas \u00e0 Ebserh.<\/p>\n<p>Confira neste <a href=\"http:\/\/portal.imprensanacional.gov.br\/web\/guest\/consulta?p_p_id=101&amp;p_p_lifecycle=0&amp;p_p_state=maximized&amp;p_p_mode=view&amp;_101_struts_action=%2Fasset_publisher%2Fview_content&amp;_101_returnToFullPageURL=http%3A%2F%2Fportal.imprensanacional.gov.br%2Fweb%2Fguest%2Fconsulta%3Fp_auth%3DrE1V7l3J%26p_p_id%3D3%26p_p_lifecycle%3D1%26p_p_state%3Dnormal%26p_p_state_rcv%3D1&amp;_101_assetEntryId=3583420&amp;_101_type=content&amp;_101_groupId=68942&amp;_101_urlTitle=edital-n-148-de-16-de-fevereiro-de-2018-concurso-publico-n-9-2013-ebserh-hu-ufs-convocacao-de-candidatos-3583416&amp;_101_redirect=http%3A%2F%2Fportal.imprensanacional.gov.br%2Fweb%2Fguest%2Fconsulta%3Fp_p_id%3D3%26p_p_lifecycle%3D0%26p_p_state%3Dmaximized%26p_p_mode%3Dview%26_3_modifiedselection%3D1%26_3_keywords%3Dufs%26_3_modifieddayFrom%3D19%26_3_modifiedfrom%3D19%252F02%252F2018%26_3_modified%3D%255B20180219000000%2BTO%2B20180219235959%255D%26_3_groupId%3D0%26_3_modifiedto%3D19%252F02%252F2018%26_3_modifieddayTo%3D19%26_3_ddm_21040_pubName_pt_BR_sortable%3D%26_3_modifiedyearTo%3D2018%26_3_modifiedyearFrom%3D2018%26_3_modifiedmonthFrom%3D1%26_3_cur%3D1%26_3_struts_action%3D%252Fsearch%252Fsearch%26_3_modifiedmonthTo%3D1&amp;inheritRedirect=true\"><span style=\"font-size: 14pt;\"><strong>link<\/strong> <\/span><\/a>a lista do convocados<\/p>\n<p>&nbsp;<\/p>\n<p><a href=\"http:\/\/senoticias.com.br\/se\/wp-content\/uploads\/2018\/02\/Logomarca-fone-SE-4-2.jpg\"><img loading=\"lazy\" decoding=\"async\" class=\"aligncenter size-full wp-image-110759\" src=\"http:\/\/senoticias.com.br\/se\/wp-content\/uploads\/2018\/02\/Logomarca-fone-SE-4-2.jpg\" alt=\"Logomarca-fone-SE-4-2\" width=\"599\" height=\"78\" srcset=\"https:\/\/senoticias.com.br\/se\/wp-content\/uploads\/2018\/02\/Logomarca-fone-SE-4-2.jpg 599w, https:\/\/senoticias.com.br\/se\/wp-content\/uploads\/2018\/02\/Logomarca-fone-SE-4-2-300x39.jpg 300w\" sizes=\"(max-width: 599px) 100vw, 599px\" \/><\/a><\/p>\n<p>&nbsp;<\/p>\n<p><em><strong>Acompanhe tamb\u00e9m o SE Not\u00edcias no<\/strong><span class=\"apple-converted-space\"><b>\u00a0<\/b><\/span><a href=\"https:\/\/twitter.com\/Senoticias\" target=\"_blank\"><b>Twitter<\/b><\/a><strong>,<\/strong><span class=\"apple-converted-space\"><b>\u00a0<\/b><\/span><a href=\"https:\/\/www.facebook.com\/senoticias1\" target=\"_blank\"><b>Facebook<\/b><span class=\"apple-converted-space\"><b>\u00a0<\/b><\/span><\/a><strong>e no<\/strong><span class=\"apple-converted-space\"><b>\u00a0<\/b><\/span><a href=\"https:\/\/www.instagram.com\/senoticias\/\" target=\"_blank\"><b>Instagram<\/b><\/a><\/em><br \/>\n<em>Da Assessoria Ebserh<\/em><\/p>\n","protected":false},"excerpt":{"rendered":"<p>Foi publicado nesta segunda-feira, 19, no Di\u00e1rio Oficial da Uni\u00e3o, o chamamento de 195 aprovados no concurso p\u00fablico realizado pela Empresa Brasileira de Servi\u00e7os Hospitalares (Ebserh) para lota\u00e7\u00e3o no Hospital Universit\u00e1rio da Universidade Federal de Sergipe (HU-UFS), em Aracaju. Os convocados &#8211; aprovados para as \u00e1reas m\u00e9dica, assistencial e administrativa &#8211; dever\u00e3o comparecer ao HU-UFS [&hellip;]<\/p>\n","protected":false},"author":6552,"featured_media":110908,"comment_status":"closed","ping_status":"closed","sticky":false,"template":"","format":"standard","meta":{"footnotes":""},"categories":[15],"tags":[8764,2684,8762,8763,6719],"class_list":{"0":"post-110907","1":"post","2":"type-post","3":"status-publish","4":"format-standard","5":"has-post-thumbnail","7":"category-destaques","8":"tag-angela-silva","9":"tag-empresa-brasileira-de-servicos-hospitalares","10":"tag-hospitais-universitarios-federais","11":"tag-hu-ufs","12":"tag-universidade-federal-de-sergipe"},"_links":{"self":[{"href":"https:\/\/senoticias.com.br\/se\/wp-json\/wp\/v2\/posts\/110907"}],"collection":[{"href":"https:\/\/senoticias.com.br\/se\/wp-json\/wp\/v2\/posts"}],"about":[{"href":"https:\/\/senoticias.com.br\/se\/wp-json\/wp\/v2\/types\/post"}],"author":[{"embeddable":true,"href":"https:\/\/senoticias.com.br\/se\/wp-json\/wp\/v2\/users\/6552"}],"replies":[{"embeddable":true,"href":"https:\/\/senoticias.com.br\/se\/wp-json\/wp\/v2\/comments?post=110907"}],"version-history":[{"count":0,"href":"https:\/\/senoticias.com.br\/se\/wp-json\/wp\/v2\/posts\/110907\/revisions"}],"wp:featuredmedia":[{"embeddable":true,"href":"https:\/\/senoticias.com.br\/se\/wp-json\/wp\/v2\/media\/110908"}],"wp:attachment":[{"href":"https:\/\/senoticias.com.br\/se\/wp-json\/wp\/v2\/media?parent=110907"}],"wp:term":[{"taxonomy":"category","embeddable":true,"href":"https:\/\/senoticias.com.br\/se\/wp-json\/wp\/v2\/categories?post=110907"},{"taxonomy":"post_tag","embeddable":true,"href":"https:\/\/senoticias.com.br\/se\/wp-json\/wp\/v2\/tags?post=110907"}],"curies":[{"name":"wp","href":"https:\/\/api.w.org\/{rel}","templated":true}]}}