{"id":110906,"date":"2018-02-19T20:36:43","date_gmt":"2018-02-19T23:36:43","guid":{"rendered":"http:\/\/senoticias.com.br\/se\/?p=110906"},"modified":"2018-02-19T20:39:06","modified_gmt":"2018-02-19T23:39:06","slug":"gilmar-carvalho-questiona-licenca-remunerada-a-oficial-da-pm-por-quatro-anos","status":"publish","type":"post","link":"https:\/\/senoticias.com.br\/se\/gilmar-carvalho-questiona-licenca-remunerada-a-oficial-da-pm-por-quatro-anos\/","title":{"rendered":"Gilmar Carvalho questiona licen\u00e7a remunerada a oficial da PM por quatro anos"},"content":{"rendered":"<div style=\"text-align: justify;\">Durante o pequeno expediente da sess\u00e3o plen\u00e1ria desta segunda-feira, 19, na Assembleia Legislativa de Sergipe, o deputado estadual Gilmar Carvalho questionou a licen\u00e7a remunerada concedida pela Pol\u00edcia Militar de Sergipe \u00e0 oficial militar, para que pudesse estudar em Portugal durante o per\u00edodo de quatro anos.<\/div>\n<div style=\"text-align: justify;\"><\/div>\n<div style=\"text-align: justify;\">\n<div id=\"attachment_105376\" style=\"width: 609px\" class=\"wp-caption aligncenter\"><a href=\"http:\/\/senoticias.com.br\/se\/wp-content\/uploads\/2017\/08\/Gilmar-Carvalho-Foto-Jadilson-Sim\u00f5es-e1501698576472.jpg\"><img loading=\"lazy\" decoding=\"async\" aria-describedby=\"caption-attachment-105376\" class=\"size-full wp-image-105376\" src=\"http:\/\/senoticias.com.br\/se\/wp-content\/uploads\/2017\/08\/Gilmar-Carvalho-Foto-Jadilson-Sim\u00f5es-e1501698576472.jpg\" alt=\"Deputado Gilmar Carvalho questiona licen\u00e7a remunerada a oficial da PM por quatro anos\" width=\"599\" height=\"398\" \/><\/a><p id=\"caption-attachment-105376\" class=\"wp-caption-text\">Deputado Gilmar Carvalho questiona licen\u00e7a remunerada a oficial da PM por quatro anos (foto: Jadilson Sim\u00f5es\/Alese)<\/p><\/div>\n<\/div>\n<div style=\"text-align: justify;\"><\/div>\n<div style=\"text-align: justify;\">\u201cN\u00e3o existe na Legisla\u00e7\u00e3o Militar um afastamento de quatro anos sendo remunerado. Eu desafio o Governo a apresentar na Legisla\u00e7\u00e3o qual o amparo que ele encontrou para autorizar essa licen\u00e7a\u201d, criticou o parlamentar.<\/div>\n<div style=\"text-align: justify;\"><\/div>\n<div style=\"text-align: justify;\">O deputado reiterou ainda a necessidade de revis\u00e3o da concess\u00e3o da licen\u00e7a remunerada pelo Estado. \u201cPe\u00e7o publicamente que o Governo reveja esse ato, ao mesmo tempo em que digo que nos pr\u00f3ximos dias, se o governo n\u00e3o fizer, terei que ajuizar uma a\u00e7\u00e3o\u201d, avisou o deputado.<\/div>\n<div style=\"text-align: justify;\"><b>\u00a0<\/b><\/div>\n<div style=\"text-align: justify;\"><b>Fraude nos combust\u00edveis da PM\/SE<\/b><\/div>\n<div style=\"text-align: justify;\"><\/div>\n<div style=\"text-align: justify;\">Nesta ter\u00e7a-feira, 20, Gilmar Carvalho protocolar\u00e1 um requerimento que prop\u00f5e a convoca\u00e7\u00e3o do coronel Ben\u00e9 de Oliveira Gravat\u00e1 e do sargento Robertson para esclarecimentos acerca da fraude dos desvios de combust\u00edvel para abastecimento da frota de ve\u00edculos da Pol\u00edcia Militar do Estado de Sergipe.<\/div>\n<div style=\"text-align: justify;\"><\/div>\n<div style=\"text-align: justify;\"><em><strong>Acompanhe tamb\u00e9m o SE Not\u00edcias no<\/strong><span class=\"apple-converted-space\"><b>\u00a0<\/b><\/span><a href=\"https:\/\/twitter.com\/Senoticias\" target=\"_blank\"><b>Twitter<\/b><\/a><strong>,<\/strong><span class=\"apple-converted-space\"><b>\u00a0<\/b><\/span><a href=\"https:\/\/www.facebook.com\/senoticias1\" target=\"_blank\"><b>Facebook<\/b><span class=\"apple-converted-space\"><b>\u00a0<\/b><\/span><\/a><strong>e no<\/strong><span class=\"apple-converted-space\"><b>\u00a0<\/b><\/span><a href=\"https:\/\/www.instagram.com\/senoticias\/\" target=\"_blank\"><b>Instagram<\/b><\/a><\/em><\/div>\n<div style=\"text-align: justify;\"><\/div>\n<div style=\"text-align: justify;\"><a href=\"http:\/\/senoticias.com.br\/se\/wp-content\/uploads\/2018\/02\/Logomarca-fone-SE-4-2.jpg\"><img loading=\"lazy\" decoding=\"async\" class=\"aligncenter size-full wp-image-110759\" src=\"http:\/\/senoticias.com.br\/se\/wp-content\/uploads\/2018\/02\/Logomarca-fone-SE-4-2.jpg\" alt=\"Logomarca-fone-SE-4-2\" width=\"599\" height=\"78\" srcset=\"https:\/\/senoticias.com.br\/se\/wp-content\/uploads\/2018\/02\/Logomarca-fone-SE-4-2.jpg 599w, https:\/\/senoticias.com.br\/se\/wp-content\/uploads\/2018\/02\/Logomarca-fone-SE-4-2-300x39.jpg 300w\" sizes=\"(max-width: 599px) 100vw, 599px\" \/><\/a><\/div>\n<div style=\"text-align: justify;\"><\/div>\n<div style=\"text-align: justify;\"><em>Da Assessoria de Imprensa<\/em><\/div>\n","protected":false},"excerpt":{"rendered":"<p>Durante o pequeno expediente da sess\u00e3o plen\u00e1ria desta segunda-feira, 19, na Assembleia Legislativa de Sergipe, o deputado estadual Gilmar Carvalho questionou a licen\u00e7a remunerada concedida pela Pol\u00edcia Militar de Sergipe \u00e0 oficial militar, para que pudesse estudar em Portugal durante o per\u00edodo de quatro anos. \u201cN\u00e3o existe na Legisla\u00e7\u00e3o Militar um afastamento de quatro anos [&hellip;]<\/p>\n","protected":false},"author":6552,"featured_media":105376,"comment_status":"closed","ping_status":"closed","sticky":false,"template":"","format":"standard","meta":{"footnotes":""},"categories":[6],"tags":[8760,8759,82,8761],"class_list":{"0":"post-110906","1":"post","2":"type-post","3":"status-publish","4":"format-standard","5":"has-post-thumbnail","7":"category-politica","8":"tag-coronel-gravata","9":"tag-fraude-nos-combustiveis","10":"tag-gilmar-carvalho","11":"tag-licenca-remunerada"},"_links":{"self":[{"href":"https:\/\/senoticias.com.br\/se\/wp-json\/wp\/v2\/posts\/110906"}],"collection":[{"href":"https:\/\/senoticias.com.br\/se\/wp-json\/wp\/v2\/posts"}],"about":[{"href":"https:\/\/senoticias.com.br\/se\/wp-json\/wp\/v2\/types\/post"}],"author":[{"embeddable":true,"href":"https:\/\/senoticias.com.br\/se\/wp-json\/wp\/v2\/users\/6552"}],"replies":[{"embeddable":true,"href":"https:\/\/senoticias.com.br\/se\/wp-json\/wp\/v2\/comments?post=110906"}],"version-history":[{"count":0,"href":"https:\/\/senoticias.com.br\/se\/wp-json\/wp\/v2\/posts\/110906\/revisions"}],"wp:featuredmedia":[{"embeddable":true,"href":"https:\/\/senoticias.com.br\/se\/wp-json\/wp\/v2\/media\/105376"}],"wp:attachment":[{"href":"https:\/\/senoticias.com.br\/se\/wp-json\/wp\/v2\/media?parent=110906"}],"wp:term":[{"taxonomy":"category","embeddable":true,"href":"https:\/\/senoticias.com.br\/se\/wp-json\/wp\/v2\/categories?post=110906"},{"taxonomy":"post_tag","embeddable":true,"href":"https:\/\/senoticias.com.br\/se\/wp-json\/wp\/v2\/tags?post=110906"}],"curies":[{"name":"wp","href":"https:\/\/api.w.org\/{rel}","templated":true}]}}