{"id":110862,"date":"2018-02-16T20:12:26","date_gmt":"2018-02-16T23:12:26","guid":{"rendered":"http:\/\/senoticias.com.br\/se\/?p=110862"},"modified":"2018-02-16T20:15:41","modified_gmt":"2018-02-16T23:15:41","slug":"tce-audita-area-da-saude-no-governo-do-estado-e-prefeitura-de-aracaju","status":"publish","type":"post","link":"https:\/\/senoticias.com.br\/se\/tce-audita-area-da-saude-no-governo-do-estado-e-prefeitura-de-aracaju\/","title":{"rendered":"TCE audita \u00e1rea da Sa\u00fade no Governo do Estado e Prefeitura de Aracaju"},"content":{"rendered":"<p>&nbsp;<\/p>\n<p style=\"text-align: justify;\">O Tribunal de Contas de Sergipe (TCE\/SE), por meio da 3\u00aa Coordenadoria de Controle e Inspe\u00e7\u00e3o (CCI), deu in\u00edcio a Auditoria ordin\u00e1ria em toda a rede de sa\u00fade mantida pelo poder p\u00fablico, na capital e no Estado. Compete atualmente \u00e0 3\u00aa CCI a responsabilidade por jurisdicionar a 5\u00aa \u00c1rea de Controle e Inspe\u00e7\u00e3o, da relatoria processual do conselheiro Luiz Augusto Carvalho Ribeiro, da qual fazem parte a Prefeitura de Aracaju e a Sa\u00fade estadual.<\/p>\n<div id=\"attachment_110863\" style=\"width: 609px\" class=\"wp-caption aligncenter\"><a href=\"http:\/\/senoticias.com.br\/se\/wp-content\/uploads\/2018\/02\/TCE-SE-NOTICIAS-e1518822551432.jpg\"><img loading=\"lazy\" decoding=\"async\" aria-describedby=\"caption-attachment-110863\" class=\"size-full wp-image-110863\" src=\"http:\/\/senoticias.com.br\/se\/wp-content\/uploads\/2018\/02\/TCE-SE-NOTICIAS-e1518822551432.jpg\" alt=\"Conselheiro Luiz AugustoTCE audita \u00e1rea da Sa\u00fade no Governo do Estado e Prefeitura de Aracaju\" width=\"599\" height=\"400\" \/><\/a><p id=\"caption-attachment-110863\" class=\"wp-caption-text\">Conselheiro Luiz Augusto audita \u00e1rea da Sa\u00fade no Governo do Estado e Prefeitura de Aracaju (foto: Cleverton Ribeiro\/TCE)<\/p><\/div>\n<p style=\"text-align: justify;\">De acordo com a Unidade T\u00e9cnica oficiante, os trabalhos da equipe de Auditoria Governamental j\u00e1 est\u00e3o em andamento na capital sergipana com inspe\u00e7\u00f5es \u201cin loco\u201d, que percorrer\u00e3o mais de 20 unidades de sa\u00fade, verificando aspectos como estrutura f\u00edsica, quadro de profissionais, disponibilidade de medicamentos e insumos, entre outros.<\/p>\n<p style=\"text-align: justify;\">Ap\u00f3s a conclus\u00e3o dos Relat\u00f3rios de Auditoria, ser\u00e3o levantados os dados que forem necess\u00e1rios \u00e0 elabora\u00e7\u00e3o de um diagn\u00f3stico acerca da qualidade da presta\u00e7\u00e3o dos servi\u00e7os de sa\u00fade que v\u00eam sendo ofertados aos mun\u00edcipes aracajuanos, e, tamb\u00e9m, aos benefici\u00e1rios da sa\u00fade p\u00fablica no \u00e2mbito do Estado.<\/p>\n<p style=\"text-align: justify;\">&#8220;Caso sejam encontradas irregularidades, os gestores respons\u00e1veis ser\u00e3o citados, tomando ci\u00eancia, e, se for o caso, adotando as provid\u00eancias que possam levar \u00e0 devida corre\u00e7\u00e3o\u201d, afirma o conselheiro Luiz Augusto, respons\u00e1vel por relatar os processos da 5\u00aa \u00e1rea.<\/p>\n<p style=\"text-align: justify;\">J\u00e1 no \u00e2mbito estadual, o passo inicial consistiu no encaminhamento de requisi\u00e7\u00e3o \u00e0 Secretaria de Estado da Sa\u00fade solicitando uma s\u00e9rie de documentos referentes ao Fundo Estadual e \u00e0 Funda\u00e7\u00e3o Hospitalar de Sa\u00fade, a exemplo de contratos, licita\u00e7\u00f5es e folha de pessoal atualizada.<\/p>\n<p style=\"text-align: justify;\"><a href=\"http:\/\/senoticias.com.br\/se\/wp-content\/uploads\/2018\/02\/Logomarca-fone-SE-4-2.jpg\"><img loading=\"lazy\" decoding=\"async\" class=\"aligncenter size-full wp-image-110759\" src=\"http:\/\/senoticias.com.br\/se\/wp-content\/uploads\/2018\/02\/Logomarca-fone-SE-4-2.jpg\" alt=\"Logomarca-fone-SE-4-2\" width=\"599\" height=\"78\" srcset=\"https:\/\/senoticias.com.br\/se\/wp-content\/uploads\/2018\/02\/Logomarca-fone-SE-4-2.jpg 599w, https:\/\/senoticias.com.br\/se\/wp-content\/uploads\/2018\/02\/Logomarca-fone-SE-4-2-300x39.jpg 300w\" sizes=\"(max-width: 599px) 100vw, 599px\" \/><\/a><\/p>\n<p style=\"text-align: justify;\"><em><strong>Acompanhe tamb\u00e9m o SE Not\u00edcias no<\/strong><span class=\"apple-converted-space\"><b>\u00a0<\/b><\/span><a href=\"https:\/\/twitter.com\/Senoticias\" target=\"_blank\"><b>Twitter<\/b><\/a><strong>,<\/strong><span class=\"apple-converted-space\"><b>\u00a0<\/b><\/span><a href=\"https:\/\/www.facebook.com\/senoticias1\" target=\"_blank\"><b>Facebook<\/b><span class=\"apple-converted-space\"><b>\u00a0<\/b><\/span><\/a><strong>e no<\/strong><span class=\"apple-converted-space\"><b>\u00a0<\/b><\/span><a href=\"https:\/\/www.instagram.com\/senoticias\/\" target=\"_blank\"><b>Instagram<\/b><\/a><\/em><\/p>\n<p style=\"text-align: justify;\"><strong><em>Da Dicom TCE<\/em><\/strong><\/p>\n","protected":false},"excerpt":{"rendered":"<p>&nbsp; O Tribunal de Contas de Sergipe (TCE\/SE), por meio da 3\u00aa Coordenadoria de Controle e Inspe\u00e7\u00e3o (CCI), deu in\u00edcio a Auditoria ordin\u00e1ria em toda a rede de sa\u00fade mantida pelo poder p\u00fablico, na capital e no Estado. Compete atualmente \u00e0 3\u00aa CCI a responsabilidade por jurisdicionar a 5\u00aa \u00c1rea de Controle e Inspe\u00e7\u00e3o, da [&hellip;]<\/p>\n","protected":false},"author":2,"featured_media":110863,"comment_status":"closed","ping_status":"closed","sticky":false,"template":"","format":"standard","meta":{"footnotes":""},"categories":[6],"tags":[8739,529,2010],"class_list":{"0":"post-110862","1":"post","2":"type-post","3":"status-publish","4":"format-standard","5":"has-post-thumbnail","7":"category-politica","8":"tag-conselheiro-luiz-augusto","9":"tag-tce","10":"tag-tribunal-de-contas-de-sergipe"},"_links":{"self":[{"href":"https:\/\/senoticias.com.br\/se\/wp-json\/wp\/v2\/posts\/110862"}],"collection":[{"href":"https:\/\/senoticias.com.br\/se\/wp-json\/wp\/v2\/posts"}],"about":[{"href":"https:\/\/senoticias.com.br\/se\/wp-json\/wp\/v2\/types\/post"}],"author":[{"embeddable":true,"href":"https:\/\/senoticias.com.br\/se\/wp-json\/wp\/v2\/users\/2"}],"replies":[{"embeddable":true,"href":"https:\/\/senoticias.com.br\/se\/wp-json\/wp\/v2\/comments?post=110862"}],"version-history":[{"count":0,"href":"https:\/\/senoticias.com.br\/se\/wp-json\/wp\/v2\/posts\/110862\/revisions"}],"wp:featuredmedia":[{"embeddable":true,"href":"https:\/\/senoticias.com.br\/se\/wp-json\/wp\/v2\/media\/110863"}],"wp:attachment":[{"href":"https:\/\/senoticias.com.br\/se\/wp-json\/wp\/v2\/media?parent=110862"}],"wp:term":[{"taxonomy":"category","embeddable":true,"href":"https:\/\/senoticias.com.br\/se\/wp-json\/wp\/v2\/categories?post=110862"},{"taxonomy":"post_tag","embeddable":true,"href":"https:\/\/senoticias.com.br\/se\/wp-json\/wp\/v2\/tags?post=110862"}],"curies":[{"name":"wp","href":"https:\/\/api.w.org\/{rel}","templated":true}]}}