{"id":110861,"date":"2018-02-16T20:16:30","date_gmt":"2018-02-16T23:16:30","guid":{"rendered":"http:\/\/senoticias.com.br\/se\/?p=110861"},"modified":"2018-02-17T11:40:03","modified_gmt":"2018-02-17T14:40:03","slug":"canhoba-ex-prefeita-condenada-a-devolver-r12-milhao","status":"publish","type":"post","link":"https:\/\/senoticias.com.br\/se\/canhoba-ex-prefeita-condenada-a-devolver-r12-milhao\/","title":{"rendered":"Canhoba: Ex-prefeita condenada a devolver R$1,2 milh\u00e3o"},"content":{"rendered":"<p style=\"text-align: justify;\">A ex-prefeita de Canhoba, Elinalda Pereira, do munic\u00edpio de Canhoba, conhecida como Naldinha da Farm\u00e1cia, foi condenada a devolver mais de R$ 1,2 milh\u00e3o aos cofres da prefeitura. A decis\u00e3o foi publicada nesta sexta-feira, 16, e vem assinada pelo juiz Glauber Dantas Rebou\u00e7as, da Comarca de Garuru, atendendo pleito contido em duas a\u00e7\u00f5es de execu\u00e7\u00e3o de t\u00edtulo extrajudicial movida pelo munic\u00edpio, assinada pelo procurador M\u00e1rcio Vin\u00edcius Rocha Bezerra,\u00a0informa\u00a0a jornalista\u00a0C\u00e1ssia Santana no portal Infonet.\u00a0<strong><a href=\"http:\/\/www.infonet.com.br\/noticias\/politica\/\/ler.asp?id=187657\">Em 2016, a ent\u00e3o prefeita sofreu impeachment em hist\u00f3rica vota\u00e7\u00e3o ocorrida na C\u00e2mara Municipal de Vereadores.<\/a><\/strong><\/p>\n<div id=\"attachment_110864\" style=\"width: 606px\" class=\"wp-caption aligncenter\"><a href=\"http:\/\/senoticias.com.br\/se\/wp-content\/uploads\/2018\/02\/grande-186055.jpg-canhoba-SE-Noticias-e1518822924227.jpg\"><img loading=\"lazy\" decoding=\"async\" aria-describedby=\"caption-attachment-110864\" class=\"size-full wp-image-110864\" src=\"http:\/\/senoticias.com.br\/se\/wp-content\/uploads\/2018\/02\/grande-186055.jpg-canhoba-SE-Noticias-e1518822924227.jpg\" alt=\"Naldinha da Farm\u00e1cia: prazo de tr\u00eas dias para pagar d\u00e9bito (foto: facebook pessoal) \" width=\"596\" height=\"396\" \/><\/a><p id=\"caption-attachment-110864\" class=\"wp-caption-text\">Naldinha da Farm\u00e1cia: prazo de tr\u00eas dias para pagar d\u00e9bito (foto: facebook pessoal)<\/p><\/div>\n<p style=\"text-align: justify;\">Nas a\u00e7\u00f5es, o procurador do munic\u00edpio destaca decis\u00e3o do Tribunal de Contas do Estado (TCE) em diferentes inspe\u00e7\u00f5es que detectaram irregularidades nas contas da prefeitura durante a gest\u00e3o de Elinalda Pereira. A primeira a\u00e7\u00e3o destaca a auditoria do TCE realizada entre os dias primeiro de julho a 30 de dezembro de 2014, em que os conselheiros decidiram pela condena\u00e7\u00e3o da ent\u00e3o da prefeita a devolver quase R$ 427 mil aos cofres do munic\u00edpio.<\/p>\n<p>Na segunda a\u00e7\u00e3o, o procurador do munic\u00edpio destaca decis\u00e3o do TCE pelas irregularidades observadas em auditoria realizada entre os meses de janeiro a junho de 2015 e condenam a ent\u00e3o prefeita a devolver quase R$ 282 mil aos cofres p\u00fablicos do munic\u00edpio.<\/p>\n<p style=\"text-align: justify;\">Em ambas as a\u00e7\u00f5es de execu\u00e7\u00e3o de t\u00edtulo extrajudicial, o procurador solicita aplica\u00e7\u00e3o de multa ao patamar de 10% mais juros de 12% ao ano e calcula que, com estas corre\u00e7\u00f5es, a primeira d\u00edvida est\u00e1 avaliada em R$ 770.332,53 e a segunda em R$ 455.660,06. Somados, conforme os c\u00e1lculos do procurador do munic\u00edpio, os valores a serem devolvidos chegam ao montante de R$ 1.225.992,59, conforme consta na a\u00e7\u00e3o judicial.<\/p>\n<p style=\"text-align: justify;\">Nas decis\u00f5es, o juiz estabelece prazo de tr\u00eas dias para a ex-prefeita quitar este d\u00e9bito sob pena de penhora de bens m\u00f3veis e im\u00f3veis at\u00e9 o montante suficiente para satisfazer integralmente a execu\u00e7\u00e3o.<\/p>\n<p><strong>Irregularidades<\/strong><\/p>\n<p style=\"text-align: justify;\">De acordo com relat\u00f3rio do TCE, nas respectivas auditorias foram identificadas v\u00e1rias irregularidades, desde pagamento de despesa sem comprova\u00e7\u00e3o dos servi\u00e7os realizados a pagamento irregular de di\u00e1rias e aquisi\u00e7\u00e3o de produtos aliment\u00edcios destinados \u00e0 merenda escolar sem que os g\u00eaneros chegassem \u00e0s escolas p\u00fablicas mantidas pela prefeitura.<\/p>\n<p style=\"text-align: justify;\">Irregularidades, inclusive, que motivaram o pedido de impeachment e a consequente cassa\u00e7\u00e3o do mandato da ent\u00e3o prefeita ocorrida em sess\u00e3o da C\u00e2mara de Vereadores realizada no dia 15 de julho de 2016.<\/p>\n<p style=\"text-align: justify;\">A decis\u00e3o cabe recurso junto ao Tribunal de Justi\u00e7a de Sergipe.<\/p>\n<p><strong><em>Fonte: C\u00e1ssia Santana\/Infonet Not\u00edcias.<\/em><\/strong><\/p>\n<p style=\"line-height: 14.25pt; text-align: justify;\"><span style=\"font-size: 12pt;\"><em><strong><span style=\"font-family: Georgia, serif; color: #333333;\">Acompanhe tamb\u00e9m o SE Not\u00edcias no<\/span><\/strong><span class=\"apple-converted-space\"><b><span style=\"font-family: Georgia, serif; color: #333333;\">\u00a0<\/span><\/b><\/span><a href=\"https:\/\/twitter.com\/Senoticias\" target=\"_blank\"><b><span style=\"font-family: Georgia, serif;\">Twitter<\/span><\/b><\/a><strong><span style=\"font-family: Georgia, serif; color: #333333;\">,<\/span><\/strong><span class=\"apple-converted-space\"><b><span style=\"font-family: Georgia, serif; color: #333333;\">\u00a0<\/span><\/b><\/span><a href=\"https:\/\/www.facebook.com\/senoticias1\" target=\"_blank\"><b><span style=\"font-family: Georgia, serif;\">Facebook<\/span><\/b><span class=\"apple-converted-space\"><b><span style=\"font-family: Georgia, serif; color: windowtext; text-decoration: none;\">\u00a0<\/span><\/b><\/span><\/a><strong><span style=\"font-family: Georgia, serif; color: #333333;\">e no<\/span><\/strong><span class=\"apple-converted-space\"><b><span style=\"font-family: Georgia, serif; color: #333333;\">\u00a0<\/span><\/b><\/span><a href=\"https:\/\/www.instagram.com\/senoticias\/\" target=\"_blank\"><b><span style=\"font-family: Georgia, serif;\">Instagram<\/span><\/b><\/a><\/em><\/span><\/p>\n<p style=\"line-height: 14.25pt;\"><a href=\"http:\/\/senoticias.com.br\/se\/wp-content\/uploads\/2018\/02\/Logomarca-fone-SE-4-2.jpg\"><img loading=\"lazy\" decoding=\"async\" class=\"aligncenter size-full wp-image-110759\" src=\"http:\/\/senoticias.com.br\/se\/wp-content\/uploads\/2018\/02\/Logomarca-fone-SE-4-2.jpg\" alt=\"Logomarca-fone-SE-4-2\" width=\"599\" height=\"78\" srcset=\"https:\/\/senoticias.com.br\/se\/wp-content\/uploads\/2018\/02\/Logomarca-fone-SE-4-2.jpg 599w, https:\/\/senoticias.com.br\/se\/wp-content\/uploads\/2018\/02\/Logomarca-fone-SE-4-2-300x39.jpg 300w\" sizes=\"(max-width: 599px) 100vw, 599px\" \/><\/a><\/p>\n","protected":false},"excerpt":{"rendered":"<p>A ex-prefeita de Canhoba, Elinalda Pereira, do munic\u00edpio de Canhoba, conhecida como Naldinha da Farm\u00e1cia, foi condenada a devolver mais de R$ 1,2 milh\u00e3o aos cofres da prefeitura. A decis\u00e3o foi publicada nesta sexta-feira, 16, e vem assinada pelo juiz Glauber Dantas Rebou\u00e7as, da Comarca de Garuru, atendendo pleito contido em duas a\u00e7\u00f5es de execu\u00e7\u00e3o [&hellip;]<\/p>\n","protected":false},"author":2,"featured_media":110864,"comment_status":"closed","ping_status":"closed","sticky":false,"template":"","format":"standard","meta":{"footnotes":""},"categories":[6],"tags":[8741,8740],"class_list":{"0":"post-110861","1":"post","2":"type-post","3":"status-publish","4":"format-standard","5":"has-post-thumbnail","7":"category-politica","8":"tag-2-milhao","9":"tag-canhoba-ex-prefeita-condenada-a-devolver-r1"},"_links":{"self":[{"href":"https:\/\/senoticias.com.br\/se\/wp-json\/wp\/v2\/posts\/110861"}],"collection":[{"href":"https:\/\/senoticias.com.br\/se\/wp-json\/wp\/v2\/posts"}],"about":[{"href":"https:\/\/senoticias.com.br\/se\/wp-json\/wp\/v2\/types\/post"}],"author":[{"embeddable":true,"href":"https:\/\/senoticias.com.br\/se\/wp-json\/wp\/v2\/users\/2"}],"replies":[{"embeddable":true,"href":"https:\/\/senoticias.com.br\/se\/wp-json\/wp\/v2\/comments?post=110861"}],"version-history":[{"count":0,"href":"https:\/\/senoticias.com.br\/se\/wp-json\/wp\/v2\/posts\/110861\/revisions"}],"wp:featuredmedia":[{"embeddable":true,"href":"https:\/\/senoticias.com.br\/se\/wp-json\/wp\/v2\/media\/110864"}],"wp:attachment":[{"href":"https:\/\/senoticias.com.br\/se\/wp-json\/wp\/v2\/media?parent=110861"}],"wp:term":[{"taxonomy":"category","embeddable":true,"href":"https:\/\/senoticias.com.br\/se\/wp-json\/wp\/v2\/categories?post=110861"},{"taxonomy":"post_tag","embeddable":true,"href":"https:\/\/senoticias.com.br\/se\/wp-json\/wp\/v2\/tags?post=110861"}],"curies":[{"name":"wp","href":"https:\/\/api.w.org\/{rel}","templated":true}]}}