{"id":110858,"date":"2018-02-16T19:56:52","date_gmt":"2018-02-16T22:56:52","guid":{"rendered":"http:\/\/senoticias.com.br\/se\/?p=110858"},"modified":"2018-02-16T19:56:52","modified_gmt":"2018-02-16T22:56:52","slug":"consulesa-francesa-e-estuprada-no-litoral-do-rn","status":"publish","type":"post","link":"https:\/\/senoticias.com.br\/se\/consulesa-francesa-e-estuprada-no-litoral-do-rn\/","title":{"rendered":"Consulesa francesa \u00e9 estuprada no litoral do RN"},"content":{"rendered":"<p style=\"text-align: justify;\">Uma consulesa francesa, residente no Brasil, foi v\u00edtima de um estupro na ter\u00e7a-feira (13) de carnaval em Tibau do Sul, no litoral potiguar. Segundo a Pol\u00edcia Civil, a viol\u00eancia aconteceu dentro da casa de amigos da v\u00edtima, que fica na zona rural do munic\u00edpio. O criminoso ainda n\u00e3o foi identificado.<\/p>\n<div id=\"attachment_110859\" style=\"width: 606px\" class=\"wp-caption aligncenter\"><a href=\"http:\/\/senoticias.com.br\/se\/wp-content\/uploads\/2018\/02\/pipa.jpg-Consulesa-francesa-SE-Noticias-e1518821769730.jpg\"><img loading=\"lazy\" decoding=\"async\" aria-describedby=\"caption-attachment-110859\" class=\"size-full wp-image-110859\" src=\"http:\/\/senoticias.com.br\/se\/wp-content\/uploads\/2018\/02\/pipa.jpg-Consulesa-francesa-SE-Noticias-e1518821769730.jpg\" alt=\"Tibau do Sul tem praias bastante visitadas durante o ano inteiro (Foto: Canind\u00e9 Soares) \" width=\"596\" height=\"447\" \/><\/a><p id=\"caption-attachment-110859\" class=\"wp-caption-text\">Tibau do Sul tem praias bastante visitadas durante o ano inteiro (Foto: Canind\u00e9 Soares)<\/p><\/div>\n<p style=\"text-align: justify;\">Segundo o delegado Luciano Augusto, a consulesa procurou a pol\u00edcia assim que o dia amanheceu. \u201cEla relatou que o crime aconteceu por volta das 2h. Ela estava dormindo em um quarto quando um homem entrou e jogou \u00e1gua nela. Foi quando ele a violentou. N\u00e3o houve rea\u00e7\u00e3o. O casal que estava na casa n\u00e3o percebeu o que estava acontecendo\u201d, contou.<\/p>\n<p style=\"text-align: justify;\">Depois de prestar depoimento, a consulesa foi encaminhada para o Instituto T\u00e9cnico-Cient\u00edfico de Per\u00edcia, em Natal, onde fez exames de conjun\u00e7\u00e3o carnal.<\/p>\n<p style=\"text-align: justify;\">\u201cColetamos material do criminoso, como pelos e impress\u00f5es digitais, por exemplo, que vai nos ajudar em um eventual confrontamento de DNA\u201d, acrescentou o delegado.<\/p>\n<p style=\"text-align: justify;\">\n<strong>Do G1 RN<\/strong>.<\/p>\n<p style=\"line-height: 14.25pt;\"><strong><span style=\"font-size: 10.0pt; font-family: 'Georgia','serif'; color: #333333;\">Acompanhe tamb\u00e9m o SE Not\u00edcias no<\/span><\/strong><span class=\"apple-converted-space\"><b><span style=\"font-size: 10.0pt; font-family: 'Georgia','serif'; color: #333333;\">\u00a0<\/span><\/b><\/span><a href=\"https:\/\/twitter.com\/Senoticias\" target=\"_blank\"><b><span style=\"font-size: 10.0pt; font-family: 'Georgia','serif';\">Twitter<\/span><\/b><\/a><strong><span style=\"font-size: 10.0pt; font-family: 'Georgia','serif'; color: #333333;\">,<\/span><\/strong><span class=\"apple-converted-space\"><b><span style=\"font-size: 10.0pt; font-family: 'Georgia','serif'; color: #333333;\">\u00a0<\/span><\/b><\/span><a href=\"https:\/\/www.facebook.com\/senoticias1\" target=\"_blank\"><b><span style=\"font-size: 10.0pt; font-family: 'Georgia','serif';\">Facebook<\/span><\/b><span class=\"apple-converted-space\"><b><span style=\"font-size: 10.0pt; font-family: 'Georgia','serif'; color: windowtext; text-decoration: none; text-underline: none;\">\u00a0<\/span><\/b><\/span><\/a><strong><span style=\"font-size: 10.0pt; font-family: 'Georgia','serif'; color: #333333;\">e no<\/span><\/strong><span class=\"apple-converted-space\"><b><span style=\"font-size: 10.0pt; font-family: 'Georgia','serif'; color: #333333;\">\u00a0<\/span><\/b><\/span><a href=\"https:\/\/www.instagram.com\/senoticias\/\" target=\"_blank\"><b><span style=\"font-size: 10.0pt; font-family: 'Georgia','serif';\">Instagram<\/span><\/b><\/a><strong><span style=\"font-size: 10.0pt; font-family: 'Georgia','serif'; color: #333333;\">.<\/span><\/strong><\/p>\n<p style=\"line-height: 14.25pt;\"><a href=\"http:\/\/senoticias.com.br\/se\/wp-content\/uploads\/2018\/02\/Logomarca-fone-SE-4-2.jpg\"><img loading=\"lazy\" decoding=\"async\" class=\"aligncenter size-full wp-image-110759\" src=\"http:\/\/senoticias.com.br\/se\/wp-content\/uploads\/2018\/02\/Logomarca-fone-SE-4-2.jpg\" alt=\"Logomarca-fone-SE-4-2\" width=\"599\" height=\"78\" srcset=\"https:\/\/senoticias.com.br\/se\/wp-content\/uploads\/2018\/02\/Logomarca-fone-SE-4-2.jpg 599w, https:\/\/senoticias.com.br\/se\/wp-content\/uploads\/2018\/02\/Logomarca-fone-SE-4-2-300x39.jpg 300w\" sizes=\"(max-width: 599px) 100vw, 599px\" \/><\/a><\/p>\n","protected":false},"excerpt":{"rendered":"<p>Uma consulesa francesa, residente no Brasil, foi v\u00edtima de um estupro na ter\u00e7a-feira (13) de carnaval em Tibau do Sul, no litoral potiguar. Segundo a Pol\u00edcia Civil, a viol\u00eancia aconteceu dentro da casa de amigos da v\u00edtima, que fica na zona rural do munic\u00edpio. O criminoso ainda n\u00e3o foi identificado. Segundo o delegado Luciano Augusto, [&hellip;]<\/p>\n","protected":false},"author":2,"featured_media":110859,"comment_status":"closed","ping_status":"closed","sticky":false,"template":"","format":"standard","meta":{"footnotes":""},"categories":[2961],"tags":[],"class_list":{"0":"post-110858","1":"post","2":"type-post","3":"status-publish","4":"format-standard","5":"has-post-thumbnail","7":"category-nacional"},"_links":{"self":[{"href":"https:\/\/senoticias.com.br\/se\/wp-json\/wp\/v2\/posts\/110858"}],"collection":[{"href":"https:\/\/senoticias.com.br\/se\/wp-json\/wp\/v2\/posts"}],"about":[{"href":"https:\/\/senoticias.com.br\/se\/wp-json\/wp\/v2\/types\/post"}],"author":[{"embeddable":true,"href":"https:\/\/senoticias.com.br\/se\/wp-json\/wp\/v2\/users\/2"}],"replies":[{"embeddable":true,"href":"https:\/\/senoticias.com.br\/se\/wp-json\/wp\/v2\/comments?post=110858"}],"version-history":[{"count":0,"href":"https:\/\/senoticias.com.br\/se\/wp-json\/wp\/v2\/posts\/110858\/revisions"}],"wp:featuredmedia":[{"embeddable":true,"href":"https:\/\/senoticias.com.br\/se\/wp-json\/wp\/v2\/media\/110859"}],"wp:attachment":[{"href":"https:\/\/senoticias.com.br\/se\/wp-json\/wp\/v2\/media?parent=110858"}],"wp:term":[{"taxonomy":"category","embeddable":true,"href":"https:\/\/senoticias.com.br\/se\/wp-json\/wp\/v2\/categories?post=110858"},{"taxonomy":"post_tag","embeddable":true,"href":"https:\/\/senoticias.com.br\/se\/wp-json\/wp\/v2\/tags?post=110858"}],"curies":[{"name":"wp","href":"https:\/\/api.w.org\/{rel}","templated":true}]}}