{"id":110855,"date":"2018-02-16T19:15:57","date_gmt":"2018-02-16T22:15:57","guid":{"rendered":"http:\/\/senoticias.com.br\/se\/?p=110855"},"modified":"2018-02-16T19:15:57","modified_gmt":"2018-02-16T22:15:57","slug":"parceria-entre-fundat-e-sebrae-oportuniza-curso-de-higienizacao-e-manipulacao-de-alimentos","status":"publish","type":"post","link":"https:\/\/senoticias.com.br\/se\/parceria-entre-fundat-e-sebrae-oportuniza-curso-de-higienizacao-e-manipulacao-de-alimentos\/","title":{"rendered":"Parceria entre Fundat e Sebrae oportuniza curso de Higieniza\u00e7\u00e3o e Manipula\u00e7\u00e3o de Alimentos"},"content":{"rendered":"<p style=\"text-align: justify;\">A parceria firmada entre a Funda\u00e7\u00e3o Municipal de Forma\u00e7\u00e3o para o Trabalho (Fundat) e o Servi\u00e7o Brasileiro de Apoio \u00e0s Micro e Pequenas Empresas (Sebrae) gerou mais uma nova oportunidade ao aracajuano: a oferta gratuita do curso de Higieniza\u00e7\u00e3o e Manipula\u00e7\u00e3o de Alimentos, ministrado pela pr\u00f3pria equipe do Sebrae. Com carga hor\u00e1ria de 12h, a capacita\u00e7\u00e3o foi disponibilizada em tr\u00eas turmas, com 90 vagas no total, destinadas aos ambulantes e comerciantes da capital.<\/p>\n<div id=\"attachment_110856\" style=\"width: 606px\" class=\"wp-caption aligncenter\"><a href=\"http:\/\/senoticias.com.br\/se\/wp-content\/uploads\/2018\/02\/oficina_1.jpg-SE-Noticias-e1518819184541.jpg\"><img loading=\"lazy\" decoding=\"async\" aria-describedby=\"caption-attachment-110856\" class=\"size-full wp-image-110856\" src=\"http:\/\/senoticias.com.br\/se\/wp-content\/uploads\/2018\/02\/oficina_1.jpg-SE-Noticias-e1518819184541.jpg\" alt=\"Ao todos, tr\u00eas turmas do cursos de Higieniza\u00e7\u00e3o e Manipula\u00e7\u00e3o de Alimentos foram ofertadas, gra\u00e7as \u00e0 parceria com o Sebrae. Foto: Ascom\/Fundat \" width=\"596\" height=\"397\" \/><\/a><p id=\"caption-attachment-110856\" class=\"wp-caption-text\">Ao todos, tr\u00eas turmas do cursos de Higieniza\u00e7\u00e3o e Manipula\u00e7\u00e3o de Alimentos foram ofertadas, gra\u00e7as \u00e0 parceria com o Sebrae. Foto: Ascom\/Fundat<\/p><\/div>\n<p style=\"text-align: justify;\">Das tr\u00eas turmas oferecidas, duas foram priorizadas aos ambulantes que comercializar\u00e3o no per\u00edodo carnavalesco. Elas foram realizadas na Unidade de Qualifica\u00e7\u00e3o Profissional (UQP), localizada no bairro Santos Dumont. J\u00e1 a terceira turma acontecer\u00e1 para aqueles que atuam em pontos fixos de Aracaju. De acordo com o presidente da Fundat, Luiz Roberto Santana, o curso \u00e9 mais uma novidade do eixo Mais Qualifica\u00e7\u00e3o proporcionada pela Funda\u00e7\u00e3o na \u00e1rea de manipula\u00e7\u00e3o de alimentos. &#8220;No ano passado, n\u00f3s conseguimos inserir no nosso portf\u00f3lio de capacita\u00e7\u00e3o a Oficina de Higieniza\u00e7\u00e3o e Manipula\u00e7\u00e3o de Alimentos, criada pela nossa equipe. Agora, junto com o Sebrae, queremos aprofundar ainda mais o conte\u00fado ministrado, confiando na credibilidade que a institui\u00e7\u00e3o possui para caminhar junto conosco nessa jornada de forma\u00e7\u00e3o profissional do cidad\u00e3o&#8221;, salienta Luiz.<\/p>\n<p style=\"text-align: justify;\">Segundo a diretora de Forma\u00e7\u00e3o Profissional da Fundat, Selma Fran\u00e7a, mesmo tendo que driblar muitas dificuldades para participar da capacita\u00e7\u00e3o, eles demonstram muita for\u00e7a de vontade em aprender, objetivando a qualifica\u00e7\u00e3o necess\u00e1ria para atuar na profiss\u00e3o. &#8220;Temos que parabeniz\u00e1-los e valoriz\u00e1-los pelo empenho, dedica\u00e7\u00e3o e interesse, porque mesmo em meio aos obst\u00e1culos, eles se mostram dispostos a encar\u00e1-los. Tamb\u00e9m queremos agradecer a parceria com o Sebrae, a ideia \u00e9 darmos continuidade a ela, almejando contar sempre com o apoio deles&#8221;, afirma Selma.<\/p>\n<p style=\"text-align: justify;\">A instrutora do Sebrae, Rubimara Pinheiro, explica que a capacita\u00e7\u00e3o foi desenvolvida baseada na Lei RDC 2016, do ano de 2004. Nela, consta que os manipuladores de alimentos devem se capacitar em quatro importantes requisitos: vias de transmiss\u00e3o de bact\u00e9rias, contaminantes alimentares, manipula\u00e7\u00e3o higi\u00eanica dos alimentos e boas pr\u00e1ticas de manipula\u00e7\u00e3o.<\/p>\n<p style=\"text-align: justify;\">Dentro deste contexto, Rubinara segue explicando que os alunos aprenderam o processo que vai desde a compra do produto at\u00e9 a distribui\u00e7\u00e3o, abrangendo o armazenamento e o preparo. &#8220;Houve momentos te\u00f3ricos seguidos de momentos pr\u00e1ticos com din\u00e2micas que serviram para cada um aplicar no pr\u00f3prio neg\u00f3cio, baseado no produto que vender. Al\u00e9m disso, fizemos trabalhos em grupos, possibilitando a viv\u00eancia de forma pr\u00e1tica e a assimila\u00e7\u00e3o correta do conte\u00fado&#8221;, relata Rubimara.<\/p>\n<p style=\"text-align: justify;\">Ela tamb\u00e9m conta que \u00e9 a primeira vez que trabalha com esse p\u00fablico. &#8220;Foi muito produtivo e impressionante, eles aproveitaram demais, o objetivo foi apresentar a lei e fazer com que eles aplicassem no dia a dia porque quando o cliente deixa de comer na pr\u00f3pria casa e opta por comer na rua, ele espera encontrar um ambiente que proporcione seguran\u00e7a alimentar e quando as pessoas percebem que o local \u00e9 seguro, a venda dos ambulantes aumenta&#8221;, ressalta.<\/p>\n<p style=\"text-align: justify;\"><strong>Aprimorando o neg\u00f3cio<\/strong><\/p>\n<p style=\"text-align: justify;\">A ambulante Iranilma de Azevedo trabalha h\u00e1 mais de 20 anos no ramo. Ela mora no bairro Santo Ant\u00f4nio e comercializa espetinhos e cerveja. A aracajuana n\u00e3o tem ponto fixo, mas pretende trabalhar no carnaval. &#8220;S\u00f3 trabalho em eventos. A cada dia no curso, aprendemos coisas novas que colaboraram para n\u00f3s. \u00c9 um investimento proveitoso que a Prefeitura de Aracaju est\u00e1 fazendo&#8221;, acredita Iranilma, certa de que aprendeu a manusear corretamente o alimento. &#8220;H\u00e1 cada ano que fazemos esta capacita\u00e7\u00e3o, conhecemos algo novo e o Sebrae nos favoreceu nisso. Apesar de eu estar h\u00e1 tanto tempo no ramo, \u00e9 sempre uma oportunidade de aprender, foi inovador&#8221;, conclui.<\/p>\n<p style=\"text-align: justify;\"><strong><em>Da Ag\u00eancia Aracaju Noticias.<\/em><\/strong><\/p>\n<p style=\"line-height: 14.25pt;\"><strong><span style=\"font-size: 10.0pt; font-family: 'Georgia','serif'; color: #333333;\">Acompanhe tamb\u00e9m o SE Not\u00edcias no<\/span><\/strong><span class=\"apple-converted-space\"><b><span style=\"font-size: 10.0pt; font-family: 'Georgia','serif'; color: #333333;\">\u00a0<\/span><\/b><\/span><a href=\"https:\/\/twitter.com\/Senoticias\" target=\"_blank\"><b><span style=\"font-size: 10.0pt; font-family: 'Georgia','serif';\">Twitter<\/span><\/b><\/a><strong><span style=\"font-size: 10.0pt; font-family: 'Georgia','serif'; color: #333333;\">,<\/span><\/strong><span class=\"apple-converted-space\"><b><span style=\"font-size: 10.0pt; font-family: 'Georgia','serif'; color: #333333;\">\u00a0<\/span><\/b><\/span><a href=\"https:\/\/www.facebook.com\/senoticias1\" target=\"_blank\"><b><span style=\"font-size: 10.0pt; font-family: 'Georgia','serif';\">Facebook<\/span><\/b><span class=\"apple-converted-space\"><b><span style=\"font-size: 10.0pt; font-family: 'Georgia','serif'; color: windowtext; text-decoration: none; text-underline: none;\">\u00a0<\/span><\/b><\/span><\/a><strong><span style=\"font-size: 10.0pt; font-family: 'Georgia','serif'; color: #333333;\">e no<\/span><\/strong><span class=\"apple-converted-space\"><b><span style=\"font-size: 10.0pt; font-family: 'Georgia','serif'; color: #333333;\">\u00a0<\/span><\/b><\/span><a href=\"https:\/\/www.instagram.com\/senoticias\/\" target=\"_blank\"><b><span style=\"font-size: 10.0pt; font-family: 'Georgia','serif';\">Instagram<\/span><\/b><\/a><strong><span style=\"font-size: 10.0pt; font-family: 'Georgia','serif'; color: #333333;\">.<\/span><\/strong><\/p>\n<p style=\"line-height: 14.25pt;\"><a href=\"http:\/\/senoticias.com.br\/se\/wp-content\/uploads\/2018\/02\/Logomarca-fone-SE-4-2.jpg\"><img loading=\"lazy\" decoding=\"async\" class=\"aligncenter size-full wp-image-110759\" src=\"http:\/\/senoticias.com.br\/se\/wp-content\/uploads\/2018\/02\/Logomarca-fone-SE-4-2.jpg\" alt=\"Logomarca-fone-SE-4-2\" width=\"599\" height=\"78\" srcset=\"https:\/\/senoticias.com.br\/se\/wp-content\/uploads\/2018\/02\/Logomarca-fone-SE-4-2.jpg 599w, https:\/\/senoticias.com.br\/se\/wp-content\/uploads\/2018\/02\/Logomarca-fone-SE-4-2-300x39.jpg 300w\" sizes=\"(max-width: 599px) 100vw, 599px\" \/><\/a><\/p>\n","protected":false},"excerpt":{"rendered":"<p>A parceria firmada entre a Funda\u00e7\u00e3o Municipal de Forma\u00e7\u00e3o para o Trabalho (Fundat) e o Servi\u00e7o Brasileiro de Apoio \u00e0s Micro e Pequenas Empresas (Sebrae) gerou mais uma nova oportunidade ao aracajuano: a oferta gratuita do curso de Higieniza\u00e7\u00e3o e Manipula\u00e7\u00e3o de Alimentos, ministrado pela pr\u00f3pria equipe do Sebrae. Com carga hor\u00e1ria de 12h, a [&hellip;]<\/p>\n","protected":false},"author":2,"featured_media":110856,"comment_status":"closed","ping_status":"closed","sticky":false,"template":"","format":"standard","meta":{"footnotes":""},"categories":[10],"tags":[8738],"class_list":{"0":"post-110855","1":"post","2":"type-post","3":"status-publish","4":"format-standard","5":"has-post-thumbnail","7":"category-empregos","8":"tag-parceria-entre-fundat-e-sebrae-oportuniza-curso-de-higienizacao-e-manipulacao-de-alimentos"},"_links":{"self":[{"href":"https:\/\/senoticias.com.br\/se\/wp-json\/wp\/v2\/posts\/110855"}],"collection":[{"href":"https:\/\/senoticias.com.br\/se\/wp-json\/wp\/v2\/posts"}],"about":[{"href":"https:\/\/senoticias.com.br\/se\/wp-json\/wp\/v2\/types\/post"}],"author":[{"embeddable":true,"href":"https:\/\/senoticias.com.br\/se\/wp-json\/wp\/v2\/users\/2"}],"replies":[{"embeddable":true,"href":"https:\/\/senoticias.com.br\/se\/wp-json\/wp\/v2\/comments?post=110855"}],"version-history":[{"count":0,"href":"https:\/\/senoticias.com.br\/se\/wp-json\/wp\/v2\/posts\/110855\/revisions"}],"wp:featuredmedia":[{"embeddable":true,"href":"https:\/\/senoticias.com.br\/se\/wp-json\/wp\/v2\/media\/110856"}],"wp:attachment":[{"href":"https:\/\/senoticias.com.br\/se\/wp-json\/wp\/v2\/media?parent=110855"}],"wp:term":[{"taxonomy":"category","embeddable":true,"href":"https:\/\/senoticias.com.br\/se\/wp-json\/wp\/v2\/categories?post=110855"},{"taxonomy":"post_tag","embeddable":true,"href":"https:\/\/senoticias.com.br\/se\/wp-json\/wp\/v2\/tags?post=110855"}],"curies":[{"name":"wp","href":"https:\/\/api.w.org\/{rel}","templated":true}]}}