{"id":110847,"date":"2018-02-16T17:07:41","date_gmt":"2018-02-16T20:07:41","guid":{"rendered":"http:\/\/senoticias.com.br\/se\/?p=110847"},"modified":"2018-02-16T17:07:41","modified_gmt":"2018-02-16T20:07:41","slug":"governador-libera-terreno-para-construcao-de-escola-municipal-no-porto-danta","status":"publish","type":"post","link":"https:\/\/senoticias.com.br\/se\/governador-libera-terreno-para-construcao-de-escola-municipal-no-porto-danta\/","title":{"rendered":"Governador libera terreno para constru\u00e7\u00e3o de escola municipal no Porto D\u2019Anta"},"content":{"rendered":"<p style=\"text-align: justify;\"><span style=\"color: #000000;\">O governador Jackson Barreto recebeu, no Pal\u00e1cio de Veraneio, o prefeito de Aracaju, Edvaldo Nogueira. O encontro teve como pauta a solicita\u00e7\u00e3o da gest\u00e3o Municipal para libera\u00e7\u00e3o de terreno no Conjunto Jos\u00e9 Eduardo Dutra, no Porto D\u2019Anta, onde ser\u00e1 constru\u00edda uma escola de Educa\u00e7\u00e3o Infantil.<\/span><\/p>\n<p style=\"text-align: justify;\"><span style=\"color: #000000;\">Para o governador, \u00e9 uma grande alegria trabalhar em parceria com o munic\u00edpio. &#8220;Estou muito feliz com essa autoriza\u00e7\u00e3o, porque quando nasce uma escola, nasce uma esperan\u00e7a. \u00c9 o governo do Estado trabalhando com a Prefeitura de Aracaju em prol da popula\u00e7\u00e3o da periferia. Aquela regi\u00e3o nunca teve um investimento t\u00e3o forte quanto o que n\u00f3s (governo e prefeitura) estamos fazendo ali&#8221;, ressaltou Jackson Barreto.<\/span><\/p>\n<div id=\"attachment_110848\" style=\"width: 609px\" class=\"wp-caption aligncenter\"><a href=\"http:\/\/senoticias.com.br\/se\/wp-content\/uploads\/2018\/02\/edvaldo-e-jackson-SENOTICIAS.png\"><img loading=\"lazy\" decoding=\"async\" aria-describedby=\"caption-attachment-110848\" class=\"size-full wp-image-110848\" src=\"http:\/\/senoticias.com.br\/se\/wp-content\/uploads\/2018\/02\/edvaldo-e-jackson-SENOTICIAS-e1518811567425.png\" alt=\"Com a libera\u00e7\u00e3o do terreno e a constru\u00e7\u00e3o da escola, as crian\u00e7as que moram na regi\u00e3o ser\u00e3o as mais beneficiadas \/ Fotos: Jorge Henrique\/ASN\" width=\"599\" height=\"599\" \/><\/a><p id=\"caption-attachment-110848\" class=\"wp-caption-text\">Com a libera\u00e7\u00e3o do terreno e a constru\u00e7\u00e3o da escola, as crian\u00e7as que moram na regi\u00e3o ser\u00e3o as mais beneficiadas \/ Fotos: Jorge Henrique\/ASN<\/p><\/div>\n<p style=\"text-align: justify;\"><span style=\"color: #000000;\">Edvaldo Nogueira tamb\u00e9m se diz muito satisfeito com essa libera\u00e7\u00e3o e o quanto a nova escola beneficiar\u00e1 a popula\u00e7\u00e3o daquela regi\u00e3o. &#8220;Mais uma parceria dando certo. L\u00e1 ser\u00e1 constru\u00edda essa escola de Educa\u00e7\u00e3o Infantil, que acolher\u00e1 crian\u00e7as com idade de zero a cinco anos. E isso ser\u00e1 poss\u00edvel atrav\u00e9s da parceria Prefeitura e governo do Estado, trabalhando para melhorar a vida das pessoas&#8221;, declarou.<\/span><\/p>\n<p style=\"text-align: justify;\"><span style=\"color: #000000;\">Na oportunidade o governador destacou o trabalho desenvolvido por Edvaldo Nogueira naquela regi\u00e3o e refor\u00e7ou o apoio do governo nas a\u00e7\u00f5es que beneficiam os que mais necessitam. \u201cO prefeito Edvaldo est\u00e1 levando para o conjunto o que \u00e9 de mais necess\u00e1rio, como op\u00e7\u00f5es de lazer, pavimenta\u00e7\u00e3o, ilumina\u00e7\u00e3o. E agora chega essa escola. O governo do Estado construiu o conjunto Jos\u00e9 Eduardo Dutra e agora a Prefeitura chega com a escola. \u00c9 essa parceria que funciona, quando os objetivos s\u00e3o comuns\u201d.<\/span><\/p>\n<p style=\"text-align: justify;\"><span style=\"color: #000000;\">Sobre a contribui\u00e7\u00e3o do Estado com os moradores dos bairros mais carentes, durante a audi\u00eancia com o prefeito da capital, Jackson Barreto informou que, assim como declarou na solenidade das ambul\u00e2ncias, um dos ve\u00edculos deve ser destinado para uma base na Unidade de Sa\u00fade da Fam\u00edlia Osvaldo Leite, que pertence \u00e0 Prefeitura e est\u00e1 localizada no bairro Santa Maria. \u201cJustamente quando o prefeito est\u00e1 realizando novos investimentos naquela regi\u00e3o, o governo do Estado tamb\u00e9m tem que contribuir e fazer a sua parte. Eu n\u00e3o tenho d\u00favidas que at\u00e9 o final do ano a periferia de Aracaju vai viver outra realidade&#8221;, destacou.<\/span><\/p>\n<p style=\"text-align: justify;\">\n<p style=\"text-align: justify;\"><a href=\"http:\/\/senoticias.com.br\/se\/wp-content\/uploads\/2018\/02\/Logomarca-fone-SE-4-2.jpg\"><img loading=\"lazy\" decoding=\"async\" class=\"aligncenter size-full wp-image-110759\" src=\"http:\/\/senoticias.com.br\/se\/wp-content\/uploads\/2018\/02\/Logomarca-fone-SE-4-2.jpg\" alt=\"Logomarca-fone-SE-4-2\" width=\"599\" height=\"78\" srcset=\"https:\/\/senoticias.com.br\/se\/wp-content\/uploads\/2018\/02\/Logomarca-fone-SE-4-2.jpg 599w, https:\/\/senoticias.com.br\/se\/wp-content\/uploads\/2018\/02\/Logomarca-fone-SE-4-2-300x39.jpg 300w\" sizes=\"(max-width: 599px) 100vw, 599px\" \/><\/a><\/p>\n<p><strong>Acompanhe tamb\u00e9m o SE Not\u00edcias no<\/strong><span class=\"apple-converted-space\"><b>\u00a0<\/b><\/span><a href=\"https:\/\/twitter.com\/Senoticias\" target=\"_blank\"><b>Twitter<\/b><\/a><strong>,<\/strong><span class=\"apple-converted-space\"><b>\u00a0<\/b><\/span><a href=\"https:\/\/www.facebook.com\/senoticias1\" target=\"_blank\"><b>Facebook<\/b><span class=\"apple-converted-space\"><b>\u00a0<\/b><\/span><\/a><strong>e no<\/strong><span class=\"apple-converted-space\"><b>\u00a0<\/b><\/span><a href=\"https:\/\/www.instagram.com\/senoticias\/\" target=\"_blank\"><b>Instagram<\/b><\/a><strong>.<\/strong><\/p>\n<p>Por ASN<\/p>\n","protected":false},"excerpt":{"rendered":"<p>O governador Jackson Barreto recebeu, no Pal\u00e1cio de Veraneio, o prefeito de Aracaju, Edvaldo Nogueira. O encontro teve como pauta a solicita\u00e7\u00e3o da gest\u00e3o Municipal para libera\u00e7\u00e3o de terreno no Conjunto Jos\u00e9 Eduardo Dutra, no Porto D\u2019Anta, onde ser\u00e1 constru\u00edda uma escola de Educa\u00e7\u00e3o Infantil. Para o governador, \u00e9 uma grande alegria trabalhar em parceria [&hellip;]<\/p>\n","protected":false},"author":2,"featured_media":0,"comment_status":"closed","ping_status":"closed","sticky":false,"template":"","format":"standard","meta":{"footnotes":""},"categories":[38],"tags":[339,1306,1436,63,2745,2168,223],"class_list":{"0":"post-110847","1":"post","2":"type-post","3":"status-publish","4":"format-standard","6":"category-municipios","7":"tag-aracaju","8":"tag-educacao","9":"tag-edvaldo","10":"tag-escola","11":"tag-jackson","12":"tag-politica","13":"tag-sergipe"},"_links":{"self":[{"href":"https:\/\/senoticias.com.br\/se\/wp-json\/wp\/v2\/posts\/110847"}],"collection":[{"href":"https:\/\/senoticias.com.br\/se\/wp-json\/wp\/v2\/posts"}],"about":[{"href":"https:\/\/senoticias.com.br\/se\/wp-json\/wp\/v2\/types\/post"}],"author":[{"embeddable":true,"href":"https:\/\/senoticias.com.br\/se\/wp-json\/wp\/v2\/users\/2"}],"replies":[{"embeddable":true,"href":"https:\/\/senoticias.com.br\/se\/wp-json\/wp\/v2\/comments?post=110847"}],"version-history":[{"count":0,"href":"https:\/\/senoticias.com.br\/se\/wp-json\/wp\/v2\/posts\/110847\/revisions"}],"wp:attachment":[{"href":"https:\/\/senoticias.com.br\/se\/wp-json\/wp\/v2\/media?parent=110847"}],"wp:term":[{"taxonomy":"category","embeddable":true,"href":"https:\/\/senoticias.com.br\/se\/wp-json\/wp\/v2\/categories?post=110847"},{"taxonomy":"post_tag","embeddable":true,"href":"https:\/\/senoticias.com.br\/se\/wp-json\/wp\/v2\/tags?post=110847"}],"curies":[{"name":"wp","href":"https:\/\/api.w.org\/{rel}","templated":true}]}}