{"id":110843,"date":"2018-02-16T16:41:32","date_gmt":"2018-02-16T19:41:32","guid":{"rendered":"http:\/\/senoticias.com.br\/se\/?p=110843"},"modified":"2018-02-16T20:03:34","modified_gmt":"2018-02-16T23:03:34","slug":"jackson-entrega-30-novas-ambulancias-para-ampliacao-dos-servicos-do-samu","status":"publish","type":"post","link":"https:\/\/senoticias.com.br\/se\/jackson-entrega-30-novas-ambulancias-para-ampliacao-dos-servicos-do-samu\/","title":{"rendered":"Governador entrega 30 novas ambul\u00e2ncias para amplia\u00e7\u00e3o dos servi\u00e7os do Samu"},"content":{"rendered":"<p style=\"text-align: justify;\"><span style=\"color: #000000;\">O governador Jackson Barreto realizou a entrega de 30 novas ambul\u00e2ncias \u00e0 frota do Servi\u00e7o de Atendimento M\u00f3vel de Urg\u00eancia &#8211; Samu 192 Sergipe, nesta sexta-feira, 16. Com as novas unidades, a frota da Samu passa de 59 para 89 ve\u00edculos. Na ocasi\u00e3o, tamb\u00e9m foram entregues cinco novas viaturas \u00e0 Pol\u00edcia Militar de Sergipe para refor\u00e7o do policiamento comunit\u00e1rio na capital e interior. Os dois investimentos somam R$ 6.378.580,00.<\/span><\/p>\n<p style=\"text-align: justify;\"><span style=\"color: #000000;\">O governador explicou que o investimento nas ambul\u00e2ncias, R$ 5.388.580,00, tem como objetivo tornar o servi\u00e7o ainda mais eficiente em Sergipe e, principalmente, salvar vidas. &#8220;Essas ambul\u00e2ncias ir\u00e3o salvar vidas. Com isso, refor\u00e7amos nosso compromisso de cuidar das pessoas e oferecer, especialmente, maior assist\u00eancia aos mais pobres, embora saibamos que as ambul\u00e2ncias atendem a todos: pobre, quem \u00e9 da classe m\u00e9dia e tamb\u00e9m o rico. N\u00f3s somos o servi\u00e7o p\u00fablico e temos a obriga\u00e7\u00e3o de prestar um bom servi\u00e7o e \u00e9 o que estamos fazendo aqui\u201d.<\/span><\/p>\n<p style=\"text-align: justify;\"><span style=\"color: #000000;\">Os 30 ve\u00edculos tipo USB (Unidades de Suporte B\u00e1sico), conforme a necessidade, poder\u00e3o ser adaptados e transformados em USA (Unidades de Suporte Avan\u00e7ado). Os ve\u00edculos de socorro se destinar\u00e3o \u00e0s bases descentralizadas de Aracaju e do interior do estado. O Samu, em Sergipe, mant\u00e9m em funcionamento 36 bases descentralizadas instaladas em 34 munic\u00edpios sergipanos.<\/span><\/p>\n<div id=\"attachment_110844\" style=\"width: 609px\" class=\"wp-caption aligncenter\"><a href=\"http:\/\/senoticias.com.br\/se\/wp-content\/uploads\/2018\/02\/ambulancia-samu-SENOTICIAS-e1518810041699.jpg\"><img loading=\"lazy\" decoding=\"async\" aria-describedby=\"caption-attachment-110844\" class=\"size-full wp-image-110844\" src=\"http:\/\/senoticias.com.br\/se\/wp-content\/uploads\/2018\/02\/ambulancia-samu-SENOTICIAS-e1518810041699.jpg\" alt=\"Foto: Marcelle Cristinne\/ASN\" width=\"599\" height=\"400\" \/><\/a><p id=\"caption-attachment-110844\" class=\"wp-caption-text\">Ambul\u00e2ncias foram entregues nesta sexta-feira (foto: Marcelle Cristinne\/ASN)<\/p><\/div>\n<p style=\"text-align: justify;\"><span style=\"color: #000000;\">Segundo Jackson, as bases do Samu j\u00e1 come\u00e7am a operar a partir da pr\u00f3xima semana. \u201cInclusive, j\u00e1 h\u00e1 defini\u00e7\u00f5es. \u201cVamos inovar, colocar base do Samu na periferia de Aracaju para agilizar a assist\u00eancias, salvar vidas e cuidar do povo mais pobre. Vamos levar unidades tamb\u00e9m para interior do estado, para \u00e1reas que nunca tiveram a oportunidade de ter uma ambul\u00e2ncia. Vai ter uma base, por exemplo, no Povoado Santa Rosa do Erm\u00edrio, em Po\u00e7o Redondo, que fica pr\u00f3ximo \u00e0 fronteira com a Bahia e faz limite com Pedro Alexandre. Estive em Santa Rosa do Erm\u00edrio com o prefeito e j\u00e1 anunciei para a popula\u00e7\u00e3o da regi\u00e3o. Assim como anunciamos ao prefeito de Tobias Barreto que o munic\u00edpio ganhar\u00e1 mais uma unidade. Em Brejo Grande, teremos outra base do Samu. Queremos colocar uma base ainda na extrema periferia de Aracaju. Quando prefeito, constru\u00ed o Centro de Sa\u00fade no Jap\u00e3ozinho e coloquei uma ambul\u00e2ncia, outra no povoado Areia Branca, perto do Mosqueiro. Quero colocar uma dessas ambul\u00e2ncias tamb\u00e9m no Santa Maria. Significa salvar vidas, dar mais apoio \u00e0 popula\u00e7\u00e3o carente do estado e, cada vez mais, modernizar a sa\u00fade e atender \u00e0s car\u00eancias da nossa popula\u00e7\u00e3o\u201d, disse o governador.<\/span><\/p>\n<p style=\"text-align: justify;\"><span style=\"color: #000000;\">A Unidade de Suporte B\u00e1sico (USB) \u00e9 um ve\u00edculo destinado ao transporte inter-hospitalar de pacientes com risco de vida e ao atendimento pr\u00e9-hospitalar de pacientes com risco de vida ainda n\u00e3o diagnosticado, n\u00e3o classificado com potencial de necessitar de interven\u00e7\u00e3o m\u00e9dica no local e\/ou durante transporte at\u00e9 o servi\u00e7o de destino. J\u00e1 a Unidade de Suporte Avan\u00e7ado (USA) \u00e9 um ve\u00edculo destinado ao atendimento e transporte de pacientes de alto risco em emerg\u00eancias pr\u00e9-hospitalares e\/ou de transporte inter-hospitalar que necessitam de cuidados m\u00e9dicos intensivos.<\/span><\/p>\n<p style=\"text-align: justify;\"><span style=\"color: #000000;\">Para o vice-governador Belivado Chagas, a entrega dessas ambul\u00e2ncias \u00e9 uma verdadeira demonstra\u00e7\u00e3o de preocupa\u00e7\u00e3o de Jackson Barreto com a popula\u00e7\u00e3o sergipana. \u201cA unidade do Samu tem um resultado pr\u00e1tico, positivo. N\u00f3s est\u00e1vamos com uma frota envelhecida. Em determinado momento, houve recupera\u00e7\u00e3o, aluguel de algumas ambul\u00e2ncias tamb\u00e9m. Mas, agora, com recursos pr\u00f3prios e com o esfor\u00e7o que o governador resolveu empreender, foram adquiridas essas 30 novas unidades. Isso \u00e9 a garantia que os munic\u00edpios ser\u00e3o atendidos, a oferta. \u00c9 a preocupa\u00e7\u00e3o do governo do Estado em cuidar melhor da sa\u00fade. Preparando e equipando melhor essa \u00e1rea, o que automaticamente se estende a um atendimento de melhor qualidade para a popula\u00e7\u00e3o\u201d.<\/span><\/p>\n<p style=\"text-align: justify;\"><span style=\"color: #000000;\">De acordo com o secret\u00e1rio de Estado da Sa\u00fade, Almeida Lima, a entrega das ambul\u00e2ncias \u00e9 mais um passo para o fortalecimento da Sa\u00fade em Sergipe. \u201cA not\u00edcia \u00e9 positiva e agrada toda a popula\u00e7\u00e3o. Foi uma determina\u00e7\u00e3o do pr\u00f3prio governador Jackson Barreto, que tem acompanhado diariamente as nossas a\u00e7\u00f5es\u201d.<\/span><\/p>\n<p style=\"text-align: justify;\"><span style=\"color: #000000;\">Al\u00e9m de ampliar as bases no Estado, os novos ve\u00edculos tamb\u00e9m ajudar\u00e3o a revitalizar a frota do Samu em Sergipe. Conforme Almeida Lima, a expectativa \u00e9 que, em breve, mais 30 novas unidades cheguem ao estado. \u201cVamos substituir alguns ve\u00edculos j\u00e1 com vida \u00fatil esgotada. Em tese, o problema das frotas est\u00e1 resolvido. Todas elas j\u00e1 estar\u00e3o operando imediatamente e acredito que, daqui a uns 30 dias, o Minist\u00e9rio da S\u00e1ude possa liberar outras 30 novas ambul\u00e2ncias, pois as de hoje foram adquiridas com recursos do Estado. Assim, passaremos a ter mais de 100 ambul\u00e2ncias trabalhando j\u00e1 com o planejamento de distribui\u00e7\u00e3o para todo o interior do estado e amplia\u00e7\u00e3o em Aracaju\u201d, informou o secret\u00e1rio.<\/span><\/p>\n<p style=\"text-align: justify;\"><span style=\"color: #000000;\">A superintendente do Samu, Maria L\u00facia Santos, ressaltou que os novos ve\u00edculos representam um ganho para popula\u00e7\u00e3o e para os servidores da Sa\u00fade, que poder\u00e3o prestar um servi\u00e7o de maior qualidade. \u201cPoderemos chegar com mais brevidade, mais rapidez \u00e0s necessidades da popula\u00e7\u00e3o. O Samu atende aos 75 munic\u00edpios, n\u00e3o somente aos munic\u00edpios sedes. Ent\u00e3o, \u00e9 um servi\u00e7o que transversaliza para atender \u00e0s necessidades das pessoas nos momentos dif\u00edceis. A incorpora\u00e7\u00e3o dessas viaturas vai facilitar e agilizar os servi\u00e7os, considerando que s\u00e3o viaturas novas. Tamb\u00e9m vai facilitar o trabalho do servidor, que estar\u00e1 de posse de um ve\u00edculo zero. A gente imagina que o servidor do Samu vai estar completamente satisfeito. Porque eu sou servidora, e no momento, este \u00e9 o meu sentimento. De muita felicidade e de muita gratid\u00e3o por essas a\u00e7\u00f5es do governador e do secret\u00e1rio, nessa sensibilidade para com os servi\u00e7os e na aquisi\u00e7\u00e3o dessas viaturas\u201d, declarou.<\/span><\/p>\n<p style=\"text-align: justify;\"><span style=\"color: #000000;\"><strong>Seguran\u00e7a<\/strong><\/span><\/p>\n<p style=\"text-align: justify;\"><span style=\"color: #000000;\">O governador tamb\u00e9m entregou cinco novas viaturas \u00e0 Pol\u00edcia Militar de Sergipe (PMSE). Um investimento na ordem de R$ 990.000,00. Os ve\u00edculos entregues, modelo Renault Master Vitr\u00e9, comp\u00f5em o mais recente lote de viaturas do projeto de renova\u00e7\u00e3o e amplia\u00e7\u00e3o da frota ostensiva da PM, a qual contar\u00e1 com viaturas equipadas com c\u00e2meras externas e internas, grava\u00e7\u00e3o em alta defini\u00e7\u00e3o, com capacidade de armazenamento de imagens de 500GB, ligadas remotamente com a sala de situa\u00e7\u00e3o da Pol\u00edcia Militar.<\/span><\/p>\n<p style=\"text-align: justify;\"><span style=\"color: #000000;\">O comandante geral da PM, Marcony Cabral, afirmou que as bases foram testadas recentemente e comprovaram sua efici\u00eancia. \u201cNos momentos de crise \u00e9 que a criatividade precisa aparecer e \u00e9 o que presenciamos aqui hoje. Essa aquisi\u00e7\u00e3o de novas bases m\u00f3veis \u00e9 muito importante para a PM e para a seguran\u00e7a no estado. Elas t\u00eam um monitoramento, interligado ao smartphone, que ativa a base. Ent\u00e3o o policiamento passa a ser interligado. O que confere tamb\u00e9m mais seguran\u00e7as \u00e0s ocorr\u00eancias\u201d, exp\u00f4s.<\/span><\/p>\n<p style=\"text-align: justify;\"><span style=\"color: #000000;\"><strong>Mais Sa\u00fade<\/strong><\/span><\/p>\n<p style=\"text-align: justify;\"><span style=\"color: #000000;\">Em novembro de 2017, o governo do Estado de Sergipe, SES e Funda\u00e7\u00e3o Hospitalar de Sa\u00fade realizaram a entrega de 465 equipamentos hospitalares, que haviam sido adquiridos pela Secretaria. Os equipamentos foram distribu\u00eddos entre as unidades da Rede P\u00fablica de sa\u00fade com prioridade para o Huse e constitu\u00edam a primeira entrega de um lote de equipamentos adquiridos pelo Estado com um investimento superior a R$ 17 milh\u00f5es.<\/span><\/p>\n<p style=\"text-align: justify;\"><span style=\"color: #000000;\">Os aparelhos foram distribu\u00eddos a 13 unidades hospitalares e ao Samu Sergipe e possibilitam a amplia\u00e7\u00e3o da presta\u00e7\u00e3o de servi\u00e7os. Foram 21 tipos diferentes de equipamentos com destaque para: monitores de sinais vitais\/ respiradores artificiais\/ aparelhos de anestesia\/ desfibriladores card\u00edacos\/ aparelhos de ultrassom colorido\/ incubadoras para rec\u00e9m-nascidos.<\/span><\/p>\n<p style=\"text-align: justify;\"><span style=\"color: #000000;\"><strong>Ambul\u00e2ncias<\/strong><\/span><\/p>\n<p style=\"text-align: justify;\"><span style=\"color: #000000;\">Em setembro de 2017, o governo do Estado de Sergipe, por meio da Secretaria de Estado da Sa\u00fade, realizou a entrega de 32 novos ve\u00edculos, ao sistema p\u00fablico de sa\u00fade do Estado de Sergipe. Foram 26 ambul\u00e2ncias tipo A, destinadas ao transporte inter-hospitalar, servindo a pacientes que n\u00e3o est\u00e3o em urg\u00eancia. Os ve\u00edculos desafogaram o Samu, cujas viaturas vinham procedendo a essas transfer\u00eancias. Duas ambul\u00e2ncias foram destinadas ao Hospital de Urg\u00eancia de Sergipe &#8211; Huse. As demais 24 foram distribu\u00eddos a hospitais e secretarias de sa\u00fade do interior.<\/span><\/p>\n<p style=\"text-align: justify;\"><span style=\"color: #000000;\">O investimento na aquisi\u00e7\u00e3o das 26 ambul\u00e2ncias foi de R$ 1.398.660,00, recursos oriundos do tesouro estadual. Al\u00e9m das 26 ambul\u00e2ncias foram entregues 03 caminh\u00f5es para distribui\u00e7\u00e3o de vacinas utilizados pelo setor de epidemiologia da Secretaria de Estado da Sa\u00fade; 02 ve\u00edculos utilit\u00e1rios dobl\u00f4s, utilizados pela vigil\u00e2ncia sanit\u00e1ria e 01 ve\u00edculo destinado ao banco de leite da Secretaria de Estado da Sa\u00fade.<\/span><\/p>\n<p style=\"text-align: justify;\"><span style=\"color: #000000;\">Nos \u00faltimos anos, o governo do Estado empreendeu um vasto n\u00famero de a\u00e7\u00f5es na \u00e1rea da sa\u00fade. Apenas nas a\u00e7\u00f5es que dizem respeito \u00e0 interioriza\u00e7\u00e3o dos servi\u00e7os de sa\u00fade foram mais de R$ 300 milh\u00f5es investidos desde 2007.<\/span><\/p>\n<p style=\"text-align: justify;\"><span style=\"color: #000000;\">Seis hospitais regionais foram inaugurados (Lagarto \u2013 hoje gerido pela EBSERH -, Propri\u00e1, Est\u00e2ncia, Nossa Senhora do Socorro, Itabaiana e Nossa Senhora da Gl\u00f3ria) e 04 UPA&#8217;s (Boquim, Sim\u00e3o Dias, Po\u00e7o Redondo e Porto da Folha). Houve ainda a entrega de parte da obra de S\u00e3o Crist\u00f3v\u00e3o e entrega do novo setor de urg\u00eancia do Hospital Local de Tobias Barreto. Foram inauguradas 88 cl\u00ednicas de sa\u00fade da fam\u00edlia distribu\u00eddas estrategicamente em 75 munic\u00edpios.<\/span><\/p>\n<p style=\"text-align: justify;\"><span style=\"color: #000000;\">O governo do Estado est\u00e1 construindo o Centro Especializado em Reabilita\u00e7\u00e3o \u2013 CER \u2013 IV, localizado no Centro Administrativo. O CER IV est\u00e1 or\u00e7ado em R$ 16.836.991,00 sendo R$ 4.700.000,00 de contrapartida estadual, provenientes do Proinveste. Est\u00e3o previstos ainda R$ 4.300.000,00 para aquisi\u00e7\u00e3o de equipamentos, totalizado um investimento de R$ 21.136.991,00.<\/span><\/p>\n<p style=\"text-align: justify;\"><span style=\"color: #000000;\">Huse O governo do Estado j\u00e1 investiu cerca de R$ 40 milh\u00f5es em reformas e adequa\u00e7\u00f5es no Huse, com interven\u00e7\u00f5es no Pronto Socorro, Centro Cir\u00fargico, unidade pedi\u00e1trica, UTI e centro de oncologia e radiologia.<\/span><\/p>\n<p style=\"text-align: justify;\"><span style=\"color: #000000;\">O Huse recebe cerca de 500 pacientes por dia e \u00e9 refer\u00eancia no atendimento aos casos de alta complexidade. Possui 75 leitos de UTI (65 adultos e 10 pedi\u00e1tricos). Nos \u00faltimos anos um crescimento significativo nos leitos de UTI, passou-se de 13 leitos de UTI adulto para 65, e de 6 de UTI pedi\u00e1trico para 10. Com a reforma do Centro de Oncologia, o n\u00famero de leitos para quimioterapia para adultos foi de 20 a 27. A quimioterapia infantil tem 07 leitos.<\/span><\/p>\n<p style=\"text-align: justify;\"><span style=\"color: #000000;\">\u201cEstou muito feliz com os investimentos que estamos fazendo na Sa\u00fade. Vamos agora inaugurar o Centro Administrativo Senador Gilvan Rocha. Estamos concluindo a Maternidade Hildete Batista, que estava fechada h\u00e1 v\u00e1rios anos. Estamos concluindo a reforma e a amplia\u00e7\u00e3o do Hospital de Nossa Senhora da Gl\u00f3ria e vamos ampliar os servi\u00e7os do Hospital Dr. Jess\u00e9 Fontes em Est\u00e2ncia. De sorte que, aumentamos o n\u00famero de leitos no Huse e vamos inaugurar tamb\u00e9m o Bunker. Estamos aguardando a Ag\u00eancia Nacional de Energia Nuclear, para com isso, colocarmos para funcionar a nova unidade de Radioterapia. S\u00e3o investimentos enormes na \u00e1rea da Sa\u00fade. Todos tendo como foco o atendimento \u00e0 popula\u00e7\u00e3o, em especial, aos mais pobres de Sergipe, que mais precisam dessas a\u00e7\u00f5es\u201d, concluiu Jackson Barreto.<\/span><\/p>\n<p style=\"text-align: justify;\"><a href=\"http:\/\/senoticias.com.br\/se\/wp-content\/uploads\/2018\/02\/Logomarca-fone-SE-4-2.jpg\"><img loading=\"lazy\" decoding=\"async\" class=\"aligncenter size-full wp-image-110759\" src=\"http:\/\/senoticias.com.br\/se\/wp-content\/uploads\/2018\/02\/Logomarca-fone-SE-4-2.jpg\" alt=\"Logomarca-fone-SE-4-2\" width=\"599\" height=\"78\" srcset=\"https:\/\/senoticias.com.br\/se\/wp-content\/uploads\/2018\/02\/Logomarca-fone-SE-4-2.jpg 599w, https:\/\/senoticias.com.br\/se\/wp-content\/uploads\/2018\/02\/Logomarca-fone-SE-4-2-300x39.jpg 300w\" sizes=\"(max-width: 599px) 100vw, 599px\" \/><\/a><\/p>\n<p><em><strong>Acompanhe tamb\u00e9m o SE Not\u00edcias no<\/strong><span class=\"apple-converted-space\"><b>\u00a0<\/b><\/span><a href=\"https:\/\/twitter.com\/Senoticias\" target=\"_blank\"><b>Twitter<\/b><\/a><strong>,<\/strong><span class=\"apple-converted-space\"><b>\u00a0<\/b><\/span><a href=\"https:\/\/www.facebook.com\/senoticias1\" target=\"_blank\"><b>Facebook<\/b><span class=\"apple-converted-space\"><b>\u00a0<\/b><\/span><\/a><strong>e no<\/strong><span class=\"apple-converted-space\"><b>\u00a0<\/b><\/span><a href=\"https:\/\/www.instagram.com\/senoticias\/\" target=\"_blank\"><b>Instagram<\/b><\/a><\/em><\/p>\n<p><em>Por ASN<\/em><\/p>\n","protected":false},"excerpt":{"rendered":"<p>O governador Jackson Barreto realizou a entrega de 30 novas ambul\u00e2ncias \u00e0 frota do Servi\u00e7o de Atendimento M\u00f3vel de Urg\u00eancia &#8211; Samu 192 Sergipe, nesta sexta-feira, 16. Com as novas unidades, a frota da Samu passa de 59 para 89 ve\u00edculos. Na ocasi\u00e3o, tamb\u00e9m foram entregues cinco novas viaturas \u00e0 Pol\u00edcia Militar de Sergipe para [&hellip;]<\/p>\n","protected":false},"author":2,"featured_media":0,"comment_status":"closed","ping_status":"closed","sticky":false,"template":"","format":"standard","meta":{"footnotes":""},"categories":[15,6],"tags":[4269,339,2745,2168,4479,1304,223],"class_list":{"0":"post-110843","1":"post","2":"type-post","3":"status-publish","4":"format-standard","6":"category-destaques","7":"category-politica","8":"tag-ambulancias","9":"tag-aracaju","10":"tag-jackson","11":"tag-politica","12":"tag-samu","13":"tag-saude","14":"tag-sergipe"},"_links":{"self":[{"href":"https:\/\/senoticias.com.br\/se\/wp-json\/wp\/v2\/posts\/110843"}],"collection":[{"href":"https:\/\/senoticias.com.br\/se\/wp-json\/wp\/v2\/posts"}],"about":[{"href":"https:\/\/senoticias.com.br\/se\/wp-json\/wp\/v2\/types\/post"}],"author":[{"embeddable":true,"href":"https:\/\/senoticias.com.br\/se\/wp-json\/wp\/v2\/users\/2"}],"replies":[{"embeddable":true,"href":"https:\/\/senoticias.com.br\/se\/wp-json\/wp\/v2\/comments?post=110843"}],"version-history":[{"count":0,"href":"https:\/\/senoticias.com.br\/se\/wp-json\/wp\/v2\/posts\/110843\/revisions"}],"wp:attachment":[{"href":"https:\/\/senoticias.com.br\/se\/wp-json\/wp\/v2\/media?parent=110843"}],"wp:term":[{"taxonomy":"category","embeddable":true,"href":"https:\/\/senoticias.com.br\/se\/wp-json\/wp\/v2\/categories?post=110843"},{"taxonomy":"post_tag","embeddable":true,"href":"https:\/\/senoticias.com.br\/se\/wp-json\/wp\/v2\/tags?post=110843"}],"curies":[{"name":"wp","href":"https:\/\/api.w.org\/{rel}","templated":true}]}}