{"id":110841,"date":"2018-02-16T16:16:11","date_gmt":"2018-02-16T19:16:11","guid":{"rendered":"http:\/\/senoticias.com.br\/se\/?p=110841"},"modified":"2018-02-16T20:04:34","modified_gmt":"2018-02-16T23:04:34","slug":"smtt-faz-manutencao-em-semaforos-para-prevenir-panes-em-dias-chuvosos","status":"publish","type":"post","link":"https:\/\/senoticias.com.br\/se\/smtt-faz-manutencao-em-semaforos-para-prevenir-panes-em-dias-chuvosos\/","title":{"rendered":"SMTT faz manuten\u00e7\u00e3o em sem\u00e1foros para prevenir panes em dias chuvosos"},"content":{"rendered":"<p style=\"text-align: justify;\"><span style=\"color: #000000;\">A Superintend\u00eancia Municipal de Transportes e Tr\u00e2nsito de Aracaju (SMTT) iniciou a manuten\u00e7\u00e3o dos sem\u00e1foros da cidade para prevenir panes el\u00e9tricas durante o per\u00edodo chuvoso. A fia\u00e7\u00e3o est\u00e1 sendo trocada e os equipamentos est\u00e3o passando por uma revis\u00e3o com o objetivo de evitar transtornos no fluxo de ve\u00edculos da cidade nos dias com chuva acima da m\u00e9dia.<\/span><\/p>\n<div id=\"attachment_110842\" style=\"width: 609px\" class=\"wp-caption aligncenter\"><a href=\"http:\/\/senoticias.com.br\/se\/wp-content\/uploads\/2018\/02\/sem\u00e1foros-SENOTICIAS-e1518807920526.jpeg\"><img loading=\"lazy\" decoding=\"async\" aria-describedby=\"caption-attachment-110842\" class=\"size-full wp-image-110842\" src=\"http:\/\/senoticias.com.br\/se\/wp-content\/uploads\/2018\/02\/sem\u00e1foros-SENOTICIAS-e1518807920526.jpeg\" alt=\"Foto: Ascom\/SMTT\" width=\"599\" height=\"337\" \/><\/a><p id=\"caption-attachment-110842\" class=\"wp-caption-text\">Foto: Ascom\/SMTT<\/p><\/div>\n<p style=\"text-align: justify;\"><span style=\"color: #000000;\">Os cruzamentos cujos sem\u00e1foros j\u00e1 tiveram os cabos substitu\u00eddos foram: av. Pedro Valadares x av. Jornalista Santos Santana; av. Pedro Valadares x rua Manoel Dias da Costa; av. Sime\u00e3o Sobral x av. Ant\u00f4nio Cabral; av. Maranh\u00e3o x av. Gentil Tavares; av. Tancredo Neves x av. Professor Jos\u00e9 Olino de Lima Neto; av. Beira Mar x av. Murilo Dantas; av. Maranh\u00e3o x av. Alcides Fontes; e av. Serafim Bonfim x av. Euclides Figueiredo. Outros ser\u00e3o trocados nas pr\u00f3ximas semanas.<\/span><\/p>\n<p style=\"text-align: justify;\"><span style=\"color: #000000;\">\u201cFizemos um levantamento a partir das planilhas de manuten\u00e7\u00e3o no \u00faltimo per\u00edodo chuvoso, identificamos os sem\u00e1foros que mais apresentam problemas neste per\u00edodo e agimos. Agora n\u00f3s colocamos cabos novos em todos esses cruzamentos e refor\u00e7amos a seguran\u00e7a nas caixas controladoras para evitar os furtos de cabeamento. J\u00e1 percebemos uma redu\u00e7\u00e3o nas ocorr\u00eancias\u201d, explica o superintendente da SMTT, Arist\u00f3teles Fernandes.<\/span><\/p>\n<p style=\"text-align: justify;\"><strong><span style=\"color: #000000;\">Plano de Conting\u00eancia<\/span><\/strong><\/p>\n<p style=\"text-align: justify;\"><span style=\"color: #000000;\">Esta e outras a\u00e7\u00f5es preventivas da SMTT fazem parte do Plano de Conting\u00eancia da Prefeitura de Aracaju, conduzido pelo prefeito Edvaldo Nogueira e pelo Comit\u00ea de Gerenciamento de Crise, composto por membros da SMTT, Assist\u00eancia Social, Defesa Social, Comunica\u00e7\u00e3o, Emsurb, Sa\u00fade, Guarda Municipal e Emurb.<\/span><\/p>\n<p style=\"text-align: justify;\"><span style=\"color: #000000;\">Al\u00e9m das a\u00e7\u00f5es preventivas, a SMTT de Aracaju est\u00e1 preparada para atuar em situa\u00e7\u00f5es de alagamentos, inunda\u00e7\u00f5es e\/ou enchentes com a cria\u00e7\u00e3o de um plano de chamada e disponibilidade de efetivo extra para agir de acordo com as necessidades apontadas pela Defesa Civil Municipal.<\/span><\/p>\n<p style=\"text-align: justify;\"><a href=\"http:\/\/senoticias.com.br\/se\/wp-content\/uploads\/2018\/02\/Logomarca-fone-SE-4-2.jpg\"><img loading=\"lazy\" decoding=\"async\" class=\"aligncenter size-full wp-image-110759\" src=\"http:\/\/senoticias.com.br\/se\/wp-content\/uploads\/2018\/02\/Logomarca-fone-SE-4-2.jpg\" alt=\"Logomarca-fone-SE-4-2\" width=\"599\" height=\"78\" srcset=\"https:\/\/senoticias.com.br\/se\/wp-content\/uploads\/2018\/02\/Logomarca-fone-SE-4-2.jpg 599w, https:\/\/senoticias.com.br\/se\/wp-content\/uploads\/2018\/02\/Logomarca-fone-SE-4-2-300x39.jpg 300w\" sizes=\"(max-width: 599px) 100vw, 599px\" \/><\/a><\/p>\n<p style=\"text-align: justify;\"><strong>Acompanhe tamb\u00e9m o SE Not\u00edcias no<\/strong><span class=\"apple-converted-space\"><b>\u00a0<\/b><\/span><a href=\"https:\/\/twitter.com\/Senoticias\" target=\"_blank\"><b>Twitter<\/b><\/a><strong>,<\/strong><span class=\"apple-converted-space\"><b>\u00a0<\/b><\/span><a href=\"https:\/\/www.facebook.com\/senoticias1\" target=\"_blank\"><b>Facebook<\/b><span class=\"apple-converted-space\"><b>\u00a0<\/b><\/span><\/a><strong>e no<\/strong><span class=\"apple-converted-space\"><b>\u00a0<\/b><\/span><a href=\"https:\/\/www.instagram.com\/senoticias\/\" target=\"_blank\"><b>Instagram<\/b><\/a><strong>.<\/strong><\/p>\n<p style=\"text-align: justify;\">Por SMTT<\/p>\n","protected":false},"excerpt":{"rendered":"<p>A Superintend\u00eancia Municipal de Transportes e Tr\u00e2nsito de Aracaju (SMTT) iniciou a manuten\u00e7\u00e3o dos sem\u00e1foros da cidade para prevenir panes el\u00e9tricas durante o per\u00edodo chuvoso. A fia\u00e7\u00e3o est\u00e1 sendo trocada e os equipamentos est\u00e3o passando por uma revis\u00e3o com o objetivo de evitar transtornos no fluxo de ve\u00edculos da cidade nos dias com chuva acima [&hellip;]<\/p>\n","protected":false},"author":2,"featured_media":0,"comment_status":"closed","ping_status":"closed","sticky":false,"template":"","format":"standard","meta":{"footnotes":""},"categories":[6],"tags":[339,119,8733,8732,223,2979],"class_list":{"0":"post-110841","1":"post","2":"type-post","3":"status-publish","4":"format-standard","6":"category-politica","7":"tag-aracaju","8":"tag-chuvas","9":"tag-prevencaos","10":"tag-semaforos","11":"tag-sergipe","12":"tag-smtt"},"_links":{"self":[{"href":"https:\/\/senoticias.com.br\/se\/wp-json\/wp\/v2\/posts\/110841"}],"collection":[{"href":"https:\/\/senoticias.com.br\/se\/wp-json\/wp\/v2\/posts"}],"about":[{"href":"https:\/\/senoticias.com.br\/se\/wp-json\/wp\/v2\/types\/post"}],"author":[{"embeddable":true,"href":"https:\/\/senoticias.com.br\/se\/wp-json\/wp\/v2\/users\/2"}],"replies":[{"embeddable":true,"href":"https:\/\/senoticias.com.br\/se\/wp-json\/wp\/v2\/comments?post=110841"}],"version-history":[{"count":0,"href":"https:\/\/senoticias.com.br\/se\/wp-json\/wp\/v2\/posts\/110841\/revisions"}],"wp:attachment":[{"href":"https:\/\/senoticias.com.br\/se\/wp-json\/wp\/v2\/media?parent=110841"}],"wp:term":[{"taxonomy":"category","embeddable":true,"href":"https:\/\/senoticias.com.br\/se\/wp-json\/wp\/v2\/categories?post=110841"},{"taxonomy":"post_tag","embeddable":true,"href":"https:\/\/senoticias.com.br\/se\/wp-json\/wp\/v2\/tags?post=110841"}],"curies":[{"name":"wp","href":"https:\/\/api.w.org\/{rel}","templated":true}]}}