{"id":110825,"date":"2018-02-15T21:16:11","date_gmt":"2018-02-16T00:16:11","guid":{"rendered":"http:\/\/senoticias.com.br\/se\/?p=110825"},"modified":"2018-02-17T22:46:36","modified_gmt":"2018-02-18T01:46:36","slug":"21-onibus-sofrem-vandalismo-em-seis-dias-de-carnaval","status":"publish","type":"post","link":"https:\/\/senoticias.com.br\/se\/21-onibus-sofrem-vandalismo-em-seis-dias-de-carnaval\/","title":{"rendered":"21 \u00f4nibus foram alvo de vandalismo no feriado de Carnaval"},"content":{"rendered":"<p style=\"text-align: justify;\"><span style=\"color: #000000;\">O Sindicato das Empresas de Transporte de Passageiros (Setransp) informou nesta quinta-feira, 15 de fevereiro, que 21 \u00f4nibus que fazem o transporte p\u00fablico foram alvos de vandalismo durante o feriado de Carnaval. Por meio de nota, o sindicato lamentou o ocorrido e explicou que o servi\u00e7o ser\u00e1 prejudicado durante a manuten\u00e7\u00e3o dos \u00f4nibus. Leia a nota na \u00edntegra:<\/span><\/p>\n<p>&nbsp;<\/p>\n<p><a href=\"http:\/\/senoticias.com.br\/se\/wp-content\/uploads\/2018\/02\/WhatsApp-Image-2018-02-15-at-10.24.47-PM-e1518740929990.jpeg\"><img loading=\"lazy\" decoding=\"async\" class=\"aligncenter size-full wp-image-110831\" src=\"http:\/\/senoticias.com.br\/se\/wp-content\/uploads\/2018\/02\/WhatsApp-Image-2018-02-15-at-10.24.47-PM-e1518740929990.jpeg\" alt=\"WhatsApp Image 2018-02-15 at 10.24.47 PM\" width=\"599\" height=\"449\" \/><\/a><a href=\"http:\/\/senoticias.com.br\/se\/wp-content\/uploads\/2018\/02\/WhatsApp-Image-2018-02-15-at-10.24.48-PM-e1518740949801.jpeg\"><img loading=\"lazy\" decoding=\"async\" class=\"aligncenter size-full wp-image-110832\" src=\"http:\/\/senoticias.com.br\/se\/wp-content\/uploads\/2018\/02\/WhatsApp-Image-2018-02-15-at-10.24.48-PM-e1518740949801.jpeg\" alt=\"WhatsApp Image 2018-02-15 at 10.24.48 PM\" width=\"599\" height=\"449\" \/><\/a><a href=\"http:\/\/senoticias.com.br\/se\/wp-content\/uploads\/2018\/02\/WhatsApp-Image-2018-02-15-at-10.24.49-PM-e1518740963122.jpeg\"><img loading=\"lazy\" decoding=\"async\" class=\"aligncenter size-full wp-image-110833\" src=\"http:\/\/senoticias.com.br\/se\/wp-content\/uploads\/2018\/02\/WhatsApp-Image-2018-02-15-at-10.24.49-PM-e1518740963122.jpeg\" alt=\"WhatsApp Image 2018-02-15 at 10.24.49 PM\" width=\"449\" height=\"599\" \/><\/a><\/p>\n<div id=\"attachment_110830\" style=\"width: 609px\" class=\"wp-caption aligncenter\"><a href=\"http:\/\/senoticias.com.br\/se\/wp-content\/uploads\/2018\/02\/WhatsApp-Image-2018-02-15-at-10.24.45-PM-e1518740863352.jpeg\"><img loading=\"lazy\" decoding=\"async\" aria-describedby=\"caption-attachment-110830\" class=\"size-full wp-image-110830\" src=\"http:\/\/senoticias.com.br\/se\/wp-content\/uploads\/2018\/02\/WhatsApp-Image-2018-02-15-at-10.24.45-PM-e1518740863352.jpeg\" alt=\"Fotos enviadas pelo Setransp\" width=\"599\" height=\"449\" \/><\/a><p id=\"caption-attachment-110830\" class=\"wp-caption-text\">Fotos enviadas pelo Setransp<\/p><\/div>\n<blockquote>\n<p style=\"text-align: justify;\"><span style=\"color: #000000;\"><em>Embora tenha servido como transporte para maioria da popula\u00e7\u00e3o tamb\u00e9m no feriado de Carnaval, os \u00f4nibus coletivos foram alvos de sequenciais casos de vandalismo. Vinte e um \u00f4nibus foram depredados em apenas seis dias \u2013 de sexta \u00e0 quarta-feira (de 09 a 14\/02). Os ve\u00edculos atingidos neste per\u00edodo carnavalesco foram retirados de circula\u00e7\u00e3o para sofrer reparos, contudo, mesmo a frota reserva sendo acionada, a previs\u00e3o \u00e9 de pelo menos uma semana de desfalque no n\u00famero de ve\u00edculos para o atendimento aos passageiros.<\/em><\/span><\/p>\n<\/blockquote>\n<p style=\"text-align: justify;\"><a href=\"http:\/\/senoticias.com.br\/se\/wp-content\/uploads\/2018\/02\/Logomarca-fone-SE-4-2.jpg\"><img loading=\"lazy\" decoding=\"async\" class=\"aligncenter size-full wp-image-110759\" src=\"http:\/\/senoticias.com.br\/se\/wp-content\/uploads\/2018\/02\/Logomarca-fone-SE-4-2.jpg\" alt=\"Logomarca-fone-SE-4-2\" width=\"599\" height=\"78\" srcset=\"https:\/\/senoticias.com.br\/se\/wp-content\/uploads\/2018\/02\/Logomarca-fone-SE-4-2.jpg 599w, https:\/\/senoticias.com.br\/se\/wp-content\/uploads\/2018\/02\/Logomarca-fone-SE-4-2-300x39.jpg 300w\" sizes=\"(max-width: 599px) 100vw, 599px\" \/><\/a><\/p>\n<p style=\"text-align: justify;\"><strong>Acompanhe tamb\u00e9m o SE Not\u00edcias no<\/strong><span class=\"apple-converted-space\"><b>\u00a0<\/b><\/span><a href=\"https:\/\/twitter.com\/Senoticias\" target=\"_blank\"><b>Twitter<\/b><\/a><strong>,<\/strong><span class=\"apple-converted-space\"><b>\u00a0<\/b><\/span><a href=\"https:\/\/www.facebook.com\/senoticias1\" target=\"_blank\"><b>Facebook<\/b><span class=\"apple-converted-space\"><b>\u00a0<\/b><\/span><\/a><strong>e no<\/strong><span class=\"apple-converted-space\"><b>\u00a0<\/b><\/span><a href=\"https:\/\/www.instagram.com\/senoticias\/\" target=\"_blank\"><b>Instagram<\/b><\/a><strong>.<\/strong><\/p>\n<p style=\"text-align: justify;\"><span style=\"color: #000000;\">Da Ascom Setransp<\/span><\/p>\n","protected":false},"excerpt":{"rendered":"<p>O Sindicato das Empresas de Transporte de Passageiros (Setransp) informou nesta quinta-feira, 15 de fevereiro, que 21 \u00f4nibus que fazem o transporte p\u00fablico foram alvos de vandalismo durante o feriado de Carnaval. Por meio de nota, o sindicato lamentou o ocorrido e explicou que o servi\u00e7o ser\u00e1 prejudicado durante a manuten\u00e7\u00e3o dos \u00f4nibus. Leia a [&hellip;]<\/p>\n","protected":false},"author":2,"featured_media":110830,"comment_status":"closed","ping_status":"closed","sticky":false,"template":"","format":"standard","meta":{"footnotes":""},"categories":[7],"tags":[339,58,2875,3246,2644],"class_list":{"0":"post-110825","1":"post","2":"type-post","3":"status-publish","4":"format-standard","5":"has-post-thumbnail","7":"category-policia","8":"tag-aracaju","9":"tag-carnaval","10":"tag-onibus","11":"tag-setransp","12":"tag-vandalismo"},"_links":{"self":[{"href":"https:\/\/senoticias.com.br\/se\/wp-json\/wp\/v2\/posts\/110825"}],"collection":[{"href":"https:\/\/senoticias.com.br\/se\/wp-json\/wp\/v2\/posts"}],"about":[{"href":"https:\/\/senoticias.com.br\/se\/wp-json\/wp\/v2\/types\/post"}],"author":[{"embeddable":true,"href":"https:\/\/senoticias.com.br\/se\/wp-json\/wp\/v2\/users\/2"}],"replies":[{"embeddable":true,"href":"https:\/\/senoticias.com.br\/se\/wp-json\/wp\/v2\/comments?post=110825"}],"version-history":[{"count":0,"href":"https:\/\/senoticias.com.br\/se\/wp-json\/wp\/v2\/posts\/110825\/revisions"}],"wp:featuredmedia":[{"embeddable":true,"href":"https:\/\/senoticias.com.br\/se\/wp-json\/wp\/v2\/media\/110830"}],"wp:attachment":[{"href":"https:\/\/senoticias.com.br\/se\/wp-json\/wp\/v2\/media?parent=110825"}],"wp:term":[{"taxonomy":"category","embeddable":true,"href":"https:\/\/senoticias.com.br\/se\/wp-json\/wp\/v2\/categories?post=110825"},{"taxonomy":"post_tag","embeddable":true,"href":"https:\/\/senoticias.com.br\/se\/wp-json\/wp\/v2\/tags?post=110825"}],"curies":[{"name":"wp","href":"https:\/\/api.w.org\/{rel}","templated":true}]}}