{"id":110823,"date":"2018-02-15T20:57:56","date_gmt":"2018-02-15T23:57:56","guid":{"rendered":"http:\/\/senoticias.com.br\/se\/?p=110823"},"modified":"2018-02-15T20:57:56","modified_gmt":"2018-02-15T23:57:56","slug":"prefeito-de-socorro-concede-reajuste-salarial-de-681-aos-professores-do-municipio","status":"publish","type":"post","link":"https:\/\/senoticias.com.br\/se\/prefeito-de-socorro-concede-reajuste-salarial-de-681-aos-professores-do-municipio\/","title":{"rendered":"Prefeito de Socorro concede reajuste salarial de 6,81% aos professores do munic\u00edpio"},"content":{"rendered":"<p style=\"text-align: justify;\"><span style=\"color: #000000;\">Foi sob uma chuva de aplausos que na tarde desta quinta-feira,15, o prefeito Padre Inaldo comunicou aos mais de 600 professores efetivos da rede municipal de ensino, que conceder\u00e1 \u00e0 categoria o reajuste anual de 6,81%. O gestor municipal aproveitou a presen\u00e7a massiva dos profissionais que estavam reunidos no Centro Cultural Gilson Prado Barreto, localizado na sede do munic\u00edpio, para participar do II Encontro Pedag\u00f3gico, para fazer o an\u00fancio.<\/span><\/p>\n<div id=\"attachment_110824\" style=\"width: 609px\" class=\"wp-caption aligncenter\"><a href=\"http:\/\/senoticias.com.br\/se\/wp-content\/uploads\/2018\/02\/socorro-SENOTICIAS-e1518738919209.jpg\"><img loading=\"lazy\" decoding=\"async\" aria-describedby=\"caption-attachment-110824\" class=\"size-full wp-image-110824\" src=\"http:\/\/senoticias.com.br\/se\/wp-content\/uploads\/2018\/02\/socorro-SENOTICIAS-e1518738919209.jpg\" alt=\"Foto: Antonio Carlos\/ANSocorro\" width=\"599\" height=\"400\" \/><\/a><p id=\"caption-attachment-110824\" class=\"wp-caption-text\">Foto: Antonio Carlos\/ANSocorro<\/p><\/div>\n<p style=\"text-align: justify;\"><span style=\"color: #000000;\">O evento marca o in\u00edcio do ano letivo em Nossa Senhora do Socorro e foi realizado com o objetivo de apresentar a proposta pedag\u00f3gica anual aos professores da rede municipal de ensino. Com o tema \u201cTodos unidos por uma reorganiza\u00e7\u00e3o curricular municipal\u2019\u2019, o foco principal do encontro foi esclarecer aos professores sobre a reformula\u00e7\u00e3o do curr\u00edculo escolar, a fim de que ele se adeque \u00e0 Base Nacional Comum Curricular (BNCC), que \u00e9 lei federal , aprovada em dezembro de 2017.<\/span><\/p>\n<p style=\"text-align: justify;\"><span style=\"color: #000000;\">Para a secret\u00e1ria municipal de Educa\u00e7\u00e3o, Marieta Barbosa, \u00e9 preciso uni\u00e3o para garantir a qualidade da educa\u00e7\u00e3o no munic\u00edpio. \u201cS\u00f3 com a colabora\u00e7\u00e3o de todos \u00e9 que vamos conseguir garantir melhorias efetivas \u00e0 nossa educa\u00e7\u00e3o. Para isso, vamos precisar que os professores vistam a camisa e efetivamente fa\u00e7am acontecer a mudan\u00e7a dentro das salas de aula. O bom resultado aparece n\u00e3o gra\u00e7as ao planejamento da Semed, mas sim gra\u00e7as aos esfor\u00e7os dos professores junto aos alunos. N\u00f3s temos que faz\u00ea-los acreditar que \u00e9 poss\u00edvel, que os nossos planos s\u00e3o reais e efetivos, al\u00e9m de mant\u00ea-los motivados todos os dias, a exemplo da valoriza\u00e7\u00e3o salarial que o prefeito Padre Inaldo acabada de conceder\u201d, afirma Marieta.<\/span><\/p>\n<p style=\"text-align: justify;\"><span style=\"color: #000000;\">E uma das formas de demonstrar toda valoriza\u00e7\u00e3o e respeito para com os professores da rede \u00e9 a concess\u00e3o do reajuste anual da categoria, concedido pelo prefeito Padre Inaldo. \u201cO Piso Nacional dos professores \u00e9 Lei e fazemos quest\u00e3o de honra-lo, n\u00e3o s\u00f3 porque \u00e9 nossa obriga\u00e7\u00e3o, mas principalmente porque \u00e9 dessa forma que garantimos a satisfa\u00e7\u00e3o dos profissionais em sala de aula. Os professores est\u00e3o de parab\u00e9ns pela contribui\u00e7\u00e3o que tem dado ao munic\u00edpio, pois s\u00e3o eles os principais respons\u00e1veis pela melhoria da educa\u00e7\u00e3o em Socorro. Vamos pagar o reajuste j\u00e1 no m\u00eas de mar\u00e7o, e os valores retroativos, referente aos meses de janeiro e fevereiro, iremos pagar em abril, maio e junho\u201d, destaca Padre Inaldo.<\/span><\/p>\n<p style=\"text-align: justify;\"><span style=\"color: #000000;\">A professora Edjane Alves vibrou com o an\u00fancio do reajuste e agradeceu a acolhida pelo in\u00edcio do novo ano letivo. \u201cEssa capacita\u00e7\u00e3o est\u00e1 sendo excelente para n\u00f3s professores e o trabalho desenvolvido pela secretaria e pelo prefeito, desde o in\u00edcio da gest\u00e3o, est\u00e1 muito bem planejado e organizado\u201d, declara a professora.<\/span><\/p>\n<p style=\"text-align: justify;\"><span style=\"color: #000000;\">O evento contou com a participa\u00e7\u00e3o e colabora\u00e7\u00e3o, atrav\u00e9s de palestras, do professor Jos\u00e9 Welton dos Santos Gama e do Professor Doutor Ronaldo Linhares, que levaram at\u00e9 os educadores da rede municipal conhecimentos e t\u00e9cnicas modernas aplicadas \u00e0 educa\u00e7\u00e3o.<\/span><\/p>\n<p style=\"text-align: justify;\"><span style=\"color: #000000;\">O encontro pedag\u00f3gico segue at\u00e9 a pr\u00f3xima sexta-feira,16, onde os professores ir\u00e3o se concentrar em dois locais diferentes \u00e0 partir das 08 horas da manh\u00e3, sendo uma parte no Centro Cultural Gilson Prado Barreto e outro grupo na Faculdade S\u00e3o Lu\u00eds de Fran\u00e7a, onde ser\u00e3o realizadas oficinas pedag\u00f3gicas.<\/span><\/p>\n<p style=\"text-align: justify;\">\n<p style=\"text-align: justify;\"><a href=\"http:\/\/senoticias.com.br\/se\/wp-content\/uploads\/2018\/02\/Logomarca-fone-SE-4-2.jpg\"><img loading=\"lazy\" decoding=\"async\" class=\"aligncenter size-full wp-image-110759\" src=\"http:\/\/senoticias.com.br\/se\/wp-content\/uploads\/2018\/02\/Logomarca-fone-SE-4-2.jpg\" alt=\"Logomarca-fone-SE-4-2\" width=\"599\" height=\"78\" srcset=\"https:\/\/senoticias.com.br\/se\/wp-content\/uploads\/2018\/02\/Logomarca-fone-SE-4-2.jpg 599w, https:\/\/senoticias.com.br\/se\/wp-content\/uploads\/2018\/02\/Logomarca-fone-SE-4-2-300x39.jpg 300w\" sizes=\"(max-width: 599px) 100vw, 599px\" \/><\/a><\/p>\n<p style=\"text-align: justify;\"><strong>Acompanhe tamb\u00e9m o SE Not\u00edcias no<\/strong><span class=\"apple-converted-space\"><b>\u00a0<\/b><\/span><a href=\"https:\/\/twitter.com\/Senoticias\" target=\"_blank\"><b>Twitter<\/b><\/a><strong>,<\/strong><span class=\"apple-converted-space\"><b>\u00a0<\/b><\/span><a href=\"https:\/\/www.facebook.com\/senoticias1\" target=\"_blank\"><b>Facebook<\/b><span class=\"apple-converted-space\"><b>\u00a0<\/b><\/span><\/a><strong>e no<\/strong><span class=\"apple-converted-space\"><b>\u00a0<\/b><\/span><a href=\"https:\/\/www.instagram.com\/senoticias\/\" target=\"_blank\"><b>Instagram<\/b><\/a><strong>.<\/strong><\/p>\n<p style=\"text-align: justify;\">Por ANSocorro<\/p>\n","protected":false},"excerpt":{"rendered":"<p>Foi sob uma chuva de aplausos que na tarde desta quinta-feira,15, o prefeito Padre Inaldo comunicou aos mais de 600 professores efetivos da rede municipal de ensino, que conceder\u00e1 \u00e0 categoria o reajuste anual de 6,81%. O gestor municipal aproveitou a presen\u00e7a massiva dos profissionais que estavam reunidos no Centro Cultural Gilson Prado Barreto, localizado [&hellip;]<\/p>\n","protected":false},"author":2,"featured_media":0,"comment_status":"closed","ping_status":"closed","sticky":false,"template":"","format":"standard","meta":{"footnotes":""},"categories":[15,38],"tags":[1913,3357,2003,3539,223,2746],"class_list":{"0":"post-110823","1":"post","2":"type-post","3":"status-publish","4":"format-standard","6":"category-destaques","7":"category-municipios","8":"tag-padre-inaldo","9":"tag-professores","10":"tag-reajuste","11":"tag-salario","12":"tag-sergipe","13":"tag-socorro"},"_links":{"self":[{"href":"https:\/\/senoticias.com.br\/se\/wp-json\/wp\/v2\/posts\/110823"}],"collection":[{"href":"https:\/\/senoticias.com.br\/se\/wp-json\/wp\/v2\/posts"}],"about":[{"href":"https:\/\/senoticias.com.br\/se\/wp-json\/wp\/v2\/types\/post"}],"author":[{"embeddable":true,"href":"https:\/\/senoticias.com.br\/se\/wp-json\/wp\/v2\/users\/2"}],"replies":[{"embeddable":true,"href":"https:\/\/senoticias.com.br\/se\/wp-json\/wp\/v2\/comments?post=110823"}],"version-history":[{"count":0,"href":"https:\/\/senoticias.com.br\/se\/wp-json\/wp\/v2\/posts\/110823\/revisions"}],"wp:attachment":[{"href":"https:\/\/senoticias.com.br\/se\/wp-json\/wp\/v2\/media?parent=110823"}],"wp:term":[{"taxonomy":"category","embeddable":true,"href":"https:\/\/senoticias.com.br\/se\/wp-json\/wp\/v2\/categories?post=110823"},{"taxonomy":"post_tag","embeddable":true,"href":"https:\/\/senoticias.com.br\/se\/wp-json\/wp\/v2\/tags?post=110823"}],"curies":[{"name":"wp","href":"https:\/\/api.w.org\/{rel}","templated":true}]}}