{"id":110756,"date":"2018-02-13T09:12:37","date_gmt":"2018-02-13T12:12:37","guid":{"rendered":"http:\/\/senoticias.com.br\/se\/?p=110756"},"modified":"2018-02-14T22:23:15","modified_gmt":"2018-02-15T01:23:15","slug":"candidato-podera-financiar-campanha-com-recurso-proprio-decide-tse","status":"publish","type":"post","link":"https:\/\/senoticias.com.br\/se\/candidato-podera-financiar-campanha-com-recurso-proprio-decide-tse\/","title":{"rendered":"Candidato poder\u00e1 financiar campanha com recurso pr\u00f3prio, decide TSE"},"content":{"rendered":"<p style=\"text-align: justify;\">O Tribunal Superior Eleitoral (TSE) publicou uma resolu\u00e7\u00e3o na qual definiu que os candidatos poder\u00e3o financiar as campanhas eleitorais neste ano com recursos pr\u00f3prios.<\/p>\n<div id=\"attachment_110757\" style=\"width: 609px\" class=\"wp-caption aligncenter\"><a href=\"http:\/\/senoticias.com.br\/se\/wp-content\/uploads\/2018\/02\/Eleicoes-2018-senoticias-e1518526484614.png\"><img loading=\"lazy\" decoding=\"async\" aria-describedby=\"caption-attachment-110757\" class=\"size-full wp-image-110757\" src=\"http:\/\/senoticias.com.br\/se\/wp-content\/uploads\/2018\/02\/Eleicoes-2018-senoticias-e1518526484614.png\" alt=\"Limite para candidatos a presidente, por exemplo, ser\u00e1 de R$ 70 milh\u00f5es (foto: Raimundo Feitosa\/arquivo)\" width=\"599\" height=\"440\" \/><\/a><p id=\"caption-attachment-110757\" class=\"wp-caption-text\">Limite para candidatos a presidente, por exemplo, ser\u00e1 de R$ 70 milh\u00f5es (foto: Raimundo Feitosa\/arquivo)<\/p><\/div>\n<p style=\"text-align: justify;\">A Resolu\u00e7\u00e3o 23.553, cujo relator foi o ministro Luiz Fux, presidente do TSE, foi publicada no \u00faltimo dia 2 no &#8220;Di\u00e1rio da Justi\u00e7a Eletr\u00f4nico&#8221; e &#8220;disciplina os procedimentos relativos \u00e0 escolha e ao registro de candidatos&#8221; a presidente da Rep\u00fablica, governador, senador e deputado (federal, estadual e distrital).<\/p>\n<p style=\"text-align: justify;\">Conforme o texto da resolu\u00e7\u00e3o, &#8220;o candidato poder\u00e1 usar recursos pr\u00f3prios em sua campanha at\u00e9 o limite de gastos estabelecido para o cargo ao qual concorre&#8221;.<\/p>\n<p><strong>De acordo com o TSE, os limites em 2018 ser\u00e3o os seguintes:<\/strong><\/p>\n<p style=\"text-align: justify;\">\u21d2Presidente da Rep\u00fablica: R$ 70 milh\u00f5es;<br \/>\n\u21d2Governador: de R$ 2,8 milh\u00f5es a R$ 21 milh\u00f5es, conforme o n\u00famero de eleitores do estado;<br \/>\n\u21d2Senador: de R$ 2,5 milh\u00f5es a R$ 5,6 milh\u00f5es, conforme o n\u00famero de eleitores do estado;<br \/>\n\u21d2Deputado federal: R$ 2,5 milh\u00f5es<br \/>\n\u21d2Deputado estadual e deputado distrital: R$ 1 milh\u00e3o<\/p>\n<p style=\"text-align: justify;\">Em dezembro do ano passado, o Congresso Nacional derrubou o veto do presidente Michel Temer que liberava o autofinanciamento irrestrito de campanha. Mas, na ocasi\u00e3o, t\u00e9cnicos legislativos informaram que caberia ao TSE definir as regras.<\/p>\n<p><strong>Doa\u00e7\u00f5es para campanhas<\/strong><\/p>\n<p style=\"text-align: justify;\">Desde 2015, as doa\u00e7\u00f5es empresariais para campanhas est\u00e3o proibidas e, com isso, somente pessoas f\u00edsicas podem doar.<\/p>\n<p style=\"text-align: justify;\">Pela resolu\u00e7\u00e3o publicada pelo TSE neste m\u00eas, as doa\u00e7\u00f5es ser\u00e3o limitadas a 10% do rendimento bruto do doador no ano anterior ao da elei\u00e7\u00e3o.<\/p>\n<p style=\"text-align: justify;\">&#8220;A doa\u00e7\u00e3o acima dos limites fixados neste artigo sujeita o infrator ao pagamento de multa no valor de at\u00e9 100% (cem por cento) da quantia em excesso, sem preju\u00edzo de o candidato responder por abuso do poder econ\u00f4mico&#8221;, diz o texto.<\/p>\n<p style=\"text-align: justify;\">Al\u00e9m disso, doa\u00e7\u00f5es a partir de R$ 1.064,10 s\u00f3 poder\u00e3o ser feitas por transfer\u00eancia eletr\u00f4nica entre as contas banc\u00e1rias do doador e do benefici\u00e1rio.<\/p>\n<p><strong>O TSE definiu as seguintes formas de a pessoa doar para campanhas:<\/strong><\/p>\n<p style=\"text-align: justify;\">Transa\u00e7\u00e3o banc\u00e1ria na qual o CPF do doador seja obrigatoriamente identificado;<br \/>\nDoa\u00e7\u00e3o ou cess\u00e3o tempor\u00e1ria de bens e\/ou servi\u00e7os estim\u00e1veis em dinheiro, com a demonstra\u00e7\u00e3o de que o doador \u00e9 propriet\u00e1rio do bem ou \u00e9 o respons\u00e1vel direto pela presta\u00e7\u00e3o de servi\u00e7os;<br \/>\nInstitui\u00e7\u00f5es que promovam t\u00e9cnicas e servi\u00e7os de financiamento coletivo por meio de sites da internet, aplicativos eletr\u00f4nicos e outros recursos similares.<\/p>\n<p style=\"text-align: justify;\"><a href=\"http:\/\/senoticias.com.br\/se\/wp-content\/uploads\/2018\/02\/Logomarca-fone-SE-4-2.jpg\"><img loading=\"lazy\" decoding=\"async\" class=\"aligncenter size-full wp-image-110759\" src=\"http:\/\/senoticias.com.br\/se\/wp-content\/uploads\/2018\/02\/Logomarca-fone-SE-4-2.jpg\" alt=\"Logomarca-fone-SE-4-2\" width=\"599\" height=\"78\" srcset=\"https:\/\/senoticias.com.br\/se\/wp-content\/uploads\/2018\/02\/Logomarca-fone-SE-4-2.jpg 599w, https:\/\/senoticias.com.br\/se\/wp-content\/uploads\/2018\/02\/Logomarca-fone-SE-4-2-300x39.jpg 300w\" sizes=\"(max-width: 599px) 100vw, 599px\" \/><\/a><\/p>\n<p style=\"text-align: justify;\"><span style=\"font-size: 12pt;\"><em><strong>Acompanhe tamb\u00e9m o SE Not\u00edcias no<\/strong><strong>\u00a0<\/strong><a href=\"https:\/\/twitter.com\/Senoticias\"><strong>Twitter<\/strong><\/a><strong>,<\/strong><strong>\u00a0<\/strong><a href=\"https:\/\/www.facebook.com\/senoticias1\"><strong>Facebook<\/strong><strong>\u00a0<\/strong><\/a><strong>e no<\/strong><strong>\u00a0<\/strong><a href=\"https:\/\/www.instagram.com\/senoticias\/\"><strong>Instagram<\/strong><\/a><\/em><\/span><\/p>\n","protected":false},"excerpt":{"rendered":"<p>O Tribunal Superior Eleitoral (TSE) publicou uma resolu\u00e7\u00e3o na qual definiu que os candidatos poder\u00e3o financiar as campanhas eleitorais neste ano com recursos pr\u00f3prios. A Resolu\u00e7\u00e3o 23.553, cujo relator foi o ministro Luiz Fux, presidente do TSE, foi publicada no \u00faltimo dia 2 no &#8220;Di\u00e1rio da Justi\u00e7a Eletr\u00f4nico&#8221; e &#8220;disciplina os procedimentos relativos \u00e0 escolha [&hellip;]<\/p>\n","protected":false},"author":2,"featured_media":110757,"comment_status":"closed","ping_status":"closed","sticky":false,"template":"","format":"standard","meta":{"footnotes":""},"categories":[6],"tags":[3065,2720,550],"class_list":{"0":"post-110756","1":"post","2":"type-post","3":"status-publish","4":"format-standard","5":"has-post-thumbnail","7":"category-politica","8":"tag-campanha","9":"tag-eleicoes-2018","10":"tag-tse"},"_links":{"self":[{"href":"https:\/\/senoticias.com.br\/se\/wp-json\/wp\/v2\/posts\/110756"}],"collection":[{"href":"https:\/\/senoticias.com.br\/se\/wp-json\/wp\/v2\/posts"}],"about":[{"href":"https:\/\/senoticias.com.br\/se\/wp-json\/wp\/v2\/types\/post"}],"author":[{"embeddable":true,"href":"https:\/\/senoticias.com.br\/se\/wp-json\/wp\/v2\/users\/2"}],"replies":[{"embeddable":true,"href":"https:\/\/senoticias.com.br\/se\/wp-json\/wp\/v2\/comments?post=110756"}],"version-history":[{"count":0,"href":"https:\/\/senoticias.com.br\/se\/wp-json\/wp\/v2\/posts\/110756\/revisions"}],"wp:featuredmedia":[{"embeddable":true,"href":"https:\/\/senoticias.com.br\/se\/wp-json\/wp\/v2\/media\/110757"}],"wp:attachment":[{"href":"https:\/\/senoticias.com.br\/se\/wp-json\/wp\/v2\/media?parent=110756"}],"wp:term":[{"taxonomy":"category","embeddable":true,"href":"https:\/\/senoticias.com.br\/se\/wp-json\/wp\/v2\/categories?post=110756"},{"taxonomy":"post_tag","embeddable":true,"href":"https:\/\/senoticias.com.br\/se\/wp-json\/wp\/v2\/tags?post=110756"}],"curies":[{"name":"wp","href":"https:\/\/api.w.org\/{rel}","templated":true}]}}