{"id":110753,"date":"2018-02-12T14:28:48","date_gmt":"2018-02-12T17:28:48","guid":{"rendered":"http:\/\/senoticias.com.br\/se\/?p=110753"},"modified":"2018-02-14T22:24:12","modified_gmt":"2018-02-15T01:24:12","slug":"morre-em-pernambuco-diretor-clinico-do-hospital-de-laranjeiras","status":"publish","type":"post","link":"https:\/\/senoticias.com.br\/se\/morre-em-pernambuco-diretor-clinico-do-hospital-de-laranjeiras\/","title":{"rendered":"Morre em Pernambuco diretor-cl\u00ednico do hospital de Laranjeiras"},"content":{"rendered":"<p>&nbsp;<\/p>\n<p style=\"text-align: justify;\">\u00c9 com profundo pesar que comunicamos o falecimento do m\u00e9dico Ricardo de Carvalho Diniz, ocorrido ontem, 11, na praia de Porto de Galinhas, no munic\u00edpio de Ipojuca-PE.<\/p>\n<div id=\"attachment_110754\" style=\"width: 609px\" class=\"wp-caption aligncenter\"><a href=\"http:\/\/senoticias.com.br\/se\/wp-content\/uploads\/2018\/02\/8883b58b-f246-471c-addd-bb24e543554a-e1518456298198.jpg\"><img loading=\"lazy\" decoding=\"async\" aria-describedby=\"caption-attachment-110754\" class=\"size-full wp-image-110754\" src=\"http:\/\/senoticias.com.br\/se\/wp-content\/uploads\/2018\/02\/8883b58b-f246-471c-addd-bb24e543554a-e1518456298198.jpg\" alt=\"Ricardo de Carvalho Diniz era o diretor-cl\u00ednico do hospital de Laranjeiras\" width=\"599\" height=\"599\" \/><\/a><p id=\"caption-attachment-110754\" class=\"wp-caption-text\">Ricardo de Carvalho Diniz era o diretor-cl\u00ednico do hospital de Laranjeiras (foto: arquivo\/pessoal)<\/p><\/div>\n<p style=\"text-align: justify;\">Com dedicado e incans\u00e1vel trabalho prestado ao nosso hospital, Doutor Ricardo de Carvalho construiu uma rela\u00e7\u00e3o extremamente profissional e de excel\u00eancia, pautada no seu compromisso com a sa\u00fade p\u00fablica e a \u00e9tica m\u00e9dica, tendo sido fundamental para o alcance da qualidade dos servi\u00e7os hoje prestados por nossa unidade.<\/p>\n<p style=\"text-align: justify;\">Rogamos a Deus que conforte o cora\u00e7\u00e3o de toda a fam\u00edlia e dos amigos neste momento de profunda dor por essa tr\u00e1gica perda repentina.<\/p>\n<p style=\"text-align: justify;\">O m\u00e9dico Ricardo de Carvalho Diniz \u00e9 diretor-cl\u00ednico do Hospital S\u00e3o Jo\u00e3o de Deus, em Laranjeiras. A unidade tamb\u00e9m \u00e9 administrada pela Associa\u00e7\u00e3o Hospitalar de Sergipe, respons\u00e1vel pelo Hospital Nossa Senhora da Concei\u00e7\u00e3o.<\/p>\n<p style=\"text-align: justify;\"><em>A dire\u00e7\u00e3o do\u00a0Hospital S\u00e3o Jo\u00e3o de Deus<\/em><\/p>\n<p style=\"text-align: justify;\"><a href=\"http:\/\/senoticias.com.br\/se\/wp-content\/uploads\/2018\/01\/Logomarca-fone-SE-4-2.jpg\"><img loading=\"lazy\" decoding=\"async\" class=\"aligncenter size-full wp-image-110322\" src=\"http:\/\/senoticias.com.br\/se\/wp-content\/uploads\/2018\/01\/Logomarca-fone-SE-4-2.jpg\" alt=\"Logomarca-fone-SE-4\" width=\"599\" height=\"78\" srcset=\"https:\/\/senoticias.com.br\/se\/wp-content\/uploads\/2018\/01\/Logomarca-fone-SE-4-2.jpg 599w, https:\/\/senoticias.com.br\/se\/wp-content\/uploads\/2018\/01\/Logomarca-fone-SE-4-2-300x39.jpg 300w\" sizes=\"(max-width: 599px) 100vw, 599px\" \/><\/a><\/p>\n<p style=\"text-align: justify;\"><em><strong>Acompanhe tamb\u00e9m o SE Not\u00edcias no<\/strong><span class=\"apple-converted-space\"><b>\u00a0<\/b><\/span><a href=\"https:\/\/twitter.com\/Senoticias\" target=\"_blank\"><b>Twitter<\/b><\/a><strong>,<\/strong><span class=\"apple-converted-space\"><b>\u00a0<\/b><\/span><a href=\"https:\/\/www.facebook.com\/senoticias1\" target=\"_blank\"><b>Facebook<\/b><span class=\"apple-converted-space\"><b>\u00a0<\/b><\/span><\/a><strong>e no<\/strong><span class=\"apple-converted-space\"><b>\u00a0<\/b><\/span><a href=\"https:\/\/www.instagram.com\/senoticias\/\" target=\"_blank\"><b>Instagram<\/b><\/a><\/em><\/p>\n","protected":false},"excerpt":{"rendered":"<p>&nbsp; \u00c9 com profundo pesar que comunicamos o falecimento do m\u00e9dico Ricardo de Carvalho Diniz, ocorrido ontem, 11, na praia de Porto de Galinhas, no munic\u00edpio de Ipojuca-PE. Com dedicado e incans\u00e1vel trabalho prestado ao nosso hospital, Doutor Ricardo de Carvalho construiu uma rela\u00e7\u00e3o extremamente profissional e de excel\u00eancia, pautada no seu compromisso com a [&hellip;]<\/p>\n","protected":false},"author":2,"featured_media":110754,"comment_status":"closed","ping_status":"closed","sticky":false,"template":"","format":"standard","meta":{"footnotes":""},"categories":[6],"tags":[8681,8682,1036,8683],"class_list":{"0":"post-110753","1":"post","2":"type-post","3":"status-publish","4":"format-standard","5":"has-post-thumbnail","7":"category-politica","8":"tag-hospital-nossa-senhora-da-conceicao","9":"tag-hospital-sao-joao-de-deus","10":"tag-laranjeiras","11":"tag-morre-diretor-do-hospital-de-laranjeiras"},"_links":{"self":[{"href":"https:\/\/senoticias.com.br\/se\/wp-json\/wp\/v2\/posts\/110753"}],"collection":[{"href":"https:\/\/senoticias.com.br\/se\/wp-json\/wp\/v2\/posts"}],"about":[{"href":"https:\/\/senoticias.com.br\/se\/wp-json\/wp\/v2\/types\/post"}],"author":[{"embeddable":true,"href":"https:\/\/senoticias.com.br\/se\/wp-json\/wp\/v2\/users\/2"}],"replies":[{"embeddable":true,"href":"https:\/\/senoticias.com.br\/se\/wp-json\/wp\/v2\/comments?post=110753"}],"version-history":[{"count":0,"href":"https:\/\/senoticias.com.br\/se\/wp-json\/wp\/v2\/posts\/110753\/revisions"}],"wp:featuredmedia":[{"embeddable":true,"href":"https:\/\/senoticias.com.br\/se\/wp-json\/wp\/v2\/media\/110754"}],"wp:attachment":[{"href":"https:\/\/senoticias.com.br\/se\/wp-json\/wp\/v2\/media?parent=110753"}],"wp:term":[{"taxonomy":"category","embeddable":true,"href":"https:\/\/senoticias.com.br\/se\/wp-json\/wp\/v2\/categories?post=110753"},{"taxonomy":"post_tag","embeddable":true,"href":"https:\/\/senoticias.com.br\/se\/wp-json\/wp\/v2\/tags?post=110753"}],"curies":[{"name":"wp","href":"https:\/\/api.w.org\/{rel}","templated":true}]}}