{"id":110748,"date":"2018-02-12T10:34:28","date_gmt":"2018-02-12T13:34:28","guid":{"rendered":"http:\/\/senoticias.com.br\/se\/?p=110748"},"modified":"2018-02-14T22:24:49","modified_gmt":"2018-02-15T01:24:49","slug":"veja-dicas-de-como-manter-a-maquiagem-por-mais-tempo","status":"publish","type":"post","link":"https:\/\/senoticias.com.br\/se\/veja-dicas-de-como-manter-a-maquiagem-por-mais-tempo\/","title":{"rendered":"Veja dicas de como manter a maquiagem por mais tempo"},"content":{"rendered":"<p style=\"text-align: justify;\">Em \u00e9pocas festivas como o Carnaval, \u00e9 natural que demoremos mais tempo na prepara\u00e7\u00e3o com detalhes essenciais para a folia, como \u00e9 o caso da maquiagem. Por\u00e9m, algo que incomoda bastante quem faz uso do produto \u00e9 a sua durabilidade.<\/p>\n<p style=\"text-align: justify;\">Neste per\u00edodo do ano, as altas temperaturas influenciam diretamente na dura\u00e7\u00e3o, mas, existem maneiras para manter a make por mais tempo no rosto. \u00c9 o que explica a maquiadora Carla Andrade.<\/p>\n<div id=\"attachment_110749\" style=\"width: 606px\" class=\"wp-caption aligncenter\"><a href=\"http:\/\/senoticias.com.br\/se\/wp-content\/uploads\/2018\/02\/grande-185031.-maquiagem-SE-Noticias-e1518442409648.jpg\"><img loading=\"lazy\" decoding=\"async\" aria-describedby=\"caption-attachment-110749\" class=\"wp-image-110749 size-full\" src=\"http:\/\/senoticias.com.br\/se\/wp-content\/uploads\/2018\/02\/grande-185031.-maquiagem-SE-Noticias-e1518442409648.jpg\" alt=\"grande-185031. maquiagem SE Noticias\" width=\"596\" height=\"396\" \/><\/a><p id=\"caption-attachment-110749\" class=\"wp-caption-text\">Existem maneiras para manter a make por mais tempo no rosto (Fotos: Portal Infonet)<\/p><\/div>\n<p style=\"text-align: justify;\">De acordo com a maquiadora, manter a pele hidratada nessa \u00e9poca \u00e9 essencial. \u201cO que vai fazer a durabilidade da maquiagem \u00e9 a pele hidratada, quanto mais hidratada ela tiver, maior ser\u00e1 a durabilidade\u201d, afirma.<\/p>\n<p style=\"text-align: justify;\">Al\u00e9m disso, a maquiadora destaca as seguintes dicas para quem busca esse resultado:<\/p>\n<p style=\"text-align: justify;\">&#8211; Usar protetor solar, porque al\u00e9m de proteger do sol, ele ir\u00e1 fazer com que a make antes dure por mais tempo;<\/p>\n<p style=\"text-align: justify;\">&#8211; Hidratar a pele com hidratante facial;<\/p>\n<p style=\"text-align: justify;\">&#8211; Usar \u00e1gua micelar para ajudar a fixar;<\/p>\n<p style=\"text-align: justify;\">&#8211; Utilizar o BB Queen que permanecem por mais tempo na pele;<\/p>\n<p style=\"text-align: justify;\"><strong><em>Fonte: Yago de Andrade e Aisla Vasconcelos\/Infonet Noticias.<\/em><\/strong><\/p>\n<p style=\"text-align: justify;\"><strong>Acompanhe tamb\u00e9m o SE Not\u00edcias no<\/strong><strong>\u00a0<\/strong><a href=\"https:\/\/twitter.com\/Senoticias\"><strong>Twitter<\/strong><\/a><strong>,<\/strong><strong>\u00a0<\/strong><a href=\"https:\/\/www.facebook.com\/senoticias1\"><strong>Facebook<\/strong><strong>\u00a0<\/strong><\/a><strong>e no<\/strong><strong>\u00a0<\/strong><a href=\"https:\/\/www.instagram.com\/senoticias\/\"><strong>Instagram<\/strong><\/a><strong>.<\/strong><\/p>\n<p style=\"text-align: justify;\"><a href=\"http:\/\/senoticias.com.br\/se\/wp-content\/uploads\/2018\/01\/Logomarca-fone-SE-4-2.jpg\"><img loading=\"lazy\" decoding=\"async\" class=\"aligncenter size-full wp-image-110322\" src=\"http:\/\/senoticias.com.br\/se\/wp-content\/uploads\/2018\/01\/Logomarca-fone-SE-4-2.jpg\" alt=\"Logomarca-fone-SE-4\" width=\"599\" height=\"78\" srcset=\"https:\/\/senoticias.com.br\/se\/wp-content\/uploads\/2018\/01\/Logomarca-fone-SE-4-2.jpg 599w, https:\/\/senoticias.com.br\/se\/wp-content\/uploads\/2018\/01\/Logomarca-fone-SE-4-2-300x39.jpg 300w\" sizes=\"(max-width: 599px) 100vw, 599px\" \/><\/a><\/p>\n","protected":false},"excerpt":{"rendered":"<p>Em \u00e9pocas festivas como o Carnaval, \u00e9 natural que demoremos mais tempo na prepara\u00e7\u00e3o com detalhes essenciais para a folia, como \u00e9 o caso da maquiagem. Por\u00e9m, algo que incomoda bastante quem faz uso do produto \u00e9 a sua durabilidade. Neste per\u00edodo do ano, as altas temperaturas influenciam diretamente na dura\u00e7\u00e3o, mas, existem maneiras para [&hellip;]<\/p>\n","protected":false},"author":2,"featured_media":110749,"comment_status":"closed","ping_status":"closed","sticky":false,"template":"","format":"standard","meta":{"footnotes":""},"categories":[21],"tags":[8680],"class_list":{"0":"post-110748","1":"post","2":"type-post","3":"status-publish","4":"format-standard","5":"has-post-thumbnail","7":"category-entretenimento","8":"tag-veja-dicas-de-como-manter-a-maquiagem-por-mais-tempo"},"_links":{"self":[{"href":"https:\/\/senoticias.com.br\/se\/wp-json\/wp\/v2\/posts\/110748"}],"collection":[{"href":"https:\/\/senoticias.com.br\/se\/wp-json\/wp\/v2\/posts"}],"about":[{"href":"https:\/\/senoticias.com.br\/se\/wp-json\/wp\/v2\/types\/post"}],"author":[{"embeddable":true,"href":"https:\/\/senoticias.com.br\/se\/wp-json\/wp\/v2\/users\/2"}],"replies":[{"embeddable":true,"href":"https:\/\/senoticias.com.br\/se\/wp-json\/wp\/v2\/comments?post=110748"}],"version-history":[{"count":0,"href":"https:\/\/senoticias.com.br\/se\/wp-json\/wp\/v2\/posts\/110748\/revisions"}],"wp:featuredmedia":[{"embeddable":true,"href":"https:\/\/senoticias.com.br\/se\/wp-json\/wp\/v2\/media\/110749"}],"wp:attachment":[{"href":"https:\/\/senoticias.com.br\/se\/wp-json\/wp\/v2\/media?parent=110748"}],"wp:term":[{"taxonomy":"category","embeddable":true,"href":"https:\/\/senoticias.com.br\/se\/wp-json\/wp\/v2\/categories?post=110748"},{"taxonomy":"post_tag","embeddable":true,"href":"https:\/\/senoticias.com.br\/se\/wp-json\/wp\/v2\/tags?post=110748"}],"curies":[{"name":"wp","href":"https:\/\/api.w.org\/{rel}","templated":true}]}}