{"id":110745,"date":"2018-02-12T10:13:10","date_gmt":"2018-02-12T13:13:10","guid":{"rendered":"http:\/\/senoticias.com.br\/se\/?p=110745"},"modified":"2018-02-12T10:13:10","modified_gmt":"2018-02-12T13:13:10","slug":"belivaldo-participa-de-carnaval-em-neopolis","status":"publish","type":"post","link":"https:\/\/senoticias.com.br\/se\/belivaldo-participa-de-carnaval-em-neopolis\/","title":{"rendered":"Belivaldo participa de carnaval em Ne\u00f3polis"},"content":{"rendered":"<p style=\"text-align: justify;\">O domingo de carnaval foi de pura anima\u00e7\u00e3o nos quatro cantos de Sergipe e o vice-governador Belivaldo Chagas foi at\u00e9 o munic\u00edpio de Ne\u00f3polis, a 121 km da capital, para conferir de perto a festa da cidade considerada a Capital Sergipana do Frevo. Belivaldo foi acolhido com festa pelos neopolenses e pelas lideran\u00e7as da regi\u00e3o. Na chegada, foi recepcionado pelo presidente da C\u00e2mara de Ne\u00f3polis, Z\u00e9 Luiz, que serviu um almo\u00e7o de cortesia pela visita do vice-governador na cidade.<\/p>\n<div id=\"attachment_110746\" style=\"width: 606px\" class=\"wp-caption aligncenter\"><a href=\"http:\/\/senoticias.com.br\/se\/wp-content\/uploads\/2018\/02\/a9fa02c0a9dc773d29864c87a597e493-e1518441144729.jpeg\"><img loading=\"lazy\" decoding=\"async\" aria-describedby=\"caption-attachment-110746\" class=\"size-full wp-image-110746\" src=\"http:\/\/senoticias.com.br\/se\/wp-content\/uploads\/2018\/02\/a9fa02c0a9dc773d29864c87a597e493-e1518441144729.jpeg\" alt=\"Foto: Marcelle Cristine\/ASN\" width=\"596\" height=\"398\" \/><\/a><p id=\"caption-attachment-110746\" class=\"wp-caption-text\">Foto: Marcelle Cristine\/ASN<\/p><\/div>\n<p style=\"text-align: justify;\">Percorrendo as ruas e ladeiras, Belivaldo recebia o carinho dos neopolenses e das lideran\u00e7as da regi\u00e3o, a exemplo do ex-vereador Jo\u00e3o Paulo, que tamb\u00e9m o acolheu com festa. E durante o percurso da folia, tamb\u00e9m acompanharam o vice-governador, o presidente da Assembleia Legislativa de Sergipe (Alese), Luciano Bispo; o vice-presidente da Alese, Garibalde Mendon\u00e7a; o presidente da Funda\u00e7\u00e3o Aperip\u00ea, Givaldo Ricardo; o diretor da Empresa Sergipana de Turismo (Emsetur), Cincinato J\u00fanior; o presidente do MDB de Ne\u00f3polis, Davisson Brasil, o vereador Edriel Beltr\u00e3o; a ex-vereadora Professora July e o ex-prefeito de Ne\u00f3polis, Carlos Guedes.<\/p>\n<p style=\"text-align: justify;\">A festa de rua \u00e9 a principal caracter\u00edstica da cidade de Ne\u00f3polis, que, anualmente nesse per\u00edodo, realiza os tradicionais desfiles com as bandas de frevo, o chamado Bloco do Z\u00e9 Pereira. E essa grande movimenta\u00e7\u00e3o pelas ruas da cidade refor\u00e7a a import\u00e2ncia da festa para os neopolenses e sergipanos, o que chama a aten\u00e7\u00e3o do vice-governador. \u201cJ\u00e1 \u00e9 uma tradi\u00e7\u00e3o da regi\u00e3o do Baixo S\u00e3o Francisco, que faz parte do calend\u00e1rio festivo do munic\u00edpio, principalmente no per\u00edodo de carnaval do estado de Sergipe, e n\u00f3s tamb\u00e9m viemos para c\u00e1, participar e apoiar essa brincadeira\u201d, declarou.<\/p>\n<p style=\"text-align: justify;\"><strong>Cortejo do Rasgadinho<\/strong><\/p>\n<p style=\"text-align: justify;\">De volta \u00e0 capital sergipana, o vice-governador prestigiou, mais uma vez, a programa\u00e7\u00e3o do Festival Brasileiro de Ritmos \u2013 Rasgadinho. Desta vez, participando do tradicional cortejo com os trios el\u00e9tricos \u2013 que este ano inovou trazendo bandas de Samba, MPB e Forr\u00f3 -, comandados neste domingo (10), pelas bandas Forr\u00f3 Balan\u00e7a Eu, Samba de Mo\u00e7a S\u00f3 e Melanina Carioca.<\/p>\n<p style=\"text-align: justify;\">Para o vice-governador, o Rasgadinho al\u00e9m de valorizar o verdadeiro carnaval de rua \u00e9 uma festa de todos. \u201cTodo o estado est\u00e1 em festa, e isso \u00e9 muito bom. O carnaval em Sergipe \u00e9 o carnaval para toda a fam\u00edlia\u201d, destacou. Durante o cortejo, o vice-governador foi acolhido por foli\u00f5es e lideran\u00e7as pol\u00edticas, a exemplo do deputado estadual Capit\u00e3o Samuel, que o recebeu com\u00a0o Bloco da Velha Guarda. Tamb\u00e9m estiveram presentes os deputados Robson Viana e Ana L\u00facia; o vice-presidente nacional do PT, M\u00e1rcio Mac\u00eado; o presidente do PT-SE, Rog\u00e9rio Carvalho; o presidente do PT-Aracaju, Jefferson Lima; o secret\u00e1rio estadual de Agricultura, Esmeraldo Leal; a superintendente executiva da Casa Civil, Concei\u00e7\u00e3o Vieira; al\u00e9m do presidente da Alese, Luciano Bispo e o presidente da Funda\u00e7\u00e3o Aperip\u00ea, Givaldo Ricardo, que j\u00e1 o vinham acompanhando desde a visita \u00e0 Ne\u00f3polis.<\/p>\n<p style=\"text-align: justify;\"><strong><em>Da ASN.<\/em><\/strong><\/p>\n<p style=\"text-align: justify;\"><strong>Acompanhe tamb\u00e9m o SE Not\u00edcias no<\/strong><strong>\u00a0<\/strong><a href=\"https:\/\/twitter.com\/Senoticias\"><strong>Twitter<\/strong><\/a><strong>,<\/strong><strong>\u00a0<\/strong><a href=\"https:\/\/www.facebook.com\/senoticias1\"><strong>Facebook<\/strong><strong>\u00a0<\/strong><\/a><strong>e no<\/strong><strong>\u00a0<\/strong><a href=\"https:\/\/www.instagram.com\/senoticias\/\"><strong>Instagram<\/strong><\/a><strong>.<\/strong><\/p>\n<p style=\"text-align: justify;\"><a href=\"http:\/\/senoticias.com.br\/se\/wp-content\/uploads\/2018\/01\/Logomarca-fone-SE-4-2.jpg\"><img loading=\"lazy\" decoding=\"async\" class=\"aligncenter size-full wp-image-110322\" src=\"http:\/\/senoticias.com.br\/se\/wp-content\/uploads\/2018\/01\/Logomarca-fone-SE-4-2.jpg\" alt=\"Logomarca-fone-SE-4\" width=\"599\" height=\"78\" srcset=\"https:\/\/senoticias.com.br\/se\/wp-content\/uploads\/2018\/01\/Logomarca-fone-SE-4-2.jpg 599w, https:\/\/senoticias.com.br\/se\/wp-content\/uploads\/2018\/01\/Logomarca-fone-SE-4-2-300x39.jpg 300w\" sizes=\"(max-width: 599px) 100vw, 599px\" \/><\/a><\/p>\n","protected":false},"excerpt":{"rendered":"<p>O domingo de carnaval foi de pura anima\u00e7\u00e3o nos quatro cantos de Sergipe e o vice-governador Belivaldo Chagas foi at\u00e9 o munic\u00edpio de Ne\u00f3polis, a 121 km da capital, para conferir de perto a festa da cidade considerada a Capital Sergipana do Frevo. Belivaldo foi acolhido com festa pelos neopolenses e pelas lideran\u00e7as da regi\u00e3o. [&hellip;]<\/p>\n","protected":false},"author":2,"featured_media":110746,"comment_status":"closed","ping_status":"closed","sticky":false,"template":"","format":"standard","meta":{"footnotes":""},"categories":[6],"tags":[8678],"class_list":{"0":"post-110745","1":"post","2":"type-post","3":"status-publish","4":"format-standard","5":"has-post-thumbnail","7":"category-politica","8":"tag-belivaldo-participa-de-carnaval-em-neopolis"},"_links":{"self":[{"href":"https:\/\/senoticias.com.br\/se\/wp-json\/wp\/v2\/posts\/110745"}],"collection":[{"href":"https:\/\/senoticias.com.br\/se\/wp-json\/wp\/v2\/posts"}],"about":[{"href":"https:\/\/senoticias.com.br\/se\/wp-json\/wp\/v2\/types\/post"}],"author":[{"embeddable":true,"href":"https:\/\/senoticias.com.br\/se\/wp-json\/wp\/v2\/users\/2"}],"replies":[{"embeddable":true,"href":"https:\/\/senoticias.com.br\/se\/wp-json\/wp\/v2\/comments?post=110745"}],"version-history":[{"count":0,"href":"https:\/\/senoticias.com.br\/se\/wp-json\/wp\/v2\/posts\/110745\/revisions"}],"wp:featuredmedia":[{"embeddable":true,"href":"https:\/\/senoticias.com.br\/se\/wp-json\/wp\/v2\/media\/110746"}],"wp:attachment":[{"href":"https:\/\/senoticias.com.br\/se\/wp-json\/wp\/v2\/media?parent=110745"}],"wp:term":[{"taxonomy":"category","embeddable":true,"href":"https:\/\/senoticias.com.br\/se\/wp-json\/wp\/v2\/categories?post=110745"},{"taxonomy":"post_tag","embeddable":true,"href":"https:\/\/senoticias.com.br\/se\/wp-json\/wp\/v2\/tags?post=110745"}],"curies":[{"name":"wp","href":"https:\/\/api.w.org\/{rel}","templated":true}]}}