{"id":110744,"date":"2018-02-12T09:57:36","date_gmt":"2018-02-12T12:57:36","guid":{"rendered":"http:\/\/senoticias.com.br\/se\/?p=110744"},"modified":"2018-02-12T14:11:47","modified_gmt":"2018-02-12T17:11:47","slug":"periodo-de-proibicao-da-captura-do-caranguejo-uca-comeca-nesta-sexta-feira-em-sergipe","status":"publish","type":"post","link":"https:\/\/senoticias.com.br\/se\/periodo-de-proibicao-da-captura-do-caranguejo-uca-comeca-nesta-sexta-feira-em-sergipe\/","title":{"rendered":"Per\u00edodo de proibi\u00e7\u00e3o da captura do caranguejo-u\u00e7\u00e1 come\u00e7a na sexta-feira, 16"},"content":{"rendered":"<p style=\"text-align: justify;\">O segundo per\u00edodo de prote\u00e7\u00e3o da reprodu\u00e7\u00e3o do caranguejo-u\u00e7\u00e1 recome\u00e7a nesta sexta-feira (16) e segue at\u00e9 o dia 21 de fevereiro, em Sergipe. De acordo com o Instituto Brasileiro do Meio Ambiente e dos Recursos Naturais Renov\u00e1veis (Ibama), durante o per\u00edodo est\u00e1 proibido a captura, transporte, beneficiamento, industrializa\u00e7\u00e3o e comercializa\u00e7\u00e3o da esp\u00e9cie. Al\u00e9m de Sergipe, a proibi\u00e7\u00e3o acontece em todos os outros estados do Nordeste e tamb\u00e9m no Par\u00e1.<\/p>\n<div id=\"attachment_74670\" style=\"width: 604px\" class=\"wp-caption aligncenter\"><a href=\"http:\/\/senoticias.com.br\/se\/wp-content\/uploads\/2015\/01\/Caranguejo_U\u00e7\u00e1_-_2.jpg\"><img loading=\"lazy\" decoding=\"async\" aria-describedby=\"caption-attachment-74670\" class=\"size-full wp-image-74670\" src=\"http:\/\/senoticias.com.br\/se\/wp-content\/uploads\/2015\/01\/Caranguejo_U\u00e7\u00e1_-_2.jpg\" alt=\"(Foto: Arquivo da Equipe da APA Guapimirim)\" width=\"594\" height=\"445\" srcset=\"https:\/\/senoticias.com.br\/se\/wp-content\/uploads\/2015\/01\/Caranguejo_U\u00e7\u00e1_-_2.jpg 594w, https:\/\/senoticias.com.br\/se\/wp-content\/uploads\/2015\/01\/Caranguejo_U\u00e7\u00e1_-_2-300x224.jpg 300w, https:\/\/senoticias.com.br\/se\/wp-content\/uploads\/2015\/01\/Caranguejo_U\u00e7\u00e1_-_2-342x256.jpg 342w, https:\/\/senoticias.com.br\/se\/wp-content\/uploads\/2015\/01\/Caranguejo_U\u00e7\u00e1_-_2-60x45.jpg 60w, https:\/\/senoticias.com.br\/se\/wp-content\/uploads\/2015\/01\/Caranguejo_U\u00e7\u00e1_-_2-150x113.jpg 150w, https:\/\/senoticias.com.br\/se\/wp-content\/uploads\/2015\/01\/Caranguejo_U\u00e7\u00e1_-_2-269x201.jpg 269w\" sizes=\"(max-width: 594px) 100vw, 594px\" \/><\/a><p id=\"caption-attachment-74670\" class=\"wp-caption-text\">(Foto: Arquivo da Equipe da APA Guapimirim)<\/p><\/div>\n<p style=\"text-align: justify;\">Os per\u00edodos conhecidos como \u2018andada\u2019, nos quais os machos e f\u00eameas saem de suas tocas para acasalar e colocar ovos, s\u00e3o onde acontece a prote\u00e7\u00e3o da reprodu\u00e7\u00e3o. Os animais ficam mais vulner\u00e1veis \u00e0 captura nesses momentos, que correspondem \u00e0s luas cheia e nova.<\/p>\n<p style=\"text-align: justify;\">Estabelecimentos com atividades relacionadas ao uso do caranguejo-u\u00e7\u00e1 dever\u00e3o informar, ao Ibama ou ao Instituto Chico Mendes de Conserva\u00e7\u00e3o da Biodiversidade (ICMBio), a rela\u00e7\u00e3o detalhada dos estoques do animal at\u00e9 o \u00faltimo dia \u00fatil que antecede cada per\u00edodo de andada. Os estoques transportados devem estar acompanhados, da origem ao destino final, e de autoriza\u00e7\u00e3o emitida pelo Ibama.<\/p>\n<p style=\"text-align: justify;\"><strong><em>Do G1 SE.<\/em><\/strong><\/p>\n<p style=\"text-align: justify;\"><strong>Acompanhe tamb\u00e9m o SE Not\u00edcias no<\/strong><strong>\u00a0<\/strong><a href=\"https:\/\/twitter.com\/Senoticias\"><strong>Twitter<\/strong><\/a><strong>,<\/strong><strong>\u00a0<\/strong><a href=\"https:\/\/www.facebook.com\/senoticias1\"><strong>Facebook<\/strong><strong>\u00a0<\/strong><\/a><strong>e no<\/strong><strong>\u00a0<\/strong><a href=\"https:\/\/www.instagram.com\/senoticias\/\"><strong>Instagram<\/strong><\/a><strong>.<\/strong><\/p>\n<p style=\"text-align: justify;\"><a href=\"http:\/\/senoticias.com.br\/se\/wp-content\/uploads\/2018\/01\/Logomarca-fone-SE-4-2.jpg\"><img loading=\"lazy\" decoding=\"async\" class=\"aligncenter size-full wp-image-110322\" src=\"http:\/\/senoticias.com.br\/se\/wp-content\/uploads\/2018\/01\/Logomarca-fone-SE-4-2.jpg\" alt=\"Logomarca-fone-SE-4\" width=\"599\" height=\"78\" srcset=\"https:\/\/senoticias.com.br\/se\/wp-content\/uploads\/2018\/01\/Logomarca-fone-SE-4-2.jpg 599w, https:\/\/senoticias.com.br\/se\/wp-content\/uploads\/2018\/01\/Logomarca-fone-SE-4-2-300x39.jpg 300w\" sizes=\"(max-width: 599px) 100vw, 599px\" \/><\/a><\/p>\n","protected":false},"excerpt":{"rendered":"<p>O segundo per\u00edodo de prote\u00e7\u00e3o da reprodu\u00e7\u00e3o do caranguejo-u\u00e7\u00e1 recome\u00e7a nesta sexta-feira (16) e segue at\u00e9 o dia 21 de fevereiro, em Sergipe. De acordo com o Instituto Brasileiro do Meio Ambiente e dos Recursos Naturais Renov\u00e1veis (Ibama), durante o per\u00edodo est\u00e1 proibido a captura, transporte, beneficiamento, industrializa\u00e7\u00e3o e comercializa\u00e7\u00e3o da esp\u00e9cie. Al\u00e9m de Sergipe, [&hellip;]<\/p>\n","protected":false},"author":2,"featured_media":74670,"comment_status":"closed","ping_status":"closed","sticky":false,"template":"","format":"standard","meta":{"footnotes":""},"categories":[38],"tags":[8677],"class_list":{"0":"post-110744","1":"post","2":"type-post","3":"status-publish","4":"format-standard","5":"has-post-thumbnail","7":"category-municipios","8":"tag-periodo-de-proibicao-da-captura-do-caranguejo-uca-comeca-nesta-sexta-feira-em-sergipe"},"_links":{"self":[{"href":"https:\/\/senoticias.com.br\/se\/wp-json\/wp\/v2\/posts\/110744"}],"collection":[{"href":"https:\/\/senoticias.com.br\/se\/wp-json\/wp\/v2\/posts"}],"about":[{"href":"https:\/\/senoticias.com.br\/se\/wp-json\/wp\/v2\/types\/post"}],"author":[{"embeddable":true,"href":"https:\/\/senoticias.com.br\/se\/wp-json\/wp\/v2\/users\/2"}],"replies":[{"embeddable":true,"href":"https:\/\/senoticias.com.br\/se\/wp-json\/wp\/v2\/comments?post=110744"}],"version-history":[{"count":0,"href":"https:\/\/senoticias.com.br\/se\/wp-json\/wp\/v2\/posts\/110744\/revisions"}],"wp:featuredmedia":[{"embeddable":true,"href":"https:\/\/senoticias.com.br\/se\/wp-json\/wp\/v2\/media\/74670"}],"wp:attachment":[{"href":"https:\/\/senoticias.com.br\/se\/wp-json\/wp\/v2\/media?parent=110744"}],"wp:term":[{"taxonomy":"category","embeddable":true,"href":"https:\/\/senoticias.com.br\/se\/wp-json\/wp\/v2\/categories?post=110744"},{"taxonomy":"post_tag","embeddable":true,"href":"https:\/\/senoticias.com.br\/se\/wp-json\/wp\/v2\/tags?post=110744"}],"curies":[{"name":"wp","href":"https:\/\/api.w.org\/{rel}","templated":true}]}}