{"id":110740,"date":"2018-02-12T06:44:26","date_gmt":"2018-02-12T09:44:26","guid":{"rendered":"http:\/\/senoticias.com.br\/se\/?p=110740"},"modified":"2018-02-14T08:53:07","modified_gmt":"2018-02-14T11:53:07","slug":"sao-cristovao-programacao-do-carnavaval-dos-carnavais-segue-ate-amanha","status":"publish","type":"post","link":"https:\/\/senoticias.com.br\/se\/sao-cristovao-programacao-do-carnavaval-dos-carnavais-segue-ate-amanha\/","title":{"rendered":"S\u00e3o Crist\u00f3v\u00e3o: programa\u00e7\u00e3o do &#8216;Carnaval dos Carnavais&#8217; segue at\u00e9 amanh\u00e3"},"content":{"rendered":"<p style=\"text-align: justify;\">Com o apoio da Prefeitura Municipal de S\u00e3o Crist\u00f3v\u00e3o, por meio da Funda\u00e7\u00e3o de Cultura e Turismo Jo\u00e3o Bebe-\u00c1gua, o carnaval dos carnavais chega a sua 10\u00aa edi\u00e7\u00e3o na cidade e segue at\u00e9 esta ter\u00e7a-feira (13.\u00a0A programa\u00e7\u00e3o em S\u00e3o Crist\u00f3v\u00e3o \u00e9 extensa e conta com desfile de blocos e muito frevo.<\/p>\n<p style=\"text-align: justify;\">\u201cO Carnaval dos Carnavais\u201d como \u00e9 chamada a festa da cidade, ressurgiu na administra\u00e7\u00e3o do ex-prefeito Zezinho da Everest em 2005. A programa\u00e7\u00e3o conta com blocos organizados por moradores da cidade, muito frevo, muitos turistas, e o principal, a alegria do povo sancristovense.<\/p>\n<p>&nbsp;<\/p>\n<div id=\"attachment_110742\" style=\"width: 609px\" class=\"wp-caption aligncenter\"><a href=\"http:\/\/senoticias.com.br\/se\/wp-content\/uploads\/2018\/02\/20180211_140538.jpg\"><img loading=\"lazy\" decoding=\"async\" aria-describedby=\"caption-attachment-110742\" class=\"size-full wp-image-110742\" src=\"http:\/\/senoticias.com.br\/se\/wp-content\/uploads\/2018\/02\/20180211_140538-e1518430286812.jpg\" alt=\"Milhares de pessoas brincam no Carnaval dos Carnavais de S\u00e3o Crist\u00f3v\u00e3o (foto: Or\u00e1cio Oliveira\/\/PMSC)\" width=\"599\" height=\"449\" \/><\/a><p id=\"caption-attachment-110742\" class=\"wp-caption-text\">Milhares de pessoas brincam no Carnaval dos Carnavais de S\u00e3o Crist\u00f3v\u00e3o (foto: Or\u00e1cio Oliveira\/PMSC)<\/p><\/div>\n<p style=\"text-align: justify;\">Os blocos sair\u00e3o da pra\u00e7a da Bandeira passando seguindo pela Rua do Ros\u00e1rio, at\u00e9 a pra\u00e7a Matriz, retornando \u00e0 pra\u00e7a S\u00e3o Francisco. Num verdadeiro tour hist\u00f3rico pela cidade. Vale lembrar que n\u00e3o ter\u00e1 trio el\u00e9trico, aqui o carnaval \u00e9 de rua com o povo circulando e fazendo o au\u00ea.<\/p>\n<div id=\"attachment_110743\" style=\"width: 609px\" class=\"wp-caption aligncenter\"><a href=\"http:\/\/senoticias.com.br\/se\/wp-content\/uploads\/2018\/02\/20180211_183913.jpg\"><img loading=\"lazy\" decoding=\"async\" aria-describedby=\"caption-attachment-110743\" class=\"size-full wp-image-110743\" src=\"http:\/\/senoticias.com.br\/se\/wp-content\/uploads\/2018\/02\/20180211_183913-e1518430701500.jpg\" alt=\"O \u201ccarnaval dos carnavais\u201d 2018 tem os tradicionais blocos e quase a totalidade das atra\u00e7\u00f5es do carnaval s\u00e3o artistas da terra.\" width=\"599\" height=\"449\" \/><\/a><p id=\"caption-attachment-110743\" class=\"wp-caption-text\">O \u201ccarnaval dos carnavais\u201d 2018 tem os tradicionais blocos e quase a totalidade das atra\u00e7\u00f5es do carnaval s\u00e3o artistas da terra (foto: Or\u00e1cio Oliveira\/PMSC)<\/p><\/div>\n<p><strong>A programa\u00e7\u00e3o desta segunda-feira (12) come\u00e7a \u00e0s 13h.<\/strong><\/p>\n<p>SEGUNDA-FEIRA (12\/02)<\/p>\n<p><strong>BICA DOS PINTOS.<\/strong><\/p>\n<p>13h \u2013 GRUPO CIDADE HIST\u00d3RICA.<br \/>\n15h \u2013 ADALVENON E ANDREZA.<\/p>\n<p><strong>CENTRO HIST\u00d3RICO.<\/strong><\/p>\n<p><strong>16h \u2013 BLOCO FILHOS DE DEUS.<\/strong><br \/>\n16h30 \u2013 BLOCO Z\u00c9 DA FOLIA.<br \/>\n17h \u2013 BLOCO NEGROS DO IL\u00ca AX\u00c9.<br \/>\n17h30 \u2013 BLOCO LASKETAS.<\/p>\n<p>TER\u00c7A (13\/03)<\/p>\n<p><strong>POVOADO COL\u00d4NIA MIRANDA.<\/strong><\/p>\n<p>03h \u2013 SACO DA MADRUGADA.<br \/>\n12h \u2013 BLOCO JUNTO E MISTURADO.<\/p>\n<p><strong>POVOADO RITA CACETE.<\/strong><\/p>\n<p>15h \u2013 CARNACAT\u00d3LICO DO RITA CACETE (concentra\u00e7\u00e3o no Rio Comprido).<\/p>\n<p><strong>BICA DOS PINTOS.<\/strong><\/p>\n<p>13h \u2013 GRUPO CIDADE HIST\u00d3RICA.<br \/>\n14h \u2013 BLOCO VOU LHE PEGAR.<br \/>\n15h- ADALVENON E ANDREZA.<\/p>\n<p><strong>BAIRRO APICUM MEREM<\/strong><\/p>\n<p>14h30 \u2013 BLOCO AS PIRANHAS.<\/p>\n<p><strong>CENTRO HIST\u00d3RICO.<\/strong><\/p>\n<p>15h30 \u2013 BLOCO DA PREVEN\u00c7\u00c3O.<br \/>\n16h \u2013 BLOCO MOLEKADA.<br \/>\n16h30 \u2013 BLOCO UNI\u00c3O.<br \/>\n17h \u2013 BLOCO NEGROS DO IL\u00ca AX\u00c9.<br \/>\n17h30 \u2013 BLOCO A PORTA.<br \/>\n18h \u2013 BLOCO PIRILAMPUS.<br \/>\n19h \u2013 CORTEJO COM BANDAS DE FREVO.<\/p>\n<p><strong>EDUARDO GOMES<\/strong><\/p>\n<p>10h \u2013 BLOCO FLA PAIX\u00c3O (concentra\u00e7\u00e3o na Pra\u00e7a da entrada do Eduardo Gomes).<br \/>\n10h \u2013 BLOCO T\u00d4 NEM A\u00cd (concentra\u00e7\u00e3o na Pra\u00e7a da entrada do Eduardo Gomes).<br \/>\n11h \u2013 BLOCO PINGA-PINGA (concentra\u00e7\u00e3o na Pra\u00e7a da entrada do Eduardo Gomes).<br \/>\n12h \u2013 BLOCO DA VALQU\u00cdRIA (concentra\u00e7\u00e3o na Pra\u00e7a da entrada do Conjunto\u00a0 Eduardo Gomes).<\/p>\n<p>&nbsp;<\/p>\n<p><a href=\"http:\/\/senoticias.com.br\/se\/wp-content\/uploads\/2018\/01\/Logomarca-fone-SE-4-2.jpg\"><img loading=\"lazy\" decoding=\"async\" class=\"aligncenter size-full wp-image-110322\" src=\"http:\/\/senoticias.com.br\/se\/wp-content\/uploads\/2018\/01\/Logomarca-fone-SE-4-2.jpg\" alt=\"Logomarca-fone-SE-4\" width=\"599\" height=\"78\" srcset=\"https:\/\/senoticias.com.br\/se\/wp-content\/uploads\/2018\/01\/Logomarca-fone-SE-4-2.jpg 599w, https:\/\/senoticias.com.br\/se\/wp-content\/uploads\/2018\/01\/Logomarca-fone-SE-4-2-300x39.jpg 300w\" sizes=\"(max-width: 599px) 100vw, 599px\" \/><\/a><\/p>\n<p>&nbsp;<\/p>\n<p><em><strong>Acompanhe tamb\u00e9m o SE Not\u00edcias no<\/strong><span class=\"apple-converted-space\"><b>\u00a0<\/b><\/span><a href=\"https:\/\/twitter.com\/Senoticias\" target=\"_blank\"><b>Twitter<\/b><\/a><strong>,<\/strong><span class=\"apple-converted-space\"><b>\u00a0<\/b><\/span><a href=\"https:\/\/www.facebook.com\/senoticias1\" target=\"_blank\"><b>Facebook<\/b><span class=\"apple-converted-space\"><b>\u00a0<\/b><\/span><\/a><strong>e no<\/strong><span class=\"apple-converted-space\"><b>\u00a0<\/b><\/span><a href=\"https:\/\/www.instagram.com\/senoticias\/\" target=\"_blank\"><b>Instagram<\/b><\/a><\/em><\/p>\n<p>&nbsp;<\/p>\n<p><em>Reda\u00e7\u00e3o SE Not\u00edcias, com informa\u00e7\u00f5es da PMSC<\/em><\/p>\n","protected":false},"excerpt":{"rendered":"<p>Com o apoio da Prefeitura Municipal de S\u00e3o Crist\u00f3v\u00e3o, por meio da Funda\u00e7\u00e3o de Cultura e Turismo Jo\u00e3o Bebe-\u00c1gua, o carnaval dos carnavais chega a sua 10\u00aa edi\u00e7\u00e3o na cidade e segue at\u00e9 esta ter\u00e7a-feira (13.\u00a0A programa\u00e7\u00e3o em S\u00e3o Crist\u00f3v\u00e3o \u00e9 extensa e conta com desfile de blocos e muito frevo. \u201cO Carnaval dos Carnavais\u201d [&hellip;]<\/p>\n","protected":false},"author":2,"featured_media":110742,"comment_status":"closed","ping_status":"closed","sticky":false,"template":"","format":"standard","meta":{"footnotes":""},"categories":[21,1],"tags":[8676,335],"class_list":{"0":"post-110740","1":"post","2":"type-post","3":"status-publish","4":"format-standard","5":"has-post-thumbnail","7":"category-entretenimento","8":"category-sem-categoria","9":"tag-carnavaval-dos-carnavais","10":"tag-sao-cristovao"},"_links":{"self":[{"href":"https:\/\/senoticias.com.br\/se\/wp-json\/wp\/v2\/posts\/110740"}],"collection":[{"href":"https:\/\/senoticias.com.br\/se\/wp-json\/wp\/v2\/posts"}],"about":[{"href":"https:\/\/senoticias.com.br\/se\/wp-json\/wp\/v2\/types\/post"}],"author":[{"embeddable":true,"href":"https:\/\/senoticias.com.br\/se\/wp-json\/wp\/v2\/users\/2"}],"replies":[{"embeddable":true,"href":"https:\/\/senoticias.com.br\/se\/wp-json\/wp\/v2\/comments?post=110740"}],"version-history":[{"count":0,"href":"https:\/\/senoticias.com.br\/se\/wp-json\/wp\/v2\/posts\/110740\/revisions"}],"wp:featuredmedia":[{"embeddable":true,"href":"https:\/\/senoticias.com.br\/se\/wp-json\/wp\/v2\/media\/110742"}],"wp:attachment":[{"href":"https:\/\/senoticias.com.br\/se\/wp-json\/wp\/v2\/media?parent=110740"}],"wp:term":[{"taxonomy":"category","embeddable":true,"href":"https:\/\/senoticias.com.br\/se\/wp-json\/wp\/v2\/categories?post=110740"},{"taxonomy":"post_tag","embeddable":true,"href":"https:\/\/senoticias.com.br\/se\/wp-json\/wp\/v2\/tags?post=110740"}],"curies":[{"name":"wp","href":"https:\/\/api.w.org\/{rel}","templated":true}]}}