{"id":110738,"date":"2018-02-11T11:32:50","date_gmt":"2018-02-11T14:32:50","guid":{"rendered":"http:\/\/senoticias.com.br\/se\/?p=110738"},"modified":"2018-02-11T11:32:50","modified_gmt":"2018-02-11T14:32:50","slug":"iml-registra-dez-mortes-neste-sabado-de-carnaval","status":"publish","type":"post","link":"https:\/\/senoticias.com.br\/se\/iml-registra-dez-mortes-neste-sabado-de-carnaval\/","title":{"rendered":"IML registra dez mortes neste s\u00e1bado de carnaval"},"content":{"rendered":"<p style=\"text-align: justify;\">O Instituto M\u00e9dico Legal (IML) registrou dez mortes neste s\u00e1bado de carnaval, 10, em Sergipe. Ao todo, foram seis mortes por arma de fogo, uma por arma branca, um acidente de tr\u00e2nsito e outra por afogamento. Uma das mortes ainda est\u00e1 \u2018a esclarecer\u2019 pelo instituto.<\/p>\n<p style=\"text-align: justify;\">Quatro destas mortes foram registradas em Aracaju. Maria Adriely Santos, 26, foi assassinada dentro da pr\u00f3pria resid\u00eancia no Bairro Am\u00e9rica. Isaak Melo dos Santos, 20, assim como Adriely, tamb\u00e9m v\u00edtima de arma de fogo. O caso ocorreu no bairro Santos Dumont.<\/p>\n<div id=\"attachment_102060\" style=\"width: 609px\" class=\"wp-caption aligncenter\"><a href=\"http:\/\/senoticias.com.br\/se\/wp-content\/uploads\/2017\/04\/IML-senoticias-e1491064304753.jpg\"><img loading=\"lazy\" decoding=\"async\" aria-describedby=\"caption-attachment-102060\" class=\"size-full wp-image-102060\" src=\"http:\/\/senoticias.com.br\/se\/wp-content\/uploads\/2017\/04\/IML-senoticias-e1491064304753.jpg\" alt=\"(Foto: Arquivo\/SSP\/SE)\" width=\"599\" height=\"396\" \/><\/a><p id=\"caption-attachment-102060\" class=\"wp-caption-text\">(Foto: Arquivo\/SSP\/SE)<\/p><\/div>\n<p style=\"text-align: justify;\">A morte de Felipe Barreto dos Santos, 23, foi registrada como \u2018morte violenta por arma branca\u2019. O caso aconteceu no bairro Capucho, em frente a um restaurante. J\u00e1 Jos\u00e9 Nilton de Sousa, 35, estava internado em um hospital da capital e a causa da morte ainda est\u00e1 \u2018a esclarecer\u2019.<\/p>\n<p style=\"text-align: justify;\"><strong>Interior<\/strong><\/p>\n<p style=\"text-align: justify;\">Outras seis \u00f3bitos foram registrados no interior do estado. Douglas Alves Moura, 21, v\u00edtima de acidente de tr\u00e2nsito em Muribeca; Amauri Jos\u00e9 da Silva, 36, por afogamento em Itaporanga d\u2019Ajuda. J\u00e1 Alex Barbosa Alves Santos, 21, Luan Marques Santana Gois, 23, Cesar Santos Teixeira, 39, e Jo\u00e3o Melo dos Santos, 37, foram v\u00edtimas de arma de fogo, em Cristin\u00e1polis, Ribeir\u00f3polis, Lagarto e S\u00e3o Crist\u00f3v\u00e3o, respectivamente.<\/p>\n<p style=\"text-align: justify;\"><em>Por Yago de Andrade\/Infonet Noticias<\/em><\/p>\n<p style=\"text-align: justify;\"><strong><em>Com informa\u00e7\u00f5es do boletim do IML.<\/em><\/strong><\/p>\n<p style=\"text-align: justify;\"><strong>Acompanhe tamb\u00e9m o SE Not\u00edcias no<\/strong><strong>\u00a0<\/strong><a href=\"https:\/\/twitter.com\/Senoticias\"><strong>Twitter<\/strong><\/a><strong>,<\/strong><strong>\u00a0<\/strong><a href=\"https:\/\/www.facebook.com\/senoticias1\"><strong>Facebook<\/strong><strong>\u00a0<\/strong><\/a><strong>e no<\/strong><strong>\u00a0<\/strong><a href=\"https:\/\/www.instagram.com\/senoticias\/\"><strong>Instagram<\/strong><\/a><strong>.<\/strong><\/p>\n<p style=\"text-align: justify;\"><a href=\"http:\/\/senoticias.com.br\/se\/wp-content\/uploads\/2018\/01\/Logomarca-fone-SE-4-2.jpg\"><img loading=\"lazy\" decoding=\"async\" class=\"aligncenter size-full wp-image-110322\" src=\"http:\/\/senoticias.com.br\/se\/wp-content\/uploads\/2018\/01\/Logomarca-fone-SE-4-2.jpg\" alt=\"Logomarca-fone-SE-4\" width=\"599\" height=\"78\" srcset=\"https:\/\/senoticias.com.br\/se\/wp-content\/uploads\/2018\/01\/Logomarca-fone-SE-4-2.jpg 599w, https:\/\/senoticias.com.br\/se\/wp-content\/uploads\/2018\/01\/Logomarca-fone-SE-4-2-300x39.jpg 300w\" sizes=\"(max-width: 599px) 100vw, 599px\" \/><\/a><\/p>\n","protected":false},"excerpt":{"rendered":"<p>O Instituto M\u00e9dico Legal (IML) registrou dez mortes neste s\u00e1bado de carnaval, 10, em Sergipe. Ao todo, foram seis mortes por arma de fogo, uma por arma branca, um acidente de tr\u00e2nsito e outra por afogamento. Uma das mortes ainda est\u00e1 \u2018a esclarecer\u2019 pelo instituto. Quatro destas mortes foram registradas em Aracaju. Maria Adriely Santos, [&hellip;]<\/p>\n","protected":false},"author":2,"featured_media":102060,"comment_status":"closed","ping_status":"closed","sticky":false,"template":"","format":"standard","meta":{"footnotes":""},"categories":[7],"tags":[8675],"class_list":{"0":"post-110738","1":"post","2":"type-post","3":"status-publish","4":"format-standard","5":"has-post-thumbnail","7":"category-policia","8":"tag-iml-registra-dez-mortes-neste-sabado-de-carnaval"},"_links":{"self":[{"href":"https:\/\/senoticias.com.br\/se\/wp-json\/wp\/v2\/posts\/110738"}],"collection":[{"href":"https:\/\/senoticias.com.br\/se\/wp-json\/wp\/v2\/posts"}],"about":[{"href":"https:\/\/senoticias.com.br\/se\/wp-json\/wp\/v2\/types\/post"}],"author":[{"embeddable":true,"href":"https:\/\/senoticias.com.br\/se\/wp-json\/wp\/v2\/users\/2"}],"replies":[{"embeddable":true,"href":"https:\/\/senoticias.com.br\/se\/wp-json\/wp\/v2\/comments?post=110738"}],"version-history":[{"count":0,"href":"https:\/\/senoticias.com.br\/se\/wp-json\/wp\/v2\/posts\/110738\/revisions"}],"wp:featuredmedia":[{"embeddable":true,"href":"https:\/\/senoticias.com.br\/se\/wp-json\/wp\/v2\/media\/102060"}],"wp:attachment":[{"href":"https:\/\/senoticias.com.br\/se\/wp-json\/wp\/v2\/media?parent=110738"}],"wp:term":[{"taxonomy":"category","embeddable":true,"href":"https:\/\/senoticias.com.br\/se\/wp-json\/wp\/v2\/categories?post=110738"},{"taxonomy":"post_tag","embeddable":true,"href":"https:\/\/senoticias.com.br\/se\/wp-json\/wp\/v2\/tags?post=110738"}],"curies":[{"name":"wp","href":"https:\/\/api.w.org\/{rel}","templated":true}]}}