{"id":110734,"date":"2018-02-11T11:19:38","date_gmt":"2018-02-11T14:19:38","guid":{"rendered":"http:\/\/senoticias.com.br\/se\/?p=110734"},"modified":"2018-02-11T11:19:38","modified_gmt":"2018-02-11T14:19:38","slug":"marquinhos-analisa-psg-x-real-grande-oportunidade-ou-acaba-a-temporada","status":"publish","type":"post","link":"https:\/\/senoticias.com.br\/se\/marquinhos-analisa-psg-x-real-grande-oportunidade-ou-acaba-a-temporada\/","title":{"rendered":"Marquinhos analisa PSG x Real: &#8220;Grande oportunidade ou acaba a temporada&#8221;"},"content":{"rendered":"<p style=\"text-align: justify;\">Se vencer, a classifica\u00e7\u00e3o para as quartas de final da Liga dos Campe\u00f5es ficar\u00e1 bem pr\u00f3xima. Se perder, a elimina\u00e7\u00e3o ainda nas oitavas passaria a assombrar o time para o jogo de volta. O zagueiro Marquinhos, do Paris Saint-Germain, sabe disso. Ap\u00f3s a vit\u00f3ria por 1 a 0 sobre o Toulouse no Campeonato Franc\u00eas, o brasileiro analisou o duelo com o Real Madrid, na pr\u00f3xima quarta no Santiago Bernab\u00e9u, e afirmou que o futuro da equipe treinada por Unai Emery na temporada passa por um bom resultado contra o gigante espanhol.<\/p>\n<div id=\"attachment_110737\" style=\"width: 606px\" class=\"wp-caption aligncenter\"><a href=\"http:\/\/senoticias.com.br\/se\/wp-content\/uploads\/2018\/02\/000_sp2uu.jpg-SE-Noticias-Marquinhos-PSG-x-REAL-e1518358732814.jpg\"><img loading=\"lazy\" decoding=\"async\" aria-describedby=\"caption-attachment-110737\" class=\"size-full wp-image-110737\" src=\"http:\/\/senoticias.com.br\/se\/wp-content\/uploads\/2018\/02\/000_sp2uu.jpg-SE-Noticias-Marquinhos-PSG-x-REAL-e1518358732814.jpg\" alt=\"Marquinhos \u00e9 um dos seis jogadores da sele\u00e7\u00e3o brasileira em campo no PSG x Real (Foto: AFP)\" width=\"596\" height=\"430\" \/><\/a><p id=\"caption-attachment-110737\" class=\"wp-caption-text\">Marquinhos \u00e9 um dos seis jogadores da sele\u00e7\u00e3o brasileira em campo no PSG x Real (Foto: AFP)<\/p><\/div>\n<p style=\"text-align: justify;\">&#8211; S\u00e3o jogos decisivos, que podem dar uma grande oportunidade ou podem acabar a temporada. A gente tem grandes objetivos na Champions, sabemos a import\u00e2ncia que tem esse jogo. Temos que pegar essa partida, se preparar bem e montar muito bem a estrat\u00e9gia para que a gente possa fazer um excelente resultado. Sabemos a dificuldade que \u00e9 jogar fora de casa, o outro time com o apoio da torcida e que conhece bem o campo. Vai ser um jogo muito dif\u00edcil, mas vamos nos preparar bem para fazer um resultado l\u00e1 &#8211; disse o zagueiro.<\/p>\n<p style=\"text-align: justify;\">Al\u00e9m de Marquinhos, o confronto no Bernab\u00e9u ter\u00e1 a participa\u00e7\u00e3o de outros cinco jogadores da sele\u00e7\u00e3o brasileira: Thiago Silva, Daniel Alves e Neymar, pelo PSG, e Marcelo e Casemiro, do Real. Segundo o zagueiro, a rivalidade n\u00e3o mexe com a amizade entre os convoc\u00e1veis de Tite.<\/p>\n<p style=\"text-align: justify;\">&#8211; Alguns jogadores gostam de falar mais, outros s\u00e3o mais descontra\u00eddos, outros mais concentrados&#8230; Todos querem fazer o melhor para sua equipe, mas quando o jogo acaba fica a amizade, somos grandes amigos. Mas a partir do momento que entramos em campo, a gente quer ganhar. \u00c0s vezes rola de brincar, conversar, tirar uma onda, faz parte do jogo.<\/p>\n<p style=\"text-align: justify;\">O primeiro confronto entre PSG e Real pelas oitavas de final da Champions ser\u00e1 \u00e0s 17h45 (de Bras\u00edlia), na quarta-feira, com transmiss\u00e3o ao vivo da TV Globo e do GloboEsporte.com.<\/p>\n<p style=\"text-align: justify;\"><strong><em>Por Colin Vieira, Paris\/ Globo Esporte .com<\/em><\/strong><\/p>\n<p style=\"text-align: justify;\"><strong>Acompanhe tamb\u00e9m o SE Not\u00edcias no<\/strong><strong>\u00a0<\/strong><a href=\"https:\/\/twitter.com\/Senoticias\"><strong>Twitter<\/strong><\/a><strong>,<\/strong><strong>\u00a0<\/strong><a href=\"https:\/\/www.facebook.com\/senoticias1\"><strong>Facebook<\/strong><strong>\u00a0<\/strong><\/a><strong>e no<\/strong><strong>\u00a0<\/strong><a href=\"https:\/\/www.instagram.com\/senoticias\/\"><strong>Instagram<\/strong><\/a><strong>.<\/strong><\/p>\n<p style=\"text-align: justify;\"><a href=\"http:\/\/senoticias.com.br\/se\/wp-content\/uploads\/2018\/01\/Logomarca-fone-SE-4-2.jpg\"><img loading=\"lazy\" decoding=\"async\" class=\"aligncenter size-full wp-image-110322\" src=\"http:\/\/senoticias.com.br\/se\/wp-content\/uploads\/2018\/01\/Logomarca-fone-SE-4-2.jpg\" alt=\"Logomarca-fone-SE-4\" width=\"599\" height=\"78\" srcset=\"https:\/\/senoticias.com.br\/se\/wp-content\/uploads\/2018\/01\/Logomarca-fone-SE-4-2.jpg 599w, https:\/\/senoticias.com.br\/se\/wp-content\/uploads\/2018\/01\/Logomarca-fone-SE-4-2-300x39.jpg 300w\" sizes=\"(max-width: 599px) 100vw, 599px\" \/><\/a><\/p>\n","protected":false},"excerpt":{"rendered":"<p>Se vencer, a classifica\u00e7\u00e3o para as quartas de final da Liga dos Campe\u00f5es ficar\u00e1 bem pr\u00f3xima. Se perder, a elimina\u00e7\u00e3o ainda nas oitavas passaria a assombrar o time para o jogo de volta. O zagueiro Marquinhos, do Paris Saint-Germain, sabe disso. Ap\u00f3s a vit\u00f3ria por 1 a 0 sobre o Toulouse no Campeonato Franc\u00eas, o [&hellip;]<\/p>\n","protected":false},"author":2,"featured_media":110737,"comment_status":"closed","ping_status":"closed","sticky":false,"template":"","format":"standard","meta":{"footnotes":""},"categories":[26],"tags":[8674],"class_list":{"0":"post-110734","1":"post","2":"type-post","3":"status-publish","4":"format-standard","5":"has-post-thumbnail","7":"category-esportes","8":"tag-marquinhos-analisa-psg-x-real-grande-oportunidade-ou-acaba-a-temporada"},"_links":{"self":[{"href":"https:\/\/senoticias.com.br\/se\/wp-json\/wp\/v2\/posts\/110734"}],"collection":[{"href":"https:\/\/senoticias.com.br\/se\/wp-json\/wp\/v2\/posts"}],"about":[{"href":"https:\/\/senoticias.com.br\/se\/wp-json\/wp\/v2\/types\/post"}],"author":[{"embeddable":true,"href":"https:\/\/senoticias.com.br\/se\/wp-json\/wp\/v2\/users\/2"}],"replies":[{"embeddable":true,"href":"https:\/\/senoticias.com.br\/se\/wp-json\/wp\/v2\/comments?post=110734"}],"version-history":[{"count":0,"href":"https:\/\/senoticias.com.br\/se\/wp-json\/wp\/v2\/posts\/110734\/revisions"}],"wp:featuredmedia":[{"embeddable":true,"href":"https:\/\/senoticias.com.br\/se\/wp-json\/wp\/v2\/media\/110737"}],"wp:attachment":[{"href":"https:\/\/senoticias.com.br\/se\/wp-json\/wp\/v2\/media?parent=110734"}],"wp:term":[{"taxonomy":"category","embeddable":true,"href":"https:\/\/senoticias.com.br\/se\/wp-json\/wp\/v2\/categories?post=110734"},{"taxonomy":"post_tag","embeddable":true,"href":"https:\/\/senoticias.com.br\/se\/wp-json\/wp\/v2\/tags?post=110734"}],"curies":[{"name":"wp","href":"https:\/\/api.w.org\/{rel}","templated":true}]}}