{"id":110732,"date":"2018-02-11T10:16:41","date_gmt":"2018-02-11T13:16:41","guid":{"rendered":"http:\/\/senoticias.com.br\/se\/?p=110732"},"modified":"2018-02-11T11:09:19","modified_gmt":"2018-02-11T14:09:19","slug":"aviao-cai-perto-de-moscou-com-71-a-bordo","status":"publish","type":"post","link":"https:\/\/senoticias.com.br\/se\/aviao-cai-perto-de-moscou-com-71-a-bordo\/","title":{"rendered":"Avi\u00e3o cai perto de Moscou com 71 a bordo"},"content":{"rendered":"<p style=\"text-align: justify;\">\n<p style=\"text-align: justify;\">Um avi\u00e3o de modelo Antonov AN-148 operado pela companhia Saratov Airlines caiu na regi\u00e3o de Moscou neste domingo (11). A aeronave decolou as 14h21 (9h21 em Bras\u00edlia) do aeroporto Domodedovo, na capital russa.<\/p>\n<div id=\"attachment_110736\" style=\"width: 606px\" class=\"wp-caption aligncenter\"><a href=\"http:\/\/senoticias.com.br\/se\/wp-content\/uploads\/2018\/02\/2018-02-11t134556z-2030695983-rc152f106fd0-rtrmadp-3-russia-airplane-crush-e1518358097372.jpg\"><img loading=\"lazy\" decoding=\"async\" aria-describedby=\"caption-attachment-110736\" class=\"size-full wp-image-110736\" src=\"http:\/\/senoticias.com.br\/se\/wp-content\/uploads\/2018\/02\/2018-02-11t134556z-2030695983-rc152f106fd0-rtrmadp-3-russia-airplane-crush-e1518358097372.jpg\" alt=\"Peda\u00e7o do avi\u00e3o da Saratov que caiu perto de Moscou, R\u00fassia (Foto: Reuters) \" width=\"596\" height=\"336\" \/><\/a><p id=\"caption-attachment-110736\" class=\"wp-caption-text\">Peda\u00e7o do avi\u00e3o da Saratov que caiu perto de Moscou, R\u00fassia (Foto: Reuters)<\/p><\/div>\n<p style=\"text-align: justify;\">De acordo com a ag\u00eancia Reuters, 71 pessoas estavam a bordo &#8211; 65 passageiros e seis tripulantes. Segundo fontes citadas pela imprensa russa, n\u00e3o h\u00e1 sobreviventes.<\/p>\n<p style=\"text-align: justify;\">O servi\u00e7o de tr\u00e1fego a\u00e9reo em tempo real FlightRadar24 reporta que o voo 6W703 havia acabado de decolar do aeroporto Domodedovo, em Moscou, com destino a Orsk, a cerca de 1700 km de Moscou e perto da fronteira com o Cazaquist\u00e3o, quando perdeu contato.<\/p>\n<p style=\"text-align: justify;\">O Minist\u00e9rio dos Transportes da R\u00fassia considera v\u00e1rias possibilidades como causa do acidente, incluindo condi\u00e7\u00f5es clim\u00e1ticas por conta de um inverno rigoroso e erro do piloto, diz a ag\u00eancia russa Interfax. O presidente russo, Vladimir Putin, ordenou a cria\u00e7\u00e3o de uma comiss\u00e3o para investigar o acidente, segundo a ag\u00eancia Tass.<\/p>\n<div id=\"attachment_110733\" style=\"width: 606px\" class=\"wp-caption aligncenter\"><a href=\"http:\/\/senoticias.com.br\/se\/wp-content\/uploads\/2018\/02\/queda-aviao-saratov.-SE-Noticias-e1518354963900.png\"><img loading=\"lazy\" decoding=\"async\" aria-describedby=\"caption-attachment-110733\" class=\"size-full wp-image-110733\" src=\"http:\/\/senoticias.com.br\/se\/wp-content\/uploads\/2018\/02\/queda-aviao-saratov.-SE-Noticias-e1518354963900.png\" alt=\"(Foto: Arte\/G1)\" width=\"596\" height=\"496\" \/><\/a><p id=\"caption-attachment-110733\" class=\"wp-caption-text\">(Foto: Arte\/G1)<\/p><\/div>\n<p style=\"text-align: justify;\"><strong>Aeronave<\/strong><\/p>\n<p style=\"text-align: justify;\">O Antonov An-148 \u00e9 uma aeronave de origem ucraniana com capacidade para at\u00e9 85 passageiros. O modelo \u00e9 usado na avia\u00e7\u00e3o regional, em dist\u00e2ncias m\u00e9dias. Sua autonomia \u00e9 de at\u00e9 4,4 mil km.<\/p>\n<p style=\"text-align: justify;\">O modelo \u00e9 menor do que as aeronaves mais usadas na avia\u00e7\u00e3o brasileira. Boeing 737 e Airbus A320, por exemplo, populares na ponte a\u00e9rea Rio-S\u00e3o Paulo, t\u00eam capacidade para cerca de 150 passageiros. Um equivalente ao An-148 \u00e9 o jato regional brasileiro Embraer E175, que leva at\u00e9 78 pessoas.<\/p>\n<p style=\"text-align: justify;\">A Saratov Airlines tem sede em Saratov, a 840 km ao sudeste de Moscou. Em 2015, a companhia foi proibida de operar voos internacionais quando, durante uma inspe\u00e7\u00e3o surpresa, agentes de seguran\u00e7a encontraram uma pessoa &#8211; que n\u00e3o era membro da tripula\u00e7\u00e3o &#8211; na cabine de comando.<\/p>\n<p style=\"text-align: justify;\">\n<p style=\"text-align: justify;\"><strong>Do G1.<\/strong><\/p>\n<p style=\"text-align: justify;\"><strong>Acompanhe tamb\u00e9m o SE Not\u00edcias no<\/strong><strong>\u00a0<\/strong><a href=\"https:\/\/twitter.com\/Senoticias\"><strong>Twitter<\/strong><\/a><strong>,<\/strong><strong>\u00a0<\/strong><a href=\"https:\/\/www.facebook.com\/senoticias1\"><strong>Facebook<\/strong><strong>\u00a0<\/strong><\/a><strong>e no<\/strong><strong>\u00a0<\/strong><a href=\"https:\/\/www.instagram.com\/senoticias\/\"><strong>Instagram<\/strong><\/a><strong>.<\/strong><\/p>\n<p style=\"text-align: justify;\"><a href=\"http:\/\/senoticias.com.br\/se\/wp-content\/uploads\/2018\/01\/Logomarca-fone-SE-4-2.jpg\"><img loading=\"lazy\" decoding=\"async\" class=\"aligncenter size-full wp-image-110322\" src=\"http:\/\/senoticias.com.br\/se\/wp-content\/uploads\/2018\/01\/Logomarca-fone-SE-4-2.jpg\" alt=\"Logomarca-fone-SE-4\" width=\"599\" height=\"78\" srcset=\"https:\/\/senoticias.com.br\/se\/wp-content\/uploads\/2018\/01\/Logomarca-fone-SE-4-2.jpg 599w, https:\/\/senoticias.com.br\/se\/wp-content\/uploads\/2018\/01\/Logomarca-fone-SE-4-2-300x39.jpg 300w\" sizes=\"(max-width: 599px) 100vw, 599px\" \/><\/a><\/p>\n","protected":false},"excerpt":{"rendered":"<p>Um avi\u00e3o de modelo Antonov AN-148 operado pela companhia Saratov Airlines caiu na regi\u00e3o de Moscou neste domingo (11). A aeronave decolou as 14h21 (9h21 em Bras\u00edlia) do aeroporto Domodedovo, na capital russa. De acordo com a ag\u00eancia Reuters, 71 pessoas estavam a bordo &#8211; 65 passageiros e seis tripulantes. Segundo fontes citadas pela imprensa [&hellip;]<\/p>\n","protected":false},"author":2,"featured_media":110736,"comment_status":"closed","ping_status":"closed","sticky":false,"template":"","format":"standard","meta":{"footnotes":""},"categories":[2961],"tags":[8673],"class_list":{"0":"post-110732","1":"post","2":"type-post","3":"status-publish","4":"format-standard","5":"has-post-thumbnail","7":"category-nacional","8":"tag-aviao-cai-perto-de-moscou-com-71-a-bordo"},"_links":{"self":[{"href":"https:\/\/senoticias.com.br\/se\/wp-json\/wp\/v2\/posts\/110732"}],"collection":[{"href":"https:\/\/senoticias.com.br\/se\/wp-json\/wp\/v2\/posts"}],"about":[{"href":"https:\/\/senoticias.com.br\/se\/wp-json\/wp\/v2\/types\/post"}],"author":[{"embeddable":true,"href":"https:\/\/senoticias.com.br\/se\/wp-json\/wp\/v2\/users\/2"}],"replies":[{"embeddable":true,"href":"https:\/\/senoticias.com.br\/se\/wp-json\/wp\/v2\/comments?post=110732"}],"version-history":[{"count":0,"href":"https:\/\/senoticias.com.br\/se\/wp-json\/wp\/v2\/posts\/110732\/revisions"}],"wp:featuredmedia":[{"embeddable":true,"href":"https:\/\/senoticias.com.br\/se\/wp-json\/wp\/v2\/media\/110736"}],"wp:attachment":[{"href":"https:\/\/senoticias.com.br\/se\/wp-json\/wp\/v2\/media?parent=110732"}],"wp:term":[{"taxonomy":"category","embeddable":true,"href":"https:\/\/senoticias.com.br\/se\/wp-json\/wp\/v2\/categories?post=110732"},{"taxonomy":"post_tag","embeddable":true,"href":"https:\/\/senoticias.com.br\/se\/wp-json\/wp\/v2\/tags?post=110732"}],"curies":[{"name":"wp","href":"https:\/\/api.w.org\/{rel}","templated":true}]}}